{"id":148533,"date":"2026-09-02T16:00:25","date_gmt":"2026-09-02T19:00:25","guid":{"rendered":"https:\/\/noticiasbahia360.com.br\/?p=148533"},"modified":"2026-09-02T16:00:25","modified_gmt":"2026-09-02T19:00:25","slug":"anvisa-determina-interdicao-cautelar-de-agua-mineral-apos-deteccao-de-coliformes-em-produto","status":"publish","type":"post","link":"https:\/\/noticiasbahia360.com.br\/?p=148533","title":{"rendered":"Anvisa determina interdi\u00e7\u00e3o cautelar de \u00e1gua mineral ap\u00f3s detec\u00e7\u00e3o de coliformes em produto"},"content":{"rendered":"<div>\n<div>\n<figure><img decoding=\"async\" src=\"http:\/\/noticiasbahia360.com.br\/wp-content\/uploads\/2026\/09\/agua_mineral_vitoriosa02.jpg\" alt=\"\u00c1gua_mineral_vitoriosa\"><figcaption>Foto: \u00c1gua Vitoriosa\/Divulga\u00e7\u00e3o<\/figcaption><\/figure>\n<\/div>\n<p class=\"wp-block-paragraph\">A Ag\u00eancia Nacional de Vigil\u00e2ncia Sanit\u00e1ria (<a href=\"https:\/\/www.acordacidade.com.br\/tag\/anvisa\/\" data-type=\"post_tag\" data-id=\"38585\">Anvisa<\/a>) determinou, nesta quarta-feira (2), a interdi\u00e7\u00e3o cautelar da \u00c1gua Mineral sem G\u00e1s da marca Vitoriosa, fabricado pela GEPF Agroind\u00fastria Ltda. Com a medida, est\u00e3o proibidos a venda e o consumo do produto. A Resolu\u00e7\u00e3o 3.441\/2026 foi publicada no Di\u00e1rio Oficial da Uni\u00e3o (DOU).<\/p>\n<p class=\"wp-block-paragraph\">De acordo com a ag\u00eancia, um laudo emitido pelo Laborat\u00f3rio Central de Sa\u00fade P\u00fablica Noel Nutels (CRF\/RJ) apontou a presen\u00e7a de coliformes totais em 250 ml do produto. Diante disso, o resultado do ensaio microbiol\u00f3gico foi considerado insatisfat\u00f3rio.<\/p>\n<p class=\"wp-block-paragraph\">Conforme o \u00f3rg\u00e3o federal, a interdi\u00e7\u00e3o cautelar ir\u00e1 permanecer at\u00e9 que novos testes sejam realizados e a investiga\u00e7\u00e3o do caso seja conclu\u00edda. O objetivo \u00e9 proteger a sa\u00fade dos consumidores.<\/p>\n<h2 id=\"h-o-que-diz-a-gepf-agro-industria\" class=\"wp-block-heading\">O que diz a GEPF Agro Ind\u00fastria<\/h2>\n<p class=\"wp-block-paragraph\">A GEPF Agro Ind\u00fastria, respons\u00e1vel pela fabrica\u00e7\u00e3o da \u00e1gua mineral, se manifestou sobre as alega\u00e7\u00f5es da Anvisa. De acordo com uma nota enviada ao CNN, a empresa informou que contestou o resultou, por\u00e9m recolheu o lote alvo da an\u00e1lise.<\/p>\n<p class=\"wp-block-paragraph\">A empresa afirmou ainda que solicitou uma contraprova realizada no Lacen-RJ no dia 27 de julho e que neste caso o laudo apresentou resultados satisfat\u00f3rios.<\/p>\n<p class=\"wp-block-paragraph\">A GEPF alega que poss\u00edveis falhas na manipula\u00e7\u00e3o laboratorial podem ter sido respons\u00e1veis pelos resultados negativos, uma vez que os procedimentos foram realizados pr\u00f3ximo a aparelhos de ar-condicionado, o que pode favorecer a contamina\u00e7\u00e3o cruzada.<\/p>\n<p class=\"wp-block-paragraph\">A agroind\u00fastria destacou que o processo fiscal deve ser encerrado ap\u00f3s a an\u00e1lise da amostra-testemunho e a partir da\u00ed o processo fiscal dever\u00e1 ser encerrado.<\/p>\n<p class=\"wp-block-paragraph\"><em>Siga o Acorda Cidade no\u00a0<\/em><a href=\"https:\/\/news.google.com\/search?q=acorda%20cidade&amp;hl=pt-BR&amp;gl=BR&amp;ceid=BR%3Apt-419\"><strong><em>Google Not\u00edcias<\/em><\/strong><\/a><em>\u00a0e receba os principais\u00a0<a href=\"https:\/\/nym2-ib.adnxs.com\/ssclick2?e=wqT_3QKfAfBDnwAAAAMAxBkFAQjw6-DUBhDgwL_KlLbO43gY9erDgLGO2-ZdINfk0QsoywMwtV444wNAy6zCdUi14JkBUABaA1VTRGIBBdBoAXABeLQFgAEAiAEBkAECmAEFoAECqQFpB6sutFGyP7EBEu2Zw7t8sD-5AQAAAOB6FPo_wRUUAMkVKDjYAZUE4AEA8AHCjQT4AQA.\/s=aa4e217c42c193579cb54d44ca7887521ab137e4\/ip=177.8.130.114\/bcr=AAAAAAAA8D8=\/pp=FC018B61A7CDE411\/bn=0\/clickenc=https%3A%2F%2Fwww.bing.com%2Faclick%3Fld%3De8_BM4VswIFuXpu_wQomjsFTVUCUy0KGv9Hxdft36JkTYpcD0Xb5iYUBT5TrJlAo2bIrSrqRG2aFWVSFwd9gXNOj__if2W-A7KvHu-2LSHV-IO3i_wmXI8VC8ySBDijw4j2h2u2sRzMhIW3nQZjGGGTsU5clZjrNBjQdEUMKztwwivavGghD-SDenh2ZL9adHnTg1sCvCJdM9LLKmcUZPmRalt8qs%26u%3DaHR0cCUzYSUyZiUyZmNsaWNrc2VydmUuZGFydHNlYXJjaC5uZXQlMmZsaW5rJTJmY2xpY2slM2YlMjYlMjZkc19lX2FkaWQlM2QlMjZkc19lX21hdGNodHlwZSUzZHNlYXJjaCUyNmRzX2VfZGV2aWNlJTNkYyUyNmRzX2VfbmV0d29yayUzZGElMjYlMjZkc191cmxfdiUzZDIlMjZkc19kZXN0X3VybCUzZGh0dHBzJTNhJTJmJTJmd3d3LnBvbnRvc211bHRpcGx1cy5jb20uYnIlMmZsYXRhbXBhc3MlMmZjYXJ0b2VzLWRlLWNyZWRpdG8lM2Z1dG1fc291cmNlJTNkYmluZyUyNnV0bV9tZWRpdW0lM2RjcGMlMjZ1dG1fY2FtcGFpZ24lM2Rnb29nbGUtYmFuY29zLWFjdW11bG8tc2VhcmNoLXBlcmVuZS1zaXRlLWNvbnZlcnNhb19zaXRlLXRvZG9zLWxhdGFtX3Bhc3MtYnJhZGVzY28tLWNvbnZlcnNhbyUyNnV0bV9jb250ZW50JTNkbGF0YW1fcGFzcy1icmFkZXNjby0tcGFkcmFvLWNhcnRhby1leGF0YSUyNnV0bV90ZXJtJTNkYmFuY29zLWJyYWRlc2NvLS10ZXh0by0lMjZtc2Nsa2lkJTNkZjcwNDY0ODAyYjljMTkwYTQzNmEwZTE4MWU2YzA4Mjk%26rlid%3Df70464802b9c190a436a0e181e6c0829\" target=\"_blank\" rel=\"noreferrer noopener\">destaques<\/a>\u00a0do dia. Participe tamb\u00e9m dos nossos canais no\u00a0<\/em><a href=\"https:\/\/www.whatsapp.com\/channel\/0029Va6Rb4v3WHTNnsh8WI3N\"><strong><em>WhatsApp<\/em><\/strong><\/a><em>\u00a0e\u00a0<\/em><a href=\"https:\/\/www.youtube.com\/@acordacidadenoticias\/videos\"><strong>YouTube<\/strong><\/a><em>\u00a0e do grupo no\u00a0<\/em><a href=\"https:\/\/t.me\/+sSz0khrgARA0ZmRh\"><strong><em>Telegram<\/em><\/strong><\/a><em>.<\/em><a href=\"https:\/\/www.acordacidade.com.br\/colunas\/dilton-e-feito\/\"><\/a><\/p>\n<\/div>\n","protected":false},"excerpt":{"rendered":"<p>Foto: \u00c1gua Vitoriosa\/Divulga\u00e7\u00e3o A Ag\u00eancia Nacional de Vigil\u00e2ncia Sanit\u00e1ria (Anvisa) determinou, nesta quarta-feira (2), a<\/p>\n","protected":false},"author":1,"featured_media":148534,"comment_status":"closed","ping_status":"closed","sticky":false,"template":"","format":"gallery","meta":{"footnotes":""},"categories":[8,9,6,57,56,10],"tags":[],"class_list":["post-148533","post","type-post","status-publish","format-gallery","has-post-thumbnail","hentry","category-bahia","category-brasil","category-feira-de-santana","category-mundo","category-policia","category-politica","post_format-post-format-gallery"],"featured_image_urls":{"full":["https:\/\/noticiasbahia360.com.br\/wp-content\/uploads\/2026\/09\/agua_mineral_vitoriosa02.jpg",1200,718,false],"thumbnail":["https:\/\/noticiasbahia360.com.br\/wp-content\/uploads\/2026\/09\/agua_mineral_vitoriosa02-150x150.jpg",150,150,true],"medium":["https:\/\/noticiasbahia360.com.br\/wp-content\/uploads\/2026\/09\/agua_mineral_vitoriosa02-300x180.jpg",300,180,true],"medium_large":["https:\/\/noticiasbahia360.com.br\/wp-content\/uploads\/2026\/09\/agua_mineral_vitoriosa02-768x460.jpg",640,383,true],"large":["https:\/\/noticiasbahia360.com.br\/wp-content\/uploads\/2026\/09\/agua_mineral_vitoriosa02-1024x613.jpg",640,383,true],"1536x1536":["https:\/\/noticiasbahia360.com.br\/wp-content\/uploads\/2026\/09\/agua_mineral_vitoriosa02.jpg",1200,718,false],"2048x2048":["https:\/\/noticiasbahia360.com.br\/wp-content\/uploads\/2026\/09\/agua_mineral_vitoriosa02.jpg",1200,718,false],"chromenews-featured":["https:\/\/noticiasbahia360.com.br\/wp-content\/uploads\/2026\/09\/agua_mineral_vitoriosa02-1024x613.jpg",1024,613,true],"chromenews-large":["https:\/\/noticiasbahia360.com.br\/wp-content\/uploads\/2026\/09\/agua_mineral_vitoriosa02-825x575.jpg",825,575,true],"chromenews-medium":["https:\/\/noticiasbahia360.com.br\/wp-content\/uploads\/2026\/09\/agua_mineral_vitoriosa02-590x410.jpg",590,410,true]},"author_info":{"display_name":"noticiasbahia360.com.br","author_link":"https:\/\/noticiasbahia360.com.br\/?author=1"},"category_info":"<a href=\"https:\/\/noticiasbahia360.com.br\/?cat=8\" rel=\"category\">Bahia<\/a> <a href=\"https:\/\/noticiasbahia360.com.br\/?cat=9\" rel=\"category\">Brasil<\/a> <a href=\"https:\/\/noticiasbahia360.com.br\/?cat=6\" rel=\"category\">Feira de Santana<\/a> <a href=\"https:\/\/noticiasbahia360.com.br\/?cat=57\" rel=\"category\">Mundo<\/a> <a href=\"https:\/\/noticiasbahia360.com.br\/?cat=56\" rel=\"category\">Pol\u00edcia<\/a> <a href=\"https:\/\/noticiasbahia360.com.br\/?cat=10\" rel=\"category\">Pol\u00edtica<\/a>","tag_info":"Pol\u00edtica","comment_count":"0","_links":{"self":[{"href":"https:\/\/noticiasbahia360.com.br\/index.php?rest_route=\/wp\/v2\/posts\/148533","targetHints":{"allow":["GET"]}}],"collection":[{"href":"https:\/\/noticiasbahia360.com.br\/index.php?rest_route=\/wp\/v2\/posts"}],"about":[{"href":"https:\/\/noticiasbahia360.com.br\/index.php?rest_route=\/wp\/v2\/types\/post"}],"author":[{"embeddable":true,"href":"https:\/\/noticiasbahia360.com.br\/index.php?rest_route=\/wp\/v2\/users\/1"}],"replies":[{"embeddable":true,"href":"https:\/\/noticiasbahia360.com.br\/index.php?rest_route=%2Fwp%2Fv2%2Fcomments&post=148533"}],"version-history":[{"count":0,"href":"https:\/\/noticiasbahia360.com.br\/index.php?rest_route=\/wp\/v2\/posts\/148533\/revisions"}],"wp:featuredmedia":[{"embeddable":true,"href":"https:\/\/noticiasbahia360.com.br\/index.php?rest_route=\/wp\/v2\/media\/148534"}],"wp:attachment":[{"href":"https:\/\/noticiasbahia360.com.br\/index.php?rest_route=%2Fwp%2Fv2%2Fmedia&parent=148533"}],"wp:term":[{"taxonomy":"category","embeddable":true,"href":"https:\/\/noticiasbahia360.com.br\/index.php?rest_route=%2Fwp%2Fv2%2Fcategories&post=148533"},{"taxonomy":"post_tag","embeddable":true,"href":"https:\/\/noticiasbahia360.com.br\/index.php?rest_route=%2Fwp%2Fv2%2Ftags&post=148533"}],"curies":[{"name":"wp","href":"https:\/\/api.w.org\/{rel}","templated":true}]}}