{"id":148535,"date":"2026-09-02T17:03:27","date_gmt":"2026-09-02T20:03:27","guid":{"rendered":"https:\/\/noticiasbahia360.com.br\/?p=148535"},"modified":"2026-09-02T17:03:27","modified_gmt":"2026-09-02T20:03:27","slug":"festival-da-cultura-japonesa-tera-quatro-dias-de-atracoes-no-parque-de-exposicoes-de-salvador","status":"publish","type":"post","link":"https:\/\/noticiasbahia360.com.br\/?p=148535","title":{"rendered":"Festival da Cultura Japonesa ter\u00e1 quatro dias de atra\u00e7\u00f5es no Parque de Exposi\u00e7\u00f5es de Salvador"},"content":{"rendered":"<div>\n<div>\n<figure><img decoding=\"async\" src=\"http:\/\/noticiasbahia360.com.br\/wp-content\/uploads\/2026\/09\/Festival-da-Cultura-Japonesa-de-Salvador-.jpg\" alt=\"Festival da Cultura Japonesa de Salvador\"><figcaption>Foto: Divulga\u00e7\u00e3o<\/figcaption><\/figure>\n<\/div>\n<p class=\"wp-block-paragraph\">A 18\u00aa edi\u00e7\u00e3o do Festival da Cultura Japonesa de Salvador ser\u00e1 realizada de 4 a 7 de setembro, no Parque de Exposi\u00e7\u00f5es de Salvador. Considerado um dos maiores eventos dedicados \u00e0 cultura japonesa no Brasil, o festival chega em 2026 com uma novidade: pela primeira vez, ter\u00e1 quatro dias consecutivos de programa\u00e7\u00e3o, ampliando a experi\u00eancia do p\u00fablico. Com uma programa\u00e7\u00e3o diversificada, o evento reunir\u00e1 atra\u00e7\u00f5es culturais, gastronomia t\u00edpica, apresenta\u00e7\u00f5es art\u00edsticas, oficinas, exposi\u00e7\u00f5es, concursos e atividades para toda a fam\u00edlia, celebrando as tradi\u00e7\u00f5es japonesas em di\u00e1logo com a cultura baiana.<\/p>\n<p class=\"wp-block-paragraph\">A programa\u00e7\u00e3o contar\u00e1 com a participa\u00e7\u00e3o de convidados especiais. Entre eles est\u00e1 Bianca Alencar, atriz, dubladora, influenciadora e apresentadora de cultura pop, conhecida por dar voz a personagens marcantes como Mabel Pines, de\u00a0<em>Gravity Falls<\/em>; Twilight Sparkle, de\u00a0<em>My Little Pony<\/em>; e Pinky Dinky Doo, da s\u00e9rie hom\u00f4nima. Outra atra\u00e7\u00e3o confirmada \u00e9 Henrique Marangon (@henrique.marangon.core), mais conhecido como Core. Criador de conte\u00fado digital, ele conquistou milh\u00f5es de seguidores ao transformar os maiores mist\u00e9rios dos games em verdadeiras investiga\u00e7\u00f5es, reunindo pesquisa, criatividade e entretenimento.<\/p>\n<p class=\"wp-block-paragraph\">O evento vai receber a cantora japonesa Nanase Aikawa, \u00edcone do J-rock dos anos 1990. A artista mant\u00e9m uma forte conex\u00e3o com o Brasil, constru\u00edda ao longo dos anos por meio do Grupo Sansey e do Matsuri Dance, e ser\u00e1 uma das atra\u00e7\u00f5es internacionais da 18\u00aa edi\u00e7\u00e3o do Festival da Cultura Japonesa de Salvador. Todos participar\u00e3o de atividades especiais, promovendo momentos de intera\u00e7\u00e3o com o p\u00fablico.<\/p>\n<p class=\"wp-block-paragraph\">Nesta edi\u00e7\u00e3o, o p\u00fablico pode adquirir ingressos nas modalidades inteira, meia-entrada e ingresso social. Dispon\u00edvel para qualquer pessoa, o ingresso social garante desconto mediante a doa\u00e7\u00e3o de 1 kg de alimento n\u00e3o perec\u00edvel, que dever\u00e1 ser entregue na entrada do evento. Todos os alimentos arrecadados ser\u00e3o destinados ao programa Bahia Sem Fome, por meio da Secretaria da Agricultura, Pecu\u00e1ria, Irriga\u00e7\u00e3o, Pesca e Aquicultura do Estado da Bahia. Os ingressos podem ser adquiridos online e nas lojas da Ticket Maker, localizadas no Shopping da Bahia, Shopping Paralela e Parque Shopping Bahia. Durante os quatro dias do festival, tamb\u00e9m haver\u00e1 bilheteria no Parque de Exposi\u00e7\u00f5es.<\/p>\n<h2 id=\"h-servico\" class=\"wp-block-heading\">Servi\u00e7o<\/h2>\n<p class=\"wp-block-paragraph\"><strong>XVIII Festival da Cultura Japonesa de Salvador<\/strong><\/p>\n<p class=\"wp-block-paragraph\"><strong>Per\u00edodo: <\/strong>4 a 7 de setembro de 2026<\/p>\n<p class=\"wp-block-paragraph\"><strong>Local:<\/strong> Parque de Exposi\u00e7\u00f5es de Salvador<\/p>\n<p class=\"wp-block-paragraph\"><strong>Hor\u00e1rios:<\/strong><\/p>\n<ul class=\"wp-block-list\">\n<li>4 a 6 de setembro (sexta-feira a domingo): 10h \u00e0s 22h<\/li>\n<li>7 de setembro (segunda-feira): 10h \u00e0s 20h<\/li>\n<\/ul>\n<p class=\"wp-block-paragraph\"><strong>Ingressos \u2013 2\u00ba lote (27\/07 a 20\/08):<\/strong><\/p>\n<ul class=\"wp-block-list\">\n<li>Sexta-feira (04\/09): Meia R$ 16 | Social R$ 24 | Inteira R$ 32<\/li>\n<li>S\u00e1bado (05\/09): Meia R$ 20 | Social R$ 30 | Inteira R$ 40<\/li>\n<li>Domingo (06\/09): Meia R$ 20 | Social R$ 30 | Inteira R$ 40<\/li>\n<li>Segunda-feira (07\/09): Meia R$ 20 | Social R$ 30 | Inteira R$ 40<\/li>\n<\/ul>\n<p class=\"wp-block-paragraph\"><strong>Mais informa\u00e7\u00f5es e venda online: no site e nas redes sociais do festival.<\/strong><\/p>\n<p class=\"wp-block-paragraph\"><em>Siga o Acorda Cidade no\u00a0<\/em><a href=\"https:\/\/news.google.com\/search?q=acorda%20cidade&amp;hl=pt-BR&amp;gl=BR&amp;ceid=BR%3Apt-419\"><strong><em>Google Not\u00edcias<\/em><\/strong><\/a><em>\u00a0e receba os principais destaques do dia. Participe tamb\u00e9m dos nossos canais no\u00a0<\/em><a href=\"https:\/\/www.whatsapp.com\/channel\/0029Va6Rb4v3WHTNnsh8WI3N\"><strong><em>WhatsApp<\/em><\/strong><\/a><em>\u00a0e\u00a0<\/em><a href=\"https:\/\/www.youtube.com\/@acordacidadenoticias\/videos\"><strong>YouTube<\/strong><\/a><em>\u00a0e do grupo no\u00a0<\/em><a href=\"https:\/\/t.me\/+sSz0khrgARA0ZmRh\"><strong><em>Telegram<\/em><\/strong><\/a><em>.<\/em><\/p>\n<\/div>\n","protected":false},"excerpt":{"rendered":"<p>Foto: Divulga\u00e7\u00e3o A 18\u00aa edi\u00e7\u00e3o do Festival da Cultura Japonesa de Salvador ser\u00e1 realizada de<\/p>\n","protected":false},"author":1,"featured_media":148536,"comment_status":"closed","ping_status":"closed","sticky":false,"template":"","format":"gallery","meta":{"footnotes":""},"categories":[8,9,6,57,56,10],"tags":[],"class_list":["post-148535","post","type-post","status-publish","format-gallery","has-post-thumbnail","hentry","category-bahia","category-brasil","category-feira-de-santana","category-mundo","category-policia","category-politica","post_format-post-format-gallery"],"featured_image_urls":{"full":["https:\/\/noticiasbahia360.com.br\/wp-content\/uploads\/2026\/09\/Festival-da-Cultura-Japonesa-de-Salvador-.jpg",1200,800,false],"thumbnail":["https:\/\/noticiasbahia360.com.br\/wp-content\/uploads\/2026\/09\/Festival-da-Cultura-Japonesa-de-Salvador--150x150.jpg",150,150,true],"medium":["https:\/\/noticiasbahia360.com.br\/wp-content\/uploads\/2026\/09\/Festival-da-Cultura-Japonesa-de-Salvador--300x200.jpg",300,200,true],"medium_large":["https:\/\/noticiasbahia360.com.br\/wp-content\/uploads\/2026\/09\/Festival-da-Cultura-Japonesa-de-Salvador--768x512.jpg",640,427,true],"large":["https:\/\/noticiasbahia360.com.br\/wp-content\/uploads\/2026\/09\/Festival-da-Cultura-Japonesa-de-Salvador--1024x683.jpg",640,427,true],"1536x1536":["https:\/\/noticiasbahia360.com.br\/wp-content\/uploads\/2026\/09\/Festival-da-Cultura-Japonesa-de-Salvador-.jpg",1200,800,false],"2048x2048":["https:\/\/noticiasbahia360.com.br\/wp-content\/uploads\/2026\/09\/Festival-da-Cultura-Japonesa-de-Salvador-.jpg",1200,800,false],"chromenews-featured":["https:\/\/noticiasbahia360.com.br\/wp-content\/uploads\/2026\/09\/Festival-da-Cultura-Japonesa-de-Salvador--1024x683.jpg",1024,683,true],"chromenews-large":["https:\/\/noticiasbahia360.com.br\/wp-content\/uploads\/2026\/09\/Festival-da-Cultura-Japonesa-de-Salvador--825x575.jpg",825,575,true],"chromenews-medium":["https:\/\/noticiasbahia360.com.br\/wp-content\/uploads\/2026\/09\/Festival-da-Cultura-Japonesa-de-Salvador--590x410.jpg",590,410,true]},"author_info":{"display_name":"noticiasbahia360.com.br","author_link":"https:\/\/noticiasbahia360.com.br\/?author=1"},"category_info":"<a href=\"https:\/\/noticiasbahia360.com.br\/?cat=8\" rel=\"category\">Bahia<\/a> <a href=\"https:\/\/noticiasbahia360.com.br\/?cat=9\" rel=\"category\">Brasil<\/a> <a href=\"https:\/\/noticiasbahia360.com.br\/?cat=6\" rel=\"category\">Feira de Santana<\/a> <a href=\"https:\/\/noticiasbahia360.com.br\/?cat=57\" rel=\"category\">Mundo<\/a> <a href=\"https:\/\/noticiasbahia360.com.br\/?cat=56\" rel=\"category\">Pol\u00edcia<\/a> <a href=\"https:\/\/noticiasbahia360.com.br\/?cat=10\" rel=\"category\">Pol\u00edtica<\/a>","tag_info":"Pol\u00edtica","comment_count":"0","_links":{"self":[{"href":"https:\/\/noticiasbahia360.com.br\/index.php?rest_route=\/wp\/v2\/posts\/148535","targetHints":{"allow":["GET"]}}],"collection":[{"href":"https:\/\/noticiasbahia360.com.br\/index.php?rest_route=\/wp\/v2\/posts"}],"about":[{"href":"https:\/\/noticiasbahia360.com.br\/index.php?rest_route=\/wp\/v2\/types\/post"}],"author":[{"embeddable":true,"href":"https:\/\/noticiasbahia360.com.br\/index.php?rest_route=\/wp\/v2\/users\/1"}],"replies":[{"embeddable":true,"href":"https:\/\/noticiasbahia360.com.br\/index.php?rest_route=%2Fwp%2Fv2%2Fcomments&post=148535"}],"version-history":[{"count":0,"href":"https:\/\/noticiasbahia360.com.br\/index.php?rest_route=\/wp\/v2\/posts\/148535\/revisions"}],"wp:featuredmedia":[{"embeddable":true,"href":"https:\/\/noticiasbahia360.com.br\/index.php?rest_route=\/wp\/v2\/media\/148536"}],"wp:attachment":[{"href":"https:\/\/noticiasbahia360.com.br\/index.php?rest_route=%2Fwp%2Fv2%2Fmedia&parent=148535"}],"wp:term":[{"taxonomy":"category","embeddable":true,"href":"https:\/\/noticiasbahia360.com.br\/index.php?rest_route=%2Fwp%2Fv2%2Fcategories&post=148535"},{"taxonomy":"post_tag","embeddable":true,"href":"https:\/\/noticiasbahia360.com.br\/index.php?rest_route=%2Fwp%2Fv2%2Ftags&post=148535"}],"curies":[{"name":"wp","href":"https:\/\/api.w.org\/{rel}","templated":true}]}}