{"id":148540,"date":"2026-09-02T17:03:31","date_gmt":"2026-09-02T20:03:31","guid":{"rendered":"https:\/\/noticiasbahia360.com.br\/?p=148540"},"modified":"2026-09-02T17:03:31","modified_gmt":"2026-09-02T20:03:31","slug":"veja-atracoes-confirmadas-para-38a-festa-do-vaqueiro-no-alecrim-miudo","status":"publish","type":"post","link":"https:\/\/noticiasbahia360.com.br\/?p=148540","title":{"rendered":"Veja atra\u00e7\u00f5es confirmadas para 38\u00aa Festa do Vaqueiro no Alecrim Mi\u00fado"},"content":{"rendered":"<div>\n<div>\n<figure><img decoding=\"async\" src=\"http:\/\/noticiasbahia360.com.br\/wp-content\/uploads\/2026\/09\/festa-do-vaqueiro-do-alecrim-miudo.jpg\" alt=\"festa do vaqueiro do alecrim mi\u00fado\"><figcaption>Foto: Washington Nery &#8211; Arquivo<\/figcaption><\/figure>\n<\/div>\n<p class=\"wp-block-paragraph\">A tradicional Festa do Vaqueiro de Alecrim Mi\u00fado, no distrito da Matinha, j\u00e1 tem as atra\u00e7\u00f5es musicais que v\u00e3o fazer parte da programa\u00e7\u00e3o da sua 38\u00aa edi\u00e7\u00e3o. O evento ser\u00e1 realizado nos dias 19 e 20 de setembro, reunindo moradores da comunidade, visitantes e p\u00fablico de diferentes regi\u00f5es de Feira de Santana.<\/p>\n<p class=\"wp-block-paragraph\"><strong>Entre os nomes anunciados est\u00e3o Nenho, Devinho Novaes, Asa Filho, M\u00e1rcio Alves, Bahia Bend, \u00cdtalo Junior, Vitinho e Beto Filho. <\/strong>A programa\u00e7\u00e3o completa, com a distribui\u00e7\u00e3o das atra\u00e7\u00f5es por dia e os respectivos hor\u00e1rios, ainda ser\u00e1 divulgada pela organiza\u00e7\u00e3o.<\/p>\n<p class=\"wp-block-paragraph\">A festa \u00e9 um dos momentos tradicionais do calend\u00e1rio das comunidades rurais do munic\u00edpio e celebra a cultura e as tradi\u00e7\u00f5es ligadas \u00e0 figura do vaqueiro, al\u00e9m de proporcionar entretenimento e confraterniza\u00e7\u00e3o para a popula\u00e7\u00e3o.<\/p>\n<p class=\"wp-block-paragraph\">A realiza\u00e7\u00e3o do evento conta com o apoio da Prefeitura de Feira de Santana, atrav\u00e9s da Secretaria Municipal de Cultura, Esporte e Lazer (Secel), que atua no incentivo e na valoriza\u00e7\u00e3o das manifesta\u00e7\u00f5es culturais e das tradi\u00e7\u00f5es das comunidades feirenses.<\/p>\n<p class=\"wp-block-paragraph\">Com as atra\u00e7\u00f5es j\u00e1 anunciadas, a expectativa cresce para mais uma edi\u00e7\u00e3o da Festa do Vaqueiro de Alecrim Mi\u00fado, que promete movimentar a comunidade nos dias 19 e 20 de setembro.<\/p>\n<p class=\"wp-block-paragraph\"><em>As informa\u00e7\u00f5es s\u00e3o da Secretaria Municipal de Comunica\u00e7\u00e3o Social (Secom).<\/em><\/p>\n<h2 id=\"h-leia-mais\" class=\"wp-block-heading\">Leia mais:<\/h2>\n<p class=\"wp-block-paragraph\"><a href=\"https:\/\/www.acordacidade.com.br\/feira-de-santana\/distrito-da-matinha-recebe-a-38a-festa-do-vaqueiro-nos-dias-19-e-20-de-setembro\/\" data-type=\"link\" data-id=\"https:\/\/www.acordacidade.com.br\/feira-de-santana\/distrito-da-matinha-recebe-a-38a-festa-do-vaqueiro-nos-dias-19-e-20-de-setembro\/\">Distrito da Matinha recebe a 38\u00aa Festa do Vaqueiro nos dias 19 e 20 de setembro<br \/><\/a><\/p>\n<p class=\"wp-block-paragraph\"><em>Siga o Acorda Cidade no\u00a0<\/em><a href=\"https:\/\/news.google.com\/search?q=acorda%20cidade&amp;hl=pt-BR&amp;gl=BR&amp;ceid=BR%3Apt-419\"><strong><em>Google Not\u00edcias<\/em><\/strong><\/a><em>\u00a0e receba os principais\u00a0<a href=\"https:\/\/nym2-ib.adnxs.com\/ssclick2?e=wqT_3QKfAfBDnwAAAAMAxBkFAQjw6-DUBhDgwL_KlLbO43gY9erDgLGO2-ZdINfk0QsoywMwtV444wNAy6zCdUi14JkBUABaA1VTRGIBBdBoAXABeLQFgAEAiAEBkAECmAEFoAECqQFpB6sutFGyP7EBEu2Zw7t8sD-5AQAAAOB6FPo_wRUUAMkVKDjYAZUE4AEA8AHCjQT4AQA.\/s=aa4e217c42c193579cb54d44ca7887521ab137e4\/ip=177.8.130.114\/bcr=AAAAAAAA8D8=\/pp=FC018B61A7CDE411\/bn=0\/clickenc=https%3A%2F%2Fwww.bing.com%2Faclick%3Fld%3De8_BM4VswIFuXpu_wQomjsFTVUCUy0KGv9Hxdft36JkTYpcD0Xb5iYUBT5TrJlAo2bIrSrqRG2aFWVSFwd9gXNOj__if2W-A7KvHu-2LSHV-IO3i_wmXI8VC8ySBDijw4j2h2u2sRzMhIW3nQZjGGGTsU5clZjrNBjQdEUMKztwwivavGghD-SDenh2ZL9adHnTg1sCvCJdM9LLKmcUZPmRalt8qs%26u%3DaHR0cCUzYSUyZiUyZmNsaWNrc2VydmUuZGFydHNlYXJjaC5uZXQlMmZsaW5rJTJmY2xpY2slM2YlMjYlMjZkc19lX2FkaWQlM2QlMjZkc19lX21hdGNodHlwZSUzZHNlYXJjaCUyNmRzX2VfZGV2aWNlJTNkYyUyNmRzX2VfbmV0d29yayUzZGElMjYlMjZkc191cmxfdiUzZDIlMjZkc19kZXN0X3VybCUzZGh0dHBzJTNhJTJmJTJmd3d3LnBvbnRvc211bHRpcGx1cy5jb20uYnIlMmZsYXRhbXBhc3MlMmZjYXJ0b2VzLWRlLWNyZWRpdG8lM2Z1dG1fc291cmNlJTNkYmluZyUyNnV0bV9tZWRpdW0lM2RjcGMlMjZ1dG1fY2FtcGFpZ24lM2Rnb29nbGUtYmFuY29zLWFjdW11bG8tc2VhcmNoLXBlcmVuZS1zaXRlLWNvbnZlcnNhb19zaXRlLXRvZG9zLWxhdGFtX3Bhc3MtYnJhZGVzY28tLWNvbnZlcnNhbyUyNnV0bV9jb250ZW50JTNkbGF0YW1fcGFzcy1icmFkZXNjby0tcGFkcmFvLWNhcnRhby1leGF0YSUyNnV0bV90ZXJtJTNkYmFuY29zLWJyYWRlc2NvLS10ZXh0by0lMjZtc2Nsa2lkJTNkZjcwNDY0ODAyYjljMTkwYTQzNmEwZTE4MWU2YzA4Mjk%26rlid%3Df70464802b9c190a436a0e181e6c0829\" target=\"_blank\" rel=\"noreferrer noopener\">destaques<\/a>\u00a0do dia. Participe tamb\u00e9m dos nossos canais no\u00a0<\/em><a href=\"https:\/\/www.whatsapp.com\/channel\/0029Va6Rb4v3WHTNnsh8WI3N\"><strong><em>WhatsApp<\/em><\/strong><\/a><em>\u00a0e\u00a0<\/em><a href=\"https:\/\/www.youtube.com\/@acordacidadenoticias\/videos\"><strong>YouTube<\/strong><\/a><em>\u00a0e do grupo no\u00a0<\/em><a href=\"https:\/\/t.me\/+sSz0khrgARA0ZmRh\"><strong><em>Telegram<\/em><\/strong><\/a><em>.<\/em><a href=\"https:\/\/www.acordacidade.com.br\/colunas\/dilton-e-feito\/\"><\/a><\/p>\n<\/div>\n","protected":false},"excerpt":{"rendered":"<p>Foto: Washington Nery &#8211; Arquivo A tradicional Festa do Vaqueiro de Alecrim Mi\u00fado, no distrito<\/p>\n","protected":false},"author":1,"featured_media":148541,"comment_status":"closed","ping_status":"closed","sticky":false,"template":"","format":"gallery","meta":{"footnotes":""},"categories":[8,9,6,57,56,10],"tags":[],"class_list":["post-148540","post","type-post","status-publish","format-gallery","has-post-thumbnail","hentry","category-bahia","category-brasil","category-feira-de-santana","category-mundo","category-policia","category-politica","post_format-post-format-gallery"],"featured_image_urls":{"full":["https:\/\/noticiasbahia360.com.br\/wp-content\/uploads\/2026\/09\/festa-do-vaqueiro-do-alecrim-miudo.jpg",1200,799,false],"thumbnail":["https:\/\/noticiasbahia360.com.br\/wp-content\/uploads\/2026\/09\/festa-do-vaqueiro-do-alecrim-miudo-150x150.jpg",150,150,true],"medium":["https:\/\/noticiasbahia360.com.br\/wp-content\/uploads\/2026\/09\/festa-do-vaqueiro-do-alecrim-miudo-300x200.jpg",300,200,true],"medium_large":["https:\/\/noticiasbahia360.com.br\/wp-content\/uploads\/2026\/09\/festa-do-vaqueiro-do-alecrim-miudo-768x511.jpg",640,426,true],"large":["https:\/\/noticiasbahia360.com.br\/wp-content\/uploads\/2026\/09\/festa-do-vaqueiro-do-alecrim-miudo-1024x682.jpg",640,426,true],"1536x1536":["https:\/\/noticiasbahia360.com.br\/wp-content\/uploads\/2026\/09\/festa-do-vaqueiro-do-alecrim-miudo.jpg",1200,799,false],"2048x2048":["https:\/\/noticiasbahia360.com.br\/wp-content\/uploads\/2026\/09\/festa-do-vaqueiro-do-alecrim-miudo.jpg",1200,799,false],"chromenews-featured":["https:\/\/noticiasbahia360.com.br\/wp-content\/uploads\/2026\/09\/festa-do-vaqueiro-do-alecrim-miudo-1024x682.jpg",1024,682,true],"chromenews-large":["https:\/\/noticiasbahia360.com.br\/wp-content\/uploads\/2026\/09\/festa-do-vaqueiro-do-alecrim-miudo-825x575.jpg",825,575,true],"chromenews-medium":["https:\/\/noticiasbahia360.com.br\/wp-content\/uploads\/2026\/09\/festa-do-vaqueiro-do-alecrim-miudo-590x410.jpg",590,410,true]},"author_info":{"display_name":"noticiasbahia360.com.br","author_link":"https:\/\/noticiasbahia360.com.br\/?author=1"},"category_info":"<a href=\"https:\/\/noticiasbahia360.com.br\/?cat=8\" rel=\"category\">Bahia<\/a> <a href=\"https:\/\/noticiasbahia360.com.br\/?cat=9\" rel=\"category\">Brasil<\/a> <a href=\"https:\/\/noticiasbahia360.com.br\/?cat=6\" rel=\"category\">Feira de Santana<\/a> <a href=\"https:\/\/noticiasbahia360.com.br\/?cat=57\" rel=\"category\">Mundo<\/a> <a href=\"https:\/\/noticiasbahia360.com.br\/?cat=56\" rel=\"category\">Pol\u00edcia<\/a> <a href=\"https:\/\/noticiasbahia360.com.br\/?cat=10\" rel=\"category\">Pol\u00edtica<\/a>","tag_info":"Pol\u00edtica","comment_count":"0","_links":{"self":[{"href":"https:\/\/noticiasbahia360.com.br\/index.php?rest_route=\/wp\/v2\/posts\/148540","targetHints":{"allow":["GET"]}}],"collection":[{"href":"https:\/\/noticiasbahia360.com.br\/index.php?rest_route=\/wp\/v2\/posts"}],"about":[{"href":"https:\/\/noticiasbahia360.com.br\/index.php?rest_route=\/wp\/v2\/types\/post"}],"author":[{"embeddable":true,"href":"https:\/\/noticiasbahia360.com.br\/index.php?rest_route=\/wp\/v2\/users\/1"}],"replies":[{"embeddable":true,"href":"https:\/\/noticiasbahia360.com.br\/index.php?rest_route=%2Fwp%2Fv2%2Fcomments&post=148540"}],"version-history":[{"count":0,"href":"https:\/\/noticiasbahia360.com.br\/index.php?rest_route=\/wp\/v2\/posts\/148540\/revisions"}],"wp:featuredmedia":[{"embeddable":true,"href":"https:\/\/noticiasbahia360.com.br\/index.php?rest_route=\/wp\/v2\/media\/148541"}],"wp:attachment":[{"href":"https:\/\/noticiasbahia360.com.br\/index.php?rest_route=%2Fwp%2Fv2%2Fmedia&parent=148540"}],"wp:term":[{"taxonomy":"category","embeddable":true,"href":"https:\/\/noticiasbahia360.com.br\/index.php?rest_route=%2Fwp%2Fv2%2Fcategories&post=148540"},{"taxonomy":"post_tag","embeddable":true,"href":"https:\/\/noticiasbahia360.com.br\/index.php?rest_route=%2Fwp%2Fv2%2Ftags&post=148540"}],"curies":[{"name":"wp","href":"https:\/\/api.w.org\/{rel}","templated":true}]}}