{"id":148542,"date":"2026-09-02T17:03:32","date_gmt":"2026-09-02T20:03:32","guid":{"rendered":"https:\/\/noticiasbahia360.com.br\/?p=148542"},"modified":"2026-09-02T17:03:32","modified_gmt":"2026-09-02T20:03:32","slug":"luan-santana-compra-jatinho-avaliado-em-r-35-milhoes","status":"publish","type":"post","link":"https:\/\/noticiasbahia360.com.br\/?p=148542","title":{"rendered":"Luan Santana compra jatinho avaliado em R$ 35 milh\u00f5es"},"content":{"rendered":"<div>\n<div>\n<figure><img decoding=\"async\" src=\"http:\/\/noticiasbahia360.com.br\/wp-content\/uploads\/2026\/09\/jatinho-de-luan-santana.jpg\" alt=\"jatinho de luan santana\"><figcaption>Foto: Instagram<br \/>\n<\/figcaption><\/figure>\n<\/div>\n<p class=\"wp-block-paragraph\">O cantor Luan Santana comprou um jatinho avaliado em R$ 35 milh\u00f5es e entrou para o seleto grupo de artistas sertanejos que possuem aeronave pr\u00f3pria. O modelo \u00e9 similar ao adquirido pelo <a href=\"https:\/\/www.acordacidade.com.br\/entretenimento\/cantor-pablo-celebra-compra-do-primeiro-aviao-e-revela-detalhes-de-aeronave-milionaria\/#goog_rewarded\" data-type=\"link\" data-id=\"https:\/\/www.acordacidade.com.br\/entretenimento\/cantor-pablo-celebra-compra-do-primeiro-aviao-e-revela-detalhes-de-aeronave-milionaria\/#goog_rewarded\">cantor Pablo <\/a>em junho deste ano.<\/p>\n<p class=\"wp-block-paragraph\">Conforme publicou o jornal Extra, o jatinho comprado \u00e9 um Cessna Citation Sovereign 680, com prefixo PS-SVG. A estreia foi em uma viagem para Salvador, para o show Registro Hist\u00f3rico.<\/p>\n<p class=\"wp-block-paragraph\">O jatinho foi fabricado em 2007 e foi completamente renovado em 2024, com nova pintura e novo interior. Hoje, o mesmo modelo custa em torno de US$ 7 milh\u00f5es.<\/p>\n<p class=\"wp-block-paragraph\">O modelo escolhido pelo \u201cGurizinho\u201d, como carinhosamente \u00e9 apelidado pelos f\u00e3s, oferece um alto padr\u00e3o de conforto aos passageiros, contando com poltronas reclin\u00e1veis, conectividade para trabalho em voo, poltronas reclin\u00e1veis e mesas de apoio, al\u00e9m de, segundo o Bahia Not\u00edcias, parceiro do Acorda Cidade, operar em diversos aeroportos.<\/p>\n<p class=\"wp-block-paragraph\"><strong>Leia tamb\u00e9m:<\/strong><\/p>\n<p class=\"wp-block-paragraph\"><a href=\"https:\/\/www.acordacidade.com.br\/entretenimento\/cantor-pablo-celebra-compra-do-primeiro-aviao-e-revela-detalhes-de-aeronave-milionaria\/#goog_rewarded\" data-type=\"link\" data-id=\"https:\/\/www.acordacidade.com.br\/entretenimento\/cantor-pablo-celebra-compra-do-primeiro-aviao-e-revela-detalhes-de-aeronave-milionaria\/#goog_rewarded\">Cantor Pablo celebra compra do primeiro avi\u00e3o e revela detalhes de aeronave milion\u00e1ria<\/a><\/p>\n<p class=\"wp-block-paragraph\"><em>Siga o Acorda Cidade no\u00a0<\/em><a href=\"https:\/\/news.google.com\/search?q=acorda%20cidade&amp;hl=pt-BR&amp;gl=BR&amp;ceid=BR%3Apt-419\"><strong><em>Google Not\u00edcias<\/em><\/strong><\/a><em>\u00a0e receba os principais destaques do dia. Participe tamb\u00e9m dos nossos canais no\u00a0<\/em><a href=\"https:\/\/www.whatsapp.com\/channel\/0029Va6Rb4v3WHTNnsh8WI3N\"><strong><em>WhatsApp<\/em><\/strong><\/a><em>\u00a0e\u00a0<\/em><a href=\"https:\/\/www.youtube.com\/@acordacidadenoticias\/videos\"><strong>YouTube<\/strong><\/a><em>\u00a0e grupo de\u00a0<\/em><a href=\"https:\/\/t.me\/+sSz0khrgARA0ZmRh\"><strong><em>Telegram<\/em><\/strong><\/a><em>.<\/em><\/p>\n<\/div>\n","protected":false},"excerpt":{"rendered":"<p>Foto: Instagram O cantor Luan Santana comprou um jatinho avaliado em R$ 35 milh\u00f5es e<\/p>\n","protected":false},"author":1,"featured_media":148543,"comment_status":"closed","ping_status":"closed","sticky":false,"template":"","format":"gallery","meta":{"footnotes":""},"categories":[8,9,6,57,56,10],"tags":[],"class_list":["post-148542","post","type-post","status-publish","format-gallery","has-post-thumbnail","hentry","category-bahia","category-brasil","category-feira-de-santana","category-mundo","category-policia","category-politica","post_format-post-format-gallery"],"featured_image_urls":{"full":["https:\/\/noticiasbahia360.com.br\/wp-content\/uploads\/2026\/09\/jatinho-de-luan-santana.jpg",1200,630,false],"thumbnail":["https:\/\/noticiasbahia360.com.br\/wp-content\/uploads\/2026\/09\/jatinho-de-luan-santana-150x150.jpg",150,150,true],"medium":["https:\/\/noticiasbahia360.com.br\/wp-content\/uploads\/2026\/09\/jatinho-de-luan-santana-300x158.jpg",300,158,true],"medium_large":["https:\/\/noticiasbahia360.com.br\/wp-content\/uploads\/2026\/09\/jatinho-de-luan-santana-768x403.jpg",640,336,true],"large":["https:\/\/noticiasbahia360.com.br\/wp-content\/uploads\/2026\/09\/jatinho-de-luan-santana-1024x538.jpg",640,336,true],"1536x1536":["https:\/\/noticiasbahia360.com.br\/wp-content\/uploads\/2026\/09\/jatinho-de-luan-santana.jpg",1200,630,false],"2048x2048":["https:\/\/noticiasbahia360.com.br\/wp-content\/uploads\/2026\/09\/jatinho-de-luan-santana.jpg",1200,630,false],"chromenews-featured":["https:\/\/noticiasbahia360.com.br\/wp-content\/uploads\/2026\/09\/jatinho-de-luan-santana-1024x538.jpg",1024,538,true],"chromenews-large":["https:\/\/noticiasbahia360.com.br\/wp-content\/uploads\/2026\/09\/jatinho-de-luan-santana-825x575.jpg",825,575,true],"chromenews-medium":["https:\/\/noticiasbahia360.com.br\/wp-content\/uploads\/2026\/09\/jatinho-de-luan-santana-590x410.jpg",590,410,true]},"author_info":{"display_name":"noticiasbahia360.com.br","author_link":"https:\/\/noticiasbahia360.com.br\/?author=1"},"category_info":"<a href=\"https:\/\/noticiasbahia360.com.br\/?cat=8\" rel=\"category\">Bahia<\/a> <a href=\"https:\/\/noticiasbahia360.com.br\/?cat=9\" rel=\"category\">Brasil<\/a> <a href=\"https:\/\/noticiasbahia360.com.br\/?cat=6\" rel=\"category\">Feira de Santana<\/a> <a href=\"https:\/\/noticiasbahia360.com.br\/?cat=57\" rel=\"category\">Mundo<\/a> <a href=\"https:\/\/noticiasbahia360.com.br\/?cat=56\" rel=\"category\">Pol\u00edcia<\/a> <a href=\"https:\/\/noticiasbahia360.com.br\/?cat=10\" rel=\"category\">Pol\u00edtica<\/a>","tag_info":"Pol\u00edtica","comment_count":"0","_links":{"self":[{"href":"https:\/\/noticiasbahia360.com.br\/index.php?rest_route=\/wp\/v2\/posts\/148542","targetHints":{"allow":["GET"]}}],"collection":[{"href":"https:\/\/noticiasbahia360.com.br\/index.php?rest_route=\/wp\/v2\/posts"}],"about":[{"href":"https:\/\/noticiasbahia360.com.br\/index.php?rest_route=\/wp\/v2\/types\/post"}],"author":[{"embeddable":true,"href":"https:\/\/noticiasbahia360.com.br\/index.php?rest_route=\/wp\/v2\/users\/1"}],"replies":[{"embeddable":true,"href":"https:\/\/noticiasbahia360.com.br\/index.php?rest_route=%2Fwp%2Fv2%2Fcomments&post=148542"}],"version-history":[{"count":0,"href":"https:\/\/noticiasbahia360.com.br\/index.php?rest_route=\/wp\/v2\/posts\/148542\/revisions"}],"wp:featuredmedia":[{"embeddable":true,"href":"https:\/\/noticiasbahia360.com.br\/index.php?rest_route=\/wp\/v2\/media\/148543"}],"wp:attachment":[{"href":"https:\/\/noticiasbahia360.com.br\/index.php?rest_route=%2Fwp%2Fv2%2Fmedia&parent=148542"}],"wp:term":[{"taxonomy":"category","embeddable":true,"href":"https:\/\/noticiasbahia360.com.br\/index.php?rest_route=%2Fwp%2Fv2%2Fcategories&post=148542"},{"taxonomy":"post_tag","embeddable":true,"href":"https:\/\/noticiasbahia360.com.br\/index.php?rest_route=%2Fwp%2Fv2%2Ftags&post=148542"}],"curies":[{"name":"wp","href":"https:\/\/api.w.org\/{rel}","templated":true}]}}