{"id":148544,"date":"2026-09-02T17:03:33","date_gmt":"2026-09-02T20:03:33","guid":{"rendered":"https:\/\/noticiasbahia360.com.br\/?p=148544"},"modified":"2026-09-02T17:03:33","modified_gmt":"2026-09-02T20:03:33","slug":"parque-de-exposicao-comeca-a-receber-animais-a-partir-desta-quinta-feira-1","status":"publish","type":"post","link":"https:\/\/noticiasbahia360.com.br\/?p=148544","title":{"rendered":"Parque de Exposi\u00e7\u00e3o come\u00e7a a receber animais a partir desta quinta-feira (1)"},"content":{"rendered":"<div>\n<div>\n<figure><img decoding=\"async\" src=\"http:\/\/noticiasbahia360.com.br\/wp-content\/uploads\/2026\/09\/Parque-de-Exposicao_-foto-Gabriel-Calazans.jpg\" alt=\"Parque de Exposi\u00e7\u00e3o\"><figcaption>Foto: Gabriel Calazans<br \/>\n<\/figcaption><\/figure>\n<\/div>\n<p class=\"wp-block-paragraph\">A entrada dos animais que participar\u00e3o da 47\u00aa Expofeira no Parque de Exposi\u00e7\u00e3o Jo\u00e3o Martins da Silva ser\u00e1 permitida a partir das 8h desta quinta-feira (3). O acesso ao equipamento ser\u00e1 encerrado \u00e0s 18h. Este ano o evento ser\u00e1 realizado no per\u00edodo de 6 a 13 de setembro.<\/p>\n<p class=\"wp-block-paragraph\">As baias onde ficam os cavalos j\u00e1 receberam os preparos necess\u00e1rios para receb\u00ea-los. As camas, feitas com maravalha e casca de arroz, j\u00e1 foram conclu\u00eddas.<\/p>\n<p class=\"wp-block-paragraph\">Os pisos dos pavilh\u00f5es onde ficam os bovinos ser\u00e3o cobertos pelos produtos. O servi\u00e7o ainda n\u00e3o foi realizado para evitar que o material se espalhe com a a\u00e7\u00e3o do vento.<\/p>\n<p class=\"wp-block-paragraph\">Os animais ser\u00e3o recebidos pela equipe de veterin\u00e1rios da Secretaria de Agricultura e da Ag\u00eancia Estadual de Defesa Agropecu\u00e1ria da Bahia (Adab), que far\u00e1 a fiscaliza\u00e7\u00e3o dos registros das vacinas obrigat\u00f3rias e das condi\u00e7\u00f5es f\u00edsicas dos animais.<\/p>\n<p class=\"wp-block-paragraph\">A entrada dos animais ser\u00e1 permitida at\u00e9 as 18h de domingo, quando o evento ser\u00e1 oficialmente aberto. A partir de domingo, o acesso ser\u00e1 liberado desde que previamente autorizado e agendado com o respons\u00e1vel t\u00e9cnico.<\/p>\n<p class=\"wp-block-paragraph\"><em>As informa\u00e7\u00f5es s\u00e3o da Secretaria Municipal de Comunica\u00e7\u00e3o Social (Secom).<\/em><\/p>\n<p class=\"wp-block-paragraph\"><em>Siga o Acorda Cidade no\u00a0<\/em><a href=\"https:\/\/news.google.com\/search?q=acorda%20cidade&amp;hl=pt-BR&amp;gl=BR&amp;ceid=BR%3Apt-419\"><strong><em>Google Not\u00edcias<\/em><\/strong><\/a><em>\u00a0e receba os principais destaques do dia. Participe tamb\u00e9m dos nossos canais no\u00a0<\/em><a href=\"https:\/\/www.whatsapp.com\/channel\/0029Va6Rb4v3WHTNnsh8WI3N\"><strong><em>WhatsApp<\/em><\/strong><\/a><em>\u00a0e\u00a0<\/em><a href=\"https:\/\/www.youtube.com\/@acordacidadenoticias\/videos\"><strong>YouTube<\/strong><\/a><em>\u00a0e grupo de\u00a0<\/em><a href=\"https:\/\/t.me\/+sSz0khrgARA0ZmRh\"><strong><em>Telegram<\/em><\/strong><\/a><em>.<\/em><\/p>\n<\/div>\n","protected":false},"excerpt":{"rendered":"<p>Foto: Gabriel Calazans A entrada dos animais que participar\u00e3o da 47\u00aa Expofeira no Parque de<\/p>\n","protected":false},"author":1,"featured_media":148545,"comment_status":"closed","ping_status":"closed","sticky":false,"template":"","format":"gallery","meta":{"footnotes":""},"categories":[8,9,6,57,56,10],"tags":[],"class_list":["post-148544","post","type-post","status-publish","format-gallery","has-post-thumbnail","hentry","category-bahia","category-brasil","category-feira-de-santana","category-mundo","category-policia","category-politica","post_format-post-format-gallery"],"featured_image_urls":{"full":["https:\/\/noticiasbahia360.com.br\/wp-content\/uploads\/2026\/09\/Parque-de-Exposicao_-foto-Gabriel-Calazans.jpg",1200,799,false],"thumbnail":["https:\/\/noticiasbahia360.com.br\/wp-content\/uploads\/2026\/09\/Parque-de-Exposicao_-foto-Gabriel-Calazans-150x150.jpg",150,150,true],"medium":["https:\/\/noticiasbahia360.com.br\/wp-content\/uploads\/2026\/09\/Parque-de-Exposicao_-foto-Gabriel-Calazans-300x200.jpg",300,200,true],"medium_large":["https:\/\/noticiasbahia360.com.br\/wp-content\/uploads\/2026\/09\/Parque-de-Exposicao_-foto-Gabriel-Calazans-768x511.jpg",640,426,true],"large":["https:\/\/noticiasbahia360.com.br\/wp-content\/uploads\/2026\/09\/Parque-de-Exposicao_-foto-Gabriel-Calazans-1024x682.jpg",640,426,true],"1536x1536":["https:\/\/noticiasbahia360.com.br\/wp-content\/uploads\/2026\/09\/Parque-de-Exposicao_-foto-Gabriel-Calazans.jpg",1200,799,false],"2048x2048":["https:\/\/noticiasbahia360.com.br\/wp-content\/uploads\/2026\/09\/Parque-de-Exposicao_-foto-Gabriel-Calazans.jpg",1200,799,false],"chromenews-featured":["https:\/\/noticiasbahia360.com.br\/wp-content\/uploads\/2026\/09\/Parque-de-Exposicao_-foto-Gabriel-Calazans-1024x682.jpg",1024,682,true],"chromenews-large":["https:\/\/noticiasbahia360.com.br\/wp-content\/uploads\/2026\/09\/Parque-de-Exposicao_-foto-Gabriel-Calazans-825x575.jpg",825,575,true],"chromenews-medium":["https:\/\/noticiasbahia360.com.br\/wp-content\/uploads\/2026\/09\/Parque-de-Exposicao_-foto-Gabriel-Calazans-590x410.jpg",590,410,true]},"author_info":{"display_name":"noticiasbahia360.com.br","author_link":"https:\/\/noticiasbahia360.com.br\/?author=1"},"category_info":"<a href=\"https:\/\/noticiasbahia360.com.br\/?cat=8\" rel=\"category\">Bahia<\/a> <a href=\"https:\/\/noticiasbahia360.com.br\/?cat=9\" rel=\"category\">Brasil<\/a> <a href=\"https:\/\/noticiasbahia360.com.br\/?cat=6\" rel=\"category\">Feira de Santana<\/a> <a href=\"https:\/\/noticiasbahia360.com.br\/?cat=57\" rel=\"category\">Mundo<\/a> <a href=\"https:\/\/noticiasbahia360.com.br\/?cat=56\" rel=\"category\">Pol\u00edcia<\/a> <a href=\"https:\/\/noticiasbahia360.com.br\/?cat=10\" rel=\"category\">Pol\u00edtica<\/a>","tag_info":"Pol\u00edtica","comment_count":"0","_links":{"self":[{"href":"https:\/\/noticiasbahia360.com.br\/index.php?rest_route=\/wp\/v2\/posts\/148544","targetHints":{"allow":["GET"]}}],"collection":[{"href":"https:\/\/noticiasbahia360.com.br\/index.php?rest_route=\/wp\/v2\/posts"}],"about":[{"href":"https:\/\/noticiasbahia360.com.br\/index.php?rest_route=\/wp\/v2\/types\/post"}],"author":[{"embeddable":true,"href":"https:\/\/noticiasbahia360.com.br\/index.php?rest_route=\/wp\/v2\/users\/1"}],"replies":[{"embeddable":true,"href":"https:\/\/noticiasbahia360.com.br\/index.php?rest_route=%2Fwp%2Fv2%2Fcomments&post=148544"}],"version-history":[{"count":0,"href":"https:\/\/noticiasbahia360.com.br\/index.php?rest_route=\/wp\/v2\/posts\/148544\/revisions"}],"wp:featuredmedia":[{"embeddable":true,"href":"https:\/\/noticiasbahia360.com.br\/index.php?rest_route=\/wp\/v2\/media\/148545"}],"wp:attachment":[{"href":"https:\/\/noticiasbahia360.com.br\/index.php?rest_route=%2Fwp%2Fv2%2Fmedia&parent=148544"}],"wp:term":[{"taxonomy":"category","embeddable":true,"href":"https:\/\/noticiasbahia360.com.br\/index.php?rest_route=%2Fwp%2Fv2%2Fcategories&post=148544"},{"taxonomy":"post_tag","embeddable":true,"href":"https:\/\/noticiasbahia360.com.br\/index.php?rest_route=%2Fwp%2Fv2%2Ftags&post=148544"}],"curies":[{"name":"wp","href":"https:\/\/api.w.org\/{rel}","templated":true}]}}