{"id":148546,"date":"2026-09-02T17:03:34","date_gmt":"2026-09-02T20:03:34","guid":{"rendered":"https:\/\/noticiasbahia360.com.br\/?p=148546"},"modified":"2026-09-02T17:03:34","modified_gmt":"2026-09-02T20:03:34","slug":"smt-anuncia-mudancas-no-transito-de-trecho-em-obras-na-avenida-artemia-pires","status":"publish","type":"post","link":"https:\/\/noticiasbahia360.com.br\/?p=148546","title":{"rendered":"SMT anuncia mudan\u00e7as no tr\u00e2nsito de trecho em obras na Avenida Art\u00eamia Pires"},"content":{"rendered":"<div>\n<div>\n<figure><img decoding=\"async\" src=\"http:\/\/noticiasbahia360.com.br\/wp-content\/uploads\/2026\/09\/engarrafamento-Avenida-Artemia-Pires-bairro-SIM-Feira-de-Santana-foto-Paulo-Jose-Acorda-Cidade-01.jpg\" alt=\"Engarrafamento Av. Art\u00eamia Pires , bairro SIM, em Feira de Santana\"><figcaption>Engarrafamento Av. Art\u00eamia Pires , bairro SIM, em Feira de Santana | Foto: Paulo Jos\u00e9 \/ Acorda Cidade <\/figcaption><\/figure>\n<\/div>\n<p class=\"wp-block-paragraph\">Com o avan\u00e7o das obras na regi\u00e3o da Avenida Art\u00eamia Pires, a Superintend\u00eancia Municipal de Tr\u00e2nsito (SMT) informa que, a partir desta quarta-feira (2), o acesso provis\u00f3rio \u00e0 Rua Alto da Independ\u00eancia ser\u00e1 permitido exclusivamente aos moradores do trecho onde os servi\u00e7os est\u00e3o sendo executados.<\/p>\n<p class=\"wp-block-paragraph\">A medida, segundo o superintendente municipal de Tr\u00e2nsito, Ricardo Cunha, busca garantir melhores condi\u00e7\u00f5es para o andamento das obras e reduzir os impactos no tr\u00e1fego da regi\u00e3o. \u201cA restri\u00e7\u00e3o tamb\u00e9m \u00e9 necess\u00e1ria para refor\u00e7ar a seguran\u00e7a e manter a fluidez do tr\u00e2nsito.\u201d<\/p>\n<h2 id=\"h-rotas-alternativas\" class=\"wp-block-heading\">Rotas alternativas<\/h2>\n<p class=\"wp-block-paragraph\">A SMT orienta os condutores que trafegam pela Avenida Art\u00eamia Pires em dire\u00e7\u00e3o \u00e0 regi\u00e3o sul da cidade a utilizarem duas rotas alternativas: a Rua Jos\u00e9 Domingos Serv\u00e7o, com acesso \u00e0 Avenida Centen\u00e1rio e, posteriormente, ao Anel de Contorno; ou a Avenida Fernando Pinto de Queiroz, que faz liga\u00e7\u00e3o com a Avenida Noide Cerqueira.<\/p>\n<p class=\"wp-block-paragraph\">J\u00e1 os motoristas que seguem em dire\u00e7\u00e3o \u00e0 regi\u00e3o norte devem utilizar a Rua Quito e a Travessa Ch\u00e1cara Mirineu, com acesso \u00e0 Avenida S\u00e9rgio Carneiro.<\/p>\n<p class=\"wp-block-paragraph\">O superintendente refor\u00e7a, ainda, a orienta\u00e7\u00e3o para que os condutores planejem seus deslocamentos e, sempre que poss\u00edvel, utilizem rotas alternativas, respeitando a sinaliza\u00e7\u00e3o instalada e as orienta\u00e7\u00f5es dos agentes de tr\u00e2nsito.<\/p>\n<p class=\"wp-block-paragraph\">\u201cContamos com a compreens\u00e3o e a colabora\u00e7\u00e3o de todos os condutores. O objetivo \u00e9 minimizar os transtornos e garantir mais seguran\u00e7a e fluidez durante este per\u00edodo de obras\u201d, concluiu.<\/p>\n<p class=\"wp-block-paragraph\"><em>Siga o Acorda Cidade no\u00a0<\/em><a href=\"https:\/\/news.google.com\/search?q=acorda%20cidade&amp;hl=pt-BR&amp;gl=BR&amp;ceid=BR%3Apt-419\"><strong><em>Google Not\u00edcias<\/em><\/strong><\/a><em>\u00a0e receba os principais destaques do dia. Participe tamb\u00e9m dos nossos canais no\u00a0<\/em><a href=\"https:\/\/www.whatsapp.com\/channel\/0029Va6Rb4v3WHTNnsh8WI3N\"><strong><em>WhatsApp<\/em><\/strong><\/a><em>\u00a0e\u00a0<\/em><a href=\"https:\/\/www.youtube.com\/@acordacidadenoticias\/videos\"><strong>YouTube<\/strong><\/a><em>\u00a0e grupo de\u00a0<\/em><a href=\"https:\/\/t.me\/+sSz0khrgARA0ZmRh\"><strong><em>Telegram<\/em><\/strong><\/a><em>.<\/em><\/p>\n<\/div>\n","protected":false},"excerpt":{"rendered":"<p>Engarrafamento Av. Art\u00eamia Pires , bairro SIM, em Feira de Santana | Foto: Paulo Jos\u00e9<\/p>\n","protected":false},"author":1,"featured_media":148547,"comment_status":"closed","ping_status":"closed","sticky":false,"template":"","format":"gallery","meta":{"footnotes":""},"categories":[8,9,6,57,56,10],"tags":[],"class_list":["post-148546","post","type-post","status-publish","format-gallery","has-post-thumbnail","hentry","category-bahia","category-brasil","category-feira-de-santana","category-mundo","category-policia","category-politica","post_format-post-format-gallery"],"featured_image_urls":{"full":["https:\/\/noticiasbahia360.com.br\/wp-content\/uploads\/2026\/09\/engarrafamento-Avenida-Artemia-Pires-bairro-SIM-Feira-de-Santana-foto-Paulo-Jose-Acorda-Cidade-01.jpg",1200,675,false],"thumbnail":["https:\/\/noticiasbahia360.com.br\/wp-content\/uploads\/2026\/09\/engarrafamento-Avenida-Artemia-Pires-bairro-SIM-Feira-de-Santana-foto-Paulo-Jose-Acorda-Cidade-01-150x150.jpg",150,150,true],"medium":["https:\/\/noticiasbahia360.com.br\/wp-content\/uploads\/2026\/09\/engarrafamento-Avenida-Artemia-Pires-bairro-SIM-Feira-de-Santana-foto-Paulo-Jose-Acorda-Cidade-01-300x169.jpg",300,169,true],"medium_large":["https:\/\/noticiasbahia360.com.br\/wp-content\/uploads\/2026\/09\/engarrafamento-Avenida-Artemia-Pires-bairro-SIM-Feira-de-Santana-foto-Paulo-Jose-Acorda-Cidade-01-768x432.jpg",640,360,true],"large":["https:\/\/noticiasbahia360.com.br\/wp-content\/uploads\/2026\/09\/engarrafamento-Avenida-Artemia-Pires-bairro-SIM-Feira-de-Santana-foto-Paulo-Jose-Acorda-Cidade-01-1024x576.jpg",640,360,true],"1536x1536":["https:\/\/noticiasbahia360.com.br\/wp-content\/uploads\/2026\/09\/engarrafamento-Avenida-Artemia-Pires-bairro-SIM-Feira-de-Santana-foto-Paulo-Jose-Acorda-Cidade-01.jpg",1200,675,false],"2048x2048":["https:\/\/noticiasbahia360.com.br\/wp-content\/uploads\/2026\/09\/engarrafamento-Avenida-Artemia-Pires-bairro-SIM-Feira-de-Santana-foto-Paulo-Jose-Acorda-Cidade-01.jpg",1200,675,false],"chromenews-featured":["https:\/\/noticiasbahia360.com.br\/wp-content\/uploads\/2026\/09\/engarrafamento-Avenida-Artemia-Pires-bairro-SIM-Feira-de-Santana-foto-Paulo-Jose-Acorda-Cidade-01-1024x576.jpg",1024,576,true],"chromenews-large":["https:\/\/noticiasbahia360.com.br\/wp-content\/uploads\/2026\/09\/engarrafamento-Avenida-Artemia-Pires-bairro-SIM-Feira-de-Santana-foto-Paulo-Jose-Acorda-Cidade-01-825x575.jpg",825,575,true],"chromenews-medium":["https:\/\/noticiasbahia360.com.br\/wp-content\/uploads\/2026\/09\/engarrafamento-Avenida-Artemia-Pires-bairro-SIM-Feira-de-Santana-foto-Paulo-Jose-Acorda-Cidade-01-590x410.jpg",590,410,true]},"author_info":{"display_name":"noticiasbahia360.com.br","author_link":"https:\/\/noticiasbahia360.com.br\/?author=1"},"category_info":"<a href=\"https:\/\/noticiasbahia360.com.br\/?cat=8\" rel=\"category\">Bahia<\/a> <a href=\"https:\/\/noticiasbahia360.com.br\/?cat=9\" rel=\"category\">Brasil<\/a> <a href=\"https:\/\/noticiasbahia360.com.br\/?cat=6\" rel=\"category\">Feira de Santana<\/a> <a href=\"https:\/\/noticiasbahia360.com.br\/?cat=57\" rel=\"category\">Mundo<\/a> <a href=\"https:\/\/noticiasbahia360.com.br\/?cat=56\" rel=\"category\">Pol\u00edcia<\/a> <a href=\"https:\/\/noticiasbahia360.com.br\/?cat=10\" rel=\"category\">Pol\u00edtica<\/a>","tag_info":"Pol\u00edtica","comment_count":"0","_links":{"self":[{"href":"https:\/\/noticiasbahia360.com.br\/index.php?rest_route=\/wp\/v2\/posts\/148546","targetHints":{"allow":["GET"]}}],"collection":[{"href":"https:\/\/noticiasbahia360.com.br\/index.php?rest_route=\/wp\/v2\/posts"}],"about":[{"href":"https:\/\/noticiasbahia360.com.br\/index.php?rest_route=\/wp\/v2\/types\/post"}],"author":[{"embeddable":true,"href":"https:\/\/noticiasbahia360.com.br\/index.php?rest_route=\/wp\/v2\/users\/1"}],"replies":[{"embeddable":true,"href":"https:\/\/noticiasbahia360.com.br\/index.php?rest_route=%2Fwp%2Fv2%2Fcomments&post=148546"}],"version-history":[{"count":0,"href":"https:\/\/noticiasbahia360.com.br\/index.php?rest_route=\/wp\/v2\/posts\/148546\/revisions"}],"wp:featuredmedia":[{"embeddable":true,"href":"https:\/\/noticiasbahia360.com.br\/index.php?rest_route=\/wp\/v2\/media\/148547"}],"wp:attachment":[{"href":"https:\/\/noticiasbahia360.com.br\/index.php?rest_route=%2Fwp%2Fv2%2Fmedia&parent=148546"}],"wp:term":[{"taxonomy":"category","embeddable":true,"href":"https:\/\/noticiasbahia360.com.br\/index.php?rest_route=%2Fwp%2Fv2%2Fcategories&post=148546"},{"taxonomy":"post_tag","embeddable":true,"href":"https:\/\/noticiasbahia360.com.br\/index.php?rest_route=%2Fwp%2Fv2%2Ftags&post=148546"}],"curies":[{"name":"wp","href":"https:\/\/api.w.org\/{rel}","templated":true}]}}