{"id":148548,"date":"2026-09-02T18:02:23","date_gmt":"2026-09-02T21:02:23","guid":{"rendered":"https:\/\/noticiasbahia360.com.br\/?p=148548"},"modified":"2026-09-02T18:02:23","modified_gmt":"2026-09-02T21:02:23","slug":"ministro-manda-eduardo-bolsonaro-retirar-posts-de-desinformacao-sobre-urnas-das-redes-sociais","status":"publish","type":"post","link":"https:\/\/noticiasbahia360.com.br\/?p=148548","title":{"rendered":"Ministro manda Eduardo Bolsonaro retirar posts de desinforma\u00e7\u00e3o sobre urnas das redes sociais"},"content":{"rendered":"<div>\n<div>\n<figure><img decoding=\"async\" src=\"http:\/\/noticiasbahia360.com.br\/wp-content\/uploads\/2026\/09\/Eduardo-Bolsonaro-foto-Lula-Marques-abr.jpg\" alt=\"Eduardo Bolsonaro\"><figcaption>Foto: Lula Marques\/Ag\u00eancia Brasil <\/figcaption><\/figure>\n<\/div>\n<p class=\"wp-block-paragraph\">Ag\u00eancia Brasil \u2013 O presidente do Tribunal Superior Eleitoral (TSE), ministro Nunes Marques, determinou que o ex-deputado federal Eduardo Bolsonaro retire de suas redes sociais postagens com desinforma\u00e7\u00e3o sobre as urnas eletr\u00f4nicas. A decis\u00e3o foi assinada na \u00faltima segunda-feira (31) e divulgada nesta quarta-feira (2).<\/p>\n<p class=\"wp-block-paragraph\">O ministro atendeu ao pedido de retirada feito pela Federa\u00e7\u00e3o Brasil da Esperan\u00e7a, formada pelo PT, PCdoB e PV, ap\u00f3s perfis de apoiadores do ex-presidente Jair Bolsonaro replicarem uma postagem que relaciona indevidamente a empresa venezuelana Starmatic com as urnas eletr\u00f4nicas brasileiras.<\/p>\n<p class=\"wp-block-paragraph\">A desinforma\u00e7\u00e3o circula desde 2020 e j\u00e1 foi diversas vezes desmentida pela Justi\u00e7a Eleitoral. A Starmatic n\u00e3o forneceu urnas para o Brasil.<\/p>\n<p class=\"wp-block-paragraph\">Na decis\u00e3o, Kassio deu prazo de 24 horas para Eduardo retirar os posts e proibiu o ex-deputado de fazer novas postagens de desinforma\u00e7\u00e3o contra as urnas eletr\u00f4nicas.<\/p>\n<p class=\"wp-block-paragraph\">\u201cA perman\u00eancia do conte\u00fado impugnado, \u00e0s v\u00e9speras do in\u00edcio da propaganda eleitoral, \u00e9 apta a consolidar no eleitorado percep\u00e7\u00e3o de inseguran\u00e7a quanto ao sistema eletr\u00f4nico de vota\u00e7\u00e3o, fundada em alega\u00e7\u00e3o j\u00e1 conclusivamente afastada por esta Justi\u00e7a Especializada, o que recomenda a atua\u00e7\u00e3o cautelar imediata\u201d, decidiu o ministro.<\/p>\n<p class=\"wp-block-paragraph\">Em junho deste ano, o STF condenou Eduardo Bolsonaro a 4 anos e dois meses de pris\u00e3o em regime semiaberto pelo crime de coa\u00e7\u00e3o no curso do processo, na a\u00e7\u00e3o sobre o tarifa\u00e7o dos Estados Unidos contra as exporta\u00e7\u00f5es brasileiras.<\/p>\n<p class=\"wp-block-paragraph\">No ano passado, ele deixou o Brasil, foi morar nos Estados Unidos e perdeu o mandato de deputado por faltar \u00e0s sess\u00f5es da C\u00e2mara dos Deputados.<\/p>\n<p class=\"wp-block-paragraph\"><em>Siga o Acorda Cidade no\u00a0<\/em><a href=\"https:\/\/news.google.com\/search?q=acorda%20cidade&amp;hl=pt-BR&amp;gl=BR&amp;ceid=BR%3Apt-419\"><strong><em>Google Not\u00edcias<\/em><\/strong><\/a><em>\u00a0e receba os principais destaques do dia. Participe tamb\u00e9m dos nossos canais no\u00a0<\/em><a href=\"https:\/\/www.whatsapp.com\/channel\/0029Va6Rb4v3WHTNnsh8WI3N\"><strong><em>WhatsApp<\/em><\/strong><\/a><em>\u00a0e\u00a0<\/em><a href=\"https:\/\/www.youtube.com\/@acordacidadenoticias\/videos\"><strong>YouTube<\/strong><\/a><em>\u00a0e grupo de\u00a0<\/em><a href=\"https:\/\/t.me\/+sSz0khrgARA0ZmRh\"><strong><em>Telegram<\/em><\/strong><\/a><em>.<\/em><\/p>\n<\/div>\n","protected":false},"excerpt":{"rendered":"<p>Foto: Lula Marques\/Ag\u00eancia Brasil Ag\u00eancia Brasil \u2013 O presidente do Tribunal Superior Eleitoral (TSE), ministro<\/p>\n","protected":false},"author":1,"featured_media":148549,"comment_status":"closed","ping_status":"closed","sticky":false,"template":"","format":"gallery","meta":{"footnotes":""},"categories":[8,9,6,57,56,10],"tags":[],"class_list":["post-148548","post","type-post","status-publish","format-gallery","has-post-thumbnail","hentry","category-bahia","category-brasil","category-feira-de-santana","category-mundo","category-policia","category-politica","post_format-post-format-gallery"],"featured_image_urls":{"full":["https:\/\/noticiasbahia360.com.br\/wp-content\/uploads\/2026\/09\/Eduardo-Bolsonaro-foto-Lula-Marques-abr.jpg",1200,718,false],"thumbnail":["https:\/\/noticiasbahia360.com.br\/wp-content\/uploads\/2026\/09\/Eduardo-Bolsonaro-foto-Lula-Marques-abr-150x150.jpg",150,150,true],"medium":["https:\/\/noticiasbahia360.com.br\/wp-content\/uploads\/2026\/09\/Eduardo-Bolsonaro-foto-Lula-Marques-abr-300x180.jpg",300,180,true],"medium_large":["https:\/\/noticiasbahia360.com.br\/wp-content\/uploads\/2026\/09\/Eduardo-Bolsonaro-foto-Lula-Marques-abr-768x460.jpg",640,383,true],"large":["https:\/\/noticiasbahia360.com.br\/wp-content\/uploads\/2026\/09\/Eduardo-Bolsonaro-foto-Lula-Marques-abr-1024x613.jpg",640,383,true],"1536x1536":["https:\/\/noticiasbahia360.com.br\/wp-content\/uploads\/2026\/09\/Eduardo-Bolsonaro-foto-Lula-Marques-abr.jpg",1200,718,false],"2048x2048":["https:\/\/noticiasbahia360.com.br\/wp-content\/uploads\/2026\/09\/Eduardo-Bolsonaro-foto-Lula-Marques-abr.jpg",1200,718,false],"chromenews-featured":["https:\/\/noticiasbahia360.com.br\/wp-content\/uploads\/2026\/09\/Eduardo-Bolsonaro-foto-Lula-Marques-abr-1024x613.jpg",1024,613,true],"chromenews-large":["https:\/\/noticiasbahia360.com.br\/wp-content\/uploads\/2026\/09\/Eduardo-Bolsonaro-foto-Lula-Marques-abr-825x575.jpg",825,575,true],"chromenews-medium":["https:\/\/noticiasbahia360.com.br\/wp-content\/uploads\/2026\/09\/Eduardo-Bolsonaro-foto-Lula-Marques-abr-590x410.jpg",590,410,true]},"author_info":{"display_name":"noticiasbahia360.com.br","author_link":"https:\/\/noticiasbahia360.com.br\/?author=1"},"category_info":"<a href=\"https:\/\/noticiasbahia360.com.br\/?cat=8\" rel=\"category\">Bahia<\/a> <a href=\"https:\/\/noticiasbahia360.com.br\/?cat=9\" rel=\"category\">Brasil<\/a> <a href=\"https:\/\/noticiasbahia360.com.br\/?cat=6\" rel=\"category\">Feira de Santana<\/a> <a href=\"https:\/\/noticiasbahia360.com.br\/?cat=57\" rel=\"category\">Mundo<\/a> <a href=\"https:\/\/noticiasbahia360.com.br\/?cat=56\" rel=\"category\">Pol\u00edcia<\/a> <a href=\"https:\/\/noticiasbahia360.com.br\/?cat=10\" rel=\"category\">Pol\u00edtica<\/a>","tag_info":"Pol\u00edtica","comment_count":"0","_links":{"self":[{"href":"https:\/\/noticiasbahia360.com.br\/index.php?rest_route=\/wp\/v2\/posts\/148548","targetHints":{"allow":["GET"]}}],"collection":[{"href":"https:\/\/noticiasbahia360.com.br\/index.php?rest_route=\/wp\/v2\/posts"}],"about":[{"href":"https:\/\/noticiasbahia360.com.br\/index.php?rest_route=\/wp\/v2\/types\/post"}],"author":[{"embeddable":true,"href":"https:\/\/noticiasbahia360.com.br\/index.php?rest_route=\/wp\/v2\/users\/1"}],"replies":[{"embeddable":true,"href":"https:\/\/noticiasbahia360.com.br\/index.php?rest_route=%2Fwp%2Fv2%2Fcomments&post=148548"}],"version-history":[{"count":0,"href":"https:\/\/noticiasbahia360.com.br\/index.php?rest_route=\/wp\/v2\/posts\/148548\/revisions"}],"wp:featuredmedia":[{"embeddable":true,"href":"https:\/\/noticiasbahia360.com.br\/index.php?rest_route=\/wp\/v2\/media\/148549"}],"wp:attachment":[{"href":"https:\/\/noticiasbahia360.com.br\/index.php?rest_route=%2Fwp%2Fv2%2Fmedia&parent=148548"}],"wp:term":[{"taxonomy":"category","embeddable":true,"href":"https:\/\/noticiasbahia360.com.br\/index.php?rest_route=%2Fwp%2Fv2%2Fcategories&post=148548"},{"taxonomy":"post_tag","embeddable":true,"href":"https:\/\/noticiasbahia360.com.br\/index.php?rest_route=%2Fwp%2Fv2%2Ftags&post=148548"}],"curies":[{"name":"wp","href":"https:\/\/api.w.org\/{rel}","templated":true}]}}