{"id":148550,"date":"2026-09-02T18:02:24","date_gmt":"2026-09-02T21:02:24","guid":{"rendered":"https:\/\/noticiasbahia360.com.br\/?p=148550"},"modified":"2026-09-02T18:02:24","modified_gmt":"2026-09-02T21:02:24","slug":"alerta-da-smt-desvio-provisorio-na-avenida-dr-silvio-matos-nesta-quarta-2","status":"publish","type":"post","link":"https:\/\/noticiasbahia360.com.br\/?p=148550","title":{"rendered":"Alerta da SMT: desvio provis\u00f3rio na Avenida Dr. S\u00edlvio Matos nesta quarta (2)"},"content":{"rendered":"<div>\n<div>\n<figure><img decoding=\"async\" src=\"http:\/\/noticiasbahia360.com.br\/wp-content\/uploads\/2026\/09\/Rua-Silvio-Matos-Foto-Gabriel-Calazans-050226.jpg\" alt=\"Rua Silvio Matos\"><figcaption>Rua Silvio Matos | Foto: Gabriel Calazans<\/figcaption><\/figure>\n<\/div>\n<p class=\"wp-block-paragraph\">A Superintend\u00eancia Municipal de Tr\u00e2nsito (SMT) informa que, a partir desta quarta-feira (2), ser\u00e3o realizadas obras de drenagem na <a href=\"https:\/\/www.acordacidade.com.br\/tag\/avenida\/\" data-type=\"post_tag\" data-id=\"53976\">Avenida <\/a>Dr. S\u00edlvio Matos, nas imedia\u00e7\u00f5es da Avenida Jorge Leal.<\/p>\n<p class=\"wp-block-paragraph\">Durante a execu\u00e7\u00e3o dos servi\u00e7os, o superintendente de Tr\u00e2nsito, Ricardo Cunha, orienta que ser\u00e1 implantado um desvio provis\u00f3rio \u201cpara garantir a seguran\u00e7a dos condutores e permitir o bom andamento das obras\u201d. A interven\u00e7\u00e3o, no entanto, assegura ele, n\u00e3o provocar\u00e1 altera\u00e7\u00e3o no trajeto dos ve\u00edculos, que \u201cdever\u00e3o seguir normalmente o percurso indicado pela sinaliza\u00e7\u00e3o\u201d.<\/p>\n<figure class=\"wp-block-image size-full\"><img fetchpriority=\"high\" decoding=\"async\" width=\"1200\" height=\"1018\" src=\"http:\/\/noticiasbahia360.com.br\/wp-content\/uploads\/2026\/09\/Alerta-da-SMT.jpg\" alt=\"Alerta da SMT\" class=\"wp-image-687309\" srcset=\"http:\/\/noticiasbahia360.com.br\/wp-content\/uploads\/2026\/09\/Alerta-da-SMT.jpg 1200w, https:\/\/uploads.acordacidade.com.br\/2026\/09\/Alerta-da-SMT-750x636.jpg 750w, https:\/\/uploads.acordacidade.com.br\/2026\/09\/Alerta-da-SMT-1000x848.jpg 1000w, https:\/\/uploads.acordacidade.com.br\/2026\/09\/Alerta-da-SMT-450x382.jpg 450w, https:\/\/uploads.acordacidade.com.br\/2026\/09\/Alerta-da-SMT-150x127.jpg 150w\" sizes=\"(max-width: 1200px) 100vw, 1200px\"><figcaption class=\"wp-element-caption\">Foto: Divulga\u00e7\u00e3o\/ Secom<\/figcaption><\/figure>\n<p class=\"wp-block-paragraph\">A previs\u00e3o \u00e9 de que os servi\u00e7os sejam conclu\u00eddos no dia seguinte, quinta-feira (3), com a normaliza\u00e7\u00e3o da circula\u00e7\u00e3o no trecho. Enquanto isso, a orienta\u00e7\u00e3o da SMT \u00e9 que os condutores redobrem a aten\u00e7\u00e3o ao trafegar pela regi\u00e3o, respeitando a sinaliza\u00e7\u00e3o instalada no local.<\/p>\n<p class=\"wp-block-paragraph\"><em>As informa\u00e7\u00f5es s\u00e3o da Secretaria de Comunica\u00e7\u00e3o Social de Feira de Santana (Secom).<\/em><\/p>\n<p class=\"wp-block-paragraph\"><em>Siga o Acorda Cidade no\u00a0<\/em><a href=\"https:\/\/news.google.com\/search?q=acorda%20cidade&amp;hl=pt-BR&amp;gl=BR&amp;ceid=BR%3Apt-419\"><strong><em>Google Not\u00edcias<\/em><\/strong><\/a><em>\u00a0e receba os principais destaques do dia. Participe tamb\u00e9m dos nossos canais no\u00a0<\/em><a href=\"https:\/\/www.whatsapp.com\/channel\/0029Va6Rb4v3WHTNnsh8WI3N\"><strong><em>WhatsApp<\/em><\/strong><\/a><em>\u00a0e\u00a0<\/em><a href=\"https:\/\/www.youtube.com\/@acordacidadenoticias\/videos\"><strong>YouTube<\/strong><\/a><em>\u00a0e grupo de\u00a0<\/em><a href=\"https:\/\/t.me\/+sSz0khrgARA0ZmRh\"><strong><em>Telegram<\/em><\/strong><\/a><em>.<\/em><\/p>\n<\/div>\n","protected":false},"excerpt":{"rendered":"<p>Rua Silvio Matos | Foto: Gabriel Calazans A Superintend\u00eancia Municipal de Tr\u00e2nsito (SMT) informa que,<\/p>\n","protected":false},"author":1,"featured_media":148551,"comment_status":"closed","ping_status":"closed","sticky":false,"template":"","format":"gallery","meta":{"footnotes":""},"categories":[8,9,6,57,56,10],"tags":[],"class_list":["post-148550","post","type-post","status-publish","format-gallery","has-post-thumbnail","hentry","category-bahia","category-brasil","category-feira-de-santana","category-mundo","category-policia","category-politica","post_format-post-format-gallery"],"featured_image_urls":{"full":["https:\/\/noticiasbahia360.com.br\/wp-content\/uploads\/2026\/09\/Rua-Silvio-Matos-Foto-Gabriel-Calazans-050226.jpg",1200,800,false],"thumbnail":["https:\/\/noticiasbahia360.com.br\/wp-content\/uploads\/2026\/09\/Rua-Silvio-Matos-Foto-Gabriel-Calazans-050226-150x150.jpg",150,150,true],"medium":["https:\/\/noticiasbahia360.com.br\/wp-content\/uploads\/2026\/09\/Rua-Silvio-Matos-Foto-Gabriel-Calazans-050226-300x200.jpg",300,200,true],"medium_large":["https:\/\/noticiasbahia360.com.br\/wp-content\/uploads\/2026\/09\/Rua-Silvio-Matos-Foto-Gabriel-Calazans-050226-768x512.jpg",640,427,true],"large":["https:\/\/noticiasbahia360.com.br\/wp-content\/uploads\/2026\/09\/Rua-Silvio-Matos-Foto-Gabriel-Calazans-050226-1024x683.jpg",640,427,true],"1536x1536":["https:\/\/noticiasbahia360.com.br\/wp-content\/uploads\/2026\/09\/Rua-Silvio-Matos-Foto-Gabriel-Calazans-050226.jpg",1200,800,false],"2048x2048":["https:\/\/noticiasbahia360.com.br\/wp-content\/uploads\/2026\/09\/Rua-Silvio-Matos-Foto-Gabriel-Calazans-050226.jpg",1200,800,false],"chromenews-featured":["https:\/\/noticiasbahia360.com.br\/wp-content\/uploads\/2026\/09\/Rua-Silvio-Matos-Foto-Gabriel-Calazans-050226-1024x683.jpg",1024,683,true],"chromenews-large":["https:\/\/noticiasbahia360.com.br\/wp-content\/uploads\/2026\/09\/Rua-Silvio-Matos-Foto-Gabriel-Calazans-050226-825x575.jpg",825,575,true],"chromenews-medium":["https:\/\/noticiasbahia360.com.br\/wp-content\/uploads\/2026\/09\/Rua-Silvio-Matos-Foto-Gabriel-Calazans-050226-590x410.jpg",590,410,true]},"author_info":{"display_name":"noticiasbahia360.com.br","author_link":"https:\/\/noticiasbahia360.com.br\/?author=1"},"category_info":"<a href=\"https:\/\/noticiasbahia360.com.br\/?cat=8\" rel=\"category\">Bahia<\/a> <a href=\"https:\/\/noticiasbahia360.com.br\/?cat=9\" rel=\"category\">Brasil<\/a> <a href=\"https:\/\/noticiasbahia360.com.br\/?cat=6\" rel=\"category\">Feira de Santana<\/a> <a href=\"https:\/\/noticiasbahia360.com.br\/?cat=57\" rel=\"category\">Mundo<\/a> <a href=\"https:\/\/noticiasbahia360.com.br\/?cat=56\" rel=\"category\">Pol\u00edcia<\/a> <a href=\"https:\/\/noticiasbahia360.com.br\/?cat=10\" rel=\"category\">Pol\u00edtica<\/a>","tag_info":"Pol\u00edtica","comment_count":"0","_links":{"self":[{"href":"https:\/\/noticiasbahia360.com.br\/index.php?rest_route=\/wp\/v2\/posts\/148550","targetHints":{"allow":["GET"]}}],"collection":[{"href":"https:\/\/noticiasbahia360.com.br\/index.php?rest_route=\/wp\/v2\/posts"}],"about":[{"href":"https:\/\/noticiasbahia360.com.br\/index.php?rest_route=\/wp\/v2\/types\/post"}],"author":[{"embeddable":true,"href":"https:\/\/noticiasbahia360.com.br\/index.php?rest_route=\/wp\/v2\/users\/1"}],"replies":[{"embeddable":true,"href":"https:\/\/noticiasbahia360.com.br\/index.php?rest_route=%2Fwp%2Fv2%2Fcomments&post=148550"}],"version-history":[{"count":0,"href":"https:\/\/noticiasbahia360.com.br\/index.php?rest_route=\/wp\/v2\/posts\/148550\/revisions"}],"wp:featuredmedia":[{"embeddable":true,"href":"https:\/\/noticiasbahia360.com.br\/index.php?rest_route=\/wp\/v2\/media\/148551"}],"wp:attachment":[{"href":"https:\/\/noticiasbahia360.com.br\/index.php?rest_route=%2Fwp%2Fv2%2Fmedia&parent=148550"}],"wp:term":[{"taxonomy":"category","embeddable":true,"href":"https:\/\/noticiasbahia360.com.br\/index.php?rest_route=%2Fwp%2Fv2%2Fcategories&post=148550"},{"taxonomy":"post_tag","embeddable":true,"href":"https:\/\/noticiasbahia360.com.br\/index.php?rest_route=%2Fwp%2Fv2%2Ftags&post=148550"}],"curies":[{"name":"wp","href":"https:\/\/api.w.org\/{rel}","templated":true}]}}