{"id":148555,"date":"2026-09-02T18:02:27","date_gmt":"2026-09-02T21:02:27","guid":{"rendered":"https:\/\/noticiasbahia360.com.br\/?p=148555"},"modified":"2026-09-02T18:02:27","modified_gmt":"2026-09-02T21:02:27","slug":"suspeito-de-homicidio-e-tentativa-de-feminicidio-e-preso-em-salvador","status":"publish","type":"post","link":"https:\/\/noticiasbahia360.com.br\/?p=148555","title":{"rendered":"Suspeito de homic\u00eddio e tentativa de feminic\u00eddio \u00e9 preso em Salvador"},"content":{"rendered":"<div>\n<div>\n<figure><img decoding=\"async\" src=\"http:\/\/noticiasbahia360.com.br\/wp-content\/uploads\/2026\/09\/Operacao-Integrada-prende-foragido-da-Justica-baiana.jpg\" alt=\"Opera\u00e7\u00e3o Integrada prende foragido da Justi\u00e7a baiana\"><figcaption>Foto: Ascom\/Pol\u00edcia Civil<\/figcaption><\/figure>\n<\/div>\n<p class=\"wp-block-paragraph\">Nesta quarta-feira (2), a Pol\u00edcia Civil cumpriu um mandado de pris\u00e3o preventiva contra um homem, de 26 anos, investigado pelo homic\u00eddio de Keyvison Dias Silva Santos, de 27 anos, e pela tentativa de feminic\u00eddio contra a ex-companheira dele, de 24 anos. Os crimes ocorreram no dia 23 de julho, no bairro S\u00e3o Marcos, em Salvador.<\/p>\n<p class=\"wp-block-paragraph\">As investiga\u00e7\u00f5es apontam que, na noite do crime, o investigado abordou a ex-companheira, de 24 anos, e o atual companheiro dela, Keyvison Dias, enquanto o casal transitava pelo <a href=\"https:\/\/www.acordacidade.com.br\/tag\/bairro\/\" data-type=\"post_tag\" data-id=\"48630\">bairro<\/a>. Segundo apurado, ele desferiu golpes de arma branca contra ambos. A mulher foi atingida e conseguiu fugir, sendo socorrida para uma unidade de sa\u00fade. O homem, atingido na regi\u00e3o do pesco\u00e7o, n\u00e3o resistiu aos ferimentos.<\/p>\n<p class=\"wp-block-paragraph\">Dilig\u00eancias estavam em curso para localizar e prender o investigado, que compareceu \u00e0 sede do Departamento de Homic\u00eddios e Prote\u00e7\u00e3o \u00e0 Pessoa (DHPP), onde a ordem judicial foi cumprida. O cumprimento da ordem judicial aconteceu no \u00e2mbito da Opera\u00e7\u00e3o Malhas da Lei.<\/p>\n<p class=\"wp-block-paragraph\">As apura\u00e7\u00f5es, conduzidas pela 2\u00aa Delegacia de Homic\u00eddios (DH\/Central), prosseguem para o esclarecimento da motiva\u00e7\u00e3o e das demais circunst\u00e2ncias dos fatos. O custodiado permanece \u00e0 disposi\u00e7\u00e3o do Poder Judici\u00e1rio.<\/p>\n<p class=\"wp-block-paragraph\"><em>Siga o Acorda Cidade no<a href=\"https:\/\/news.google.com\/search?q=acorda%20cidade&amp;hl=pt-BR&amp;gl=BR&amp;ceid=BR%3Apt-419\" target=\"_blank\" rel=\"noreferrer noopener\">\u00a0Google Not\u00edcias<\/a>\u00a0e receba os principais destaques do dia.\u00a0Participe tamb\u00e9m dos nossos grupos no\u00a0<a href=\"https:\/\/chat.whatsapp.com\/Fj2agnR6CdwLEb9Uqew8QI\" target=\"_blank\" rel=\"noreferrer noopener\">WhatsApp<\/a>\u00a0e\u00a0<a href=\"https:\/\/t.me\/+sSz0khrgARA0ZmRh\" target=\"_blank\" rel=\"noreferrer noopener\">Telegram<\/a><\/em><\/p>\n<\/div>\n","protected":false},"excerpt":{"rendered":"<p>Foto: Ascom\/Pol\u00edcia Civil Nesta quarta-feira (2), a Pol\u00edcia Civil cumpriu um mandado de pris\u00e3o preventiva<\/p>\n","protected":false},"author":1,"featured_media":148556,"comment_status":"closed","ping_status":"closed","sticky":false,"template":"","format":"gallery","meta":{"footnotes":""},"categories":[8,9,6,57,56,10],"tags":[],"class_list":["post-148555","post","type-post","status-publish","format-gallery","has-post-thumbnail","hentry","category-bahia","category-brasil","category-feira-de-santana","category-mundo","category-policia","category-politica","post_format-post-format-gallery"],"featured_image_urls":{"full":["https:\/\/noticiasbahia360.com.br\/wp-content\/uploads\/2026\/09\/Operacao-Integrada-prende-foragido-da-Justica-baiana.jpg",1200,900,false],"thumbnail":["https:\/\/noticiasbahia360.com.br\/wp-content\/uploads\/2026\/09\/Operacao-Integrada-prende-foragido-da-Justica-baiana-150x150.jpg",150,150,true],"medium":["https:\/\/noticiasbahia360.com.br\/wp-content\/uploads\/2026\/09\/Operacao-Integrada-prende-foragido-da-Justica-baiana-300x225.jpg",300,225,true],"medium_large":["https:\/\/noticiasbahia360.com.br\/wp-content\/uploads\/2026\/09\/Operacao-Integrada-prende-foragido-da-Justica-baiana-768x576.jpg",640,480,true],"large":["https:\/\/noticiasbahia360.com.br\/wp-content\/uploads\/2026\/09\/Operacao-Integrada-prende-foragido-da-Justica-baiana-1024x768.jpg",640,480,true],"1536x1536":["https:\/\/noticiasbahia360.com.br\/wp-content\/uploads\/2026\/09\/Operacao-Integrada-prende-foragido-da-Justica-baiana.jpg",1200,900,false],"2048x2048":["https:\/\/noticiasbahia360.com.br\/wp-content\/uploads\/2026\/09\/Operacao-Integrada-prende-foragido-da-Justica-baiana.jpg",1200,900,false],"chromenews-featured":["https:\/\/noticiasbahia360.com.br\/wp-content\/uploads\/2026\/09\/Operacao-Integrada-prende-foragido-da-Justica-baiana-1024x768.jpg",1024,768,true],"chromenews-large":["https:\/\/noticiasbahia360.com.br\/wp-content\/uploads\/2026\/09\/Operacao-Integrada-prende-foragido-da-Justica-baiana-825x575.jpg",825,575,true],"chromenews-medium":["https:\/\/noticiasbahia360.com.br\/wp-content\/uploads\/2026\/09\/Operacao-Integrada-prende-foragido-da-Justica-baiana-590x410.jpg",590,410,true]},"author_info":{"display_name":"noticiasbahia360.com.br","author_link":"https:\/\/noticiasbahia360.com.br\/?author=1"},"category_info":"<a href=\"https:\/\/noticiasbahia360.com.br\/?cat=8\" rel=\"category\">Bahia<\/a> <a href=\"https:\/\/noticiasbahia360.com.br\/?cat=9\" rel=\"category\">Brasil<\/a> <a href=\"https:\/\/noticiasbahia360.com.br\/?cat=6\" rel=\"category\">Feira de Santana<\/a> <a href=\"https:\/\/noticiasbahia360.com.br\/?cat=57\" rel=\"category\">Mundo<\/a> <a href=\"https:\/\/noticiasbahia360.com.br\/?cat=56\" rel=\"category\">Pol\u00edcia<\/a> <a href=\"https:\/\/noticiasbahia360.com.br\/?cat=10\" rel=\"category\">Pol\u00edtica<\/a>","tag_info":"Pol\u00edtica","comment_count":"0","_links":{"self":[{"href":"https:\/\/noticiasbahia360.com.br\/index.php?rest_route=\/wp\/v2\/posts\/148555","targetHints":{"allow":["GET"]}}],"collection":[{"href":"https:\/\/noticiasbahia360.com.br\/index.php?rest_route=\/wp\/v2\/posts"}],"about":[{"href":"https:\/\/noticiasbahia360.com.br\/index.php?rest_route=\/wp\/v2\/types\/post"}],"author":[{"embeddable":true,"href":"https:\/\/noticiasbahia360.com.br\/index.php?rest_route=\/wp\/v2\/users\/1"}],"replies":[{"embeddable":true,"href":"https:\/\/noticiasbahia360.com.br\/index.php?rest_route=%2Fwp%2Fv2%2Fcomments&post=148555"}],"version-history":[{"count":0,"href":"https:\/\/noticiasbahia360.com.br\/index.php?rest_route=\/wp\/v2\/posts\/148555\/revisions"}],"wp:featuredmedia":[{"embeddable":true,"href":"https:\/\/noticiasbahia360.com.br\/index.php?rest_route=\/wp\/v2\/media\/148556"}],"wp:attachment":[{"href":"https:\/\/noticiasbahia360.com.br\/index.php?rest_route=%2Fwp%2Fv2%2Fmedia&parent=148555"}],"wp:term":[{"taxonomy":"category","embeddable":true,"href":"https:\/\/noticiasbahia360.com.br\/index.php?rest_route=%2Fwp%2Fv2%2Fcategories&post=148555"},{"taxonomy":"post_tag","embeddable":true,"href":"https:\/\/noticiasbahia360.com.br\/index.php?rest_route=%2Fwp%2Fv2%2Ftags&post=148555"}],"curies":[{"name":"wp","href":"https:\/\/api.w.org\/{rel}","templated":true}]}}