{"id":148557,"date":"2026-09-02T18:02:28","date_gmt":"2026-09-02T21:02:28","guid":{"rendered":"https:\/\/noticiasbahia360.com.br\/?p=148557"},"modified":"2026-09-02T18:02:28","modified_gmt":"2026-09-02T21:02:28","slug":"mutirao-da-defensoria-atende-1-531-pessoas-no-conjunto-penal-de-feira-de-santana","status":"publish","type":"post","link":"https:\/\/noticiasbahia360.com.br\/?p=148557","title":{"rendered":"Mutir\u00e3o da Defensoria atende 1.531 pessoas no Conjunto Penal de Feira de Santana"},"content":{"rendered":"<div>\n<div>\n<figure><img decoding=\"async\" src=\"http:\/\/noticiasbahia360.com.br\/wp-content\/uploads\/2026\/09\/mutirao-defensoria-publica-detentos.jpg\" alt=\"Mutir\u00e3o da Defensoria P\u00fablica revisa penas de cerca de 1.800 presos em Feira de Santana\"><figcaption>Foto: Reprodu\u00e7\u00e3o\/Defensoria P\u00fablica<\/figcaption><\/figure>\n<\/div>\n<p class=\"wp-block-paragraph\">O mutir\u00e3o de revis\u00e3o processual das pessoas privadas de liberdade realizado pela Defensoria P\u00fablica do Estado da Bahia (DPE\/BA), que aconteceu entre 11 e 28 de agosto no Conjunto Penal de Feira de Santana, bateu recorde com a presta\u00e7\u00e3o de servi\u00e7os a 1.531 internos, o que representa quase 88% da <a href=\"https:\/\/www.acordacidade.com.br\/tag\/populacao\/\" data-type=\"post_tag\" data-id=\"34385\">popula\u00e7\u00e3o<\/a> do local que, na ocasi\u00e3o, contava 1.759 pessoas. Este foi o maior mutir\u00e3o j\u00e1 realizado pela Unidade M\u00f3vel de Atendimento (UMA) Criminal.<\/p>\n<p class=\"wp-block-paragraph\">A iniciativa faz parte do projeto Dignidade e Justi\u00e7a no Sistema Prisional, da Especializada Criminal e de Execu\u00e7\u00e3o Penal da DPE\/BA, que leva a Unidade M\u00f3vel de Atendimento para ampliar a assist\u00eancia jur\u00eddica nas unidades prisionais da Bahia. O objetivo principal foi o de verificar a regularidade no cumprimento das penas para a garantia direitos de internos e internas.<\/p>\n<figure class=\"wp-block-image size-full\"><img fetchpriority=\"high\" fetchpriority=\"high\" decoding=\"async\" width=\"1200\" height=\"900\" src=\"http:\/\/noticiasbahia360.com.br\/wp-content\/uploads\/2026\/09\/mutirao-defensoria-publica.jpg\" alt=\"Mutir\u00e3o da Defensoria atende 1.531 pessoas no Conjunto Penal de Feira de Santana\" class=\"wp-image-687328\" srcset=\"http:\/\/noticiasbahia360.com.br\/wp-content\/uploads\/2026\/09\/mutirao-defensoria-publica.jpg 1200w, https:\/\/uploads.acordacidade.com.br\/2026\/09\/mutirao-defensoria-publica-750x563.jpg 750w, https:\/\/uploads.acordacidade.com.br\/2026\/09\/mutirao-defensoria-publica-1000x750.jpg 1000w, https:\/\/uploads.acordacidade.com.br\/2026\/09\/mutirao-defensoria-publica-450x338.jpg 450w, https:\/\/uploads.acordacidade.com.br\/2026\/09\/mutirao-defensoria-publica-150x113.jpg 150w\" sizes=\"(max-width: 1200px) 100vw, 1200px\"><figcaption class=\"wp-element-caption\">Foto: Reprodu\u00e7\u00e3o\/Defensoria P\u00fablica<\/figcaption><\/figure>\n<p class=\"wp-block-paragraph\">O coordenador da Especializada Criminal e de Execu\u00e7\u00e3o Penal, Daniel Nicory, avalia que a a\u00e7\u00e3o foi desafiadora para a DPE, mas o resultado surpreendeu as expectativas.<\/p>\n<p class=\"wp-block-paragraph\">\u201cNestas tr\u00eas semanas, atendemos quase toda a unidade. Foi um grande desafio, sendo ao total 1.531 atendimentos, al\u00e9m de 228 recusas, quase toda a popula\u00e7\u00e3o carcer\u00e1ria do Conjunto Penal de Feira de Santana. Identificamos 340 relatos de demanda por servi\u00e7os de sa\u00fade, bem como 270 de assist\u00eancia social, que ser\u00e3o devidamente encaminhados via of\u00edcio para o Conjunto Penal de Feira de Santana (CPFS). Contamos com o apoio dos servidores e defensores de Feira de Santana, bem como de Salvador. Nossa ideia foi n\u00e3o deixar ningu\u00e9m esquecida ou esquecido e fazer o m\u00e1ximo poss\u00edvel para regularizar as situa\u00e7\u00f5es processuais e garantir direitos\u201d, disse o defensor.<\/p>\n<h2 id=\"h-atuacao\" class=\"wp-block-heading\">Atua\u00e7\u00e3o<\/h2>\n<p class=\"wp-block-paragraph\">Um dos casos revisionados inclui o de um homem preso h\u00e1 mais de seis meses por suposto roubo, quando ainda menor de 18 anos na data do ocorrido e, portanto, n\u00e3o poderia responder \u00e0 Justi\u00e7a Criminal comum como adulto. Embora a documenta\u00e7\u00e3o j\u00e1 existente no processo comprovasse sua idade \u00e0 \u00e9poca do fato, a Defensoria apresentou documentos adicionais que refor\u00e7aram essa informa\u00e7\u00e3o.<\/p>\n<p class=\"wp-block-paragraph\">A partir da atua\u00e7\u00e3o da Defensoria, a Justi\u00e7a reconheceu a ilegalidade da pris\u00e3o preventiva, anulou o processo e determinou que o caso fosse encaminhado para a Justi\u00e7a da Inf\u00e2ncia e Juventude. A Justi\u00e7a expediu alvar\u00e1 de soltura, cumprido em 26 de agosto, mas o assistido foi transferido para uma Comunidade de Atendimento Socioeducativo (Case), por conta de outro fato que teria praticado durante a adolesc\u00eancia, diferente daquele que motivou sua pris\u00e3o no CPFS. Esse segundo caso ainda n\u00e3o foi julgado.<\/p>\n<p class=\"wp-block-paragraph\">Durante os 17 dias de mutir\u00e3o, mais de 20 defensores(as) p\u00fablicos(as), servidores(as) e residentes jur\u00eddicos consultaram, individualmente, os processos e analisaram exist\u00eancia de senten\u00e7a, se a execu\u00e7\u00e3o das penas estava ocorrendo de acordo com o que foi determinado pela Justi\u00e7a e se existiam medidas que precisavam ser adotadas pela defesa.<\/p>\n<p class=\"wp-block-paragraph\"><em>Siga o Acorda Cidade no<a href=\"https:\/\/news.google.com\/search?q=acorda%20cidade&amp;hl=pt-BR&amp;gl=BR&amp;ceid=BR%3Apt-419\" target=\"_blank\" rel=\"noreferrer noopener\">\u00a0Google Not\u00edcias<\/a>\u00a0e receba os principais destaques do dia.\u00a0Participe tamb\u00e9m dos nossos grupos no\u00a0<a href=\"https:\/\/chat.whatsapp.com\/Fj2agnR6CdwLEb9Uqew8QI\" target=\"_blank\" rel=\"noreferrer noopener\">WhatsApp<\/a>\u00a0e\u00a0<a href=\"https:\/\/t.me\/+sSz0khrgARA0ZmRh\" target=\"_blank\" rel=\"noreferrer noopener\">Telegram<\/a><\/em><\/p>\n<\/div>\n","protected":false},"excerpt":{"rendered":"<p>Foto: Reprodu\u00e7\u00e3o\/Defensoria P\u00fablica O mutir\u00e3o de revis\u00e3o processual das pessoas privadas de liberdade realizado pela<\/p>\n","protected":false},"author":1,"featured_media":148558,"comment_status":"closed","ping_status":"closed","sticky":false,"template":"","format":"gallery","meta":{"footnotes":""},"categories":[8,9,6,57,56,10],"tags":[],"class_list":["post-148557","post","type-post","status-publish","format-gallery","has-post-thumbnail","hentry","category-bahia","category-brasil","category-feira-de-santana","category-mundo","category-policia","category-politica","post_format-post-format-gallery"],"featured_image_urls":{"full":["https:\/\/noticiasbahia360.com.br\/wp-content\/uploads\/2026\/09\/mutirao-defensoria-publica-detentos.jpg",1200,655,false],"thumbnail":["https:\/\/noticiasbahia360.com.br\/wp-content\/uploads\/2026\/09\/mutirao-defensoria-publica-detentos-150x150.jpg",150,150,true],"medium":["https:\/\/noticiasbahia360.com.br\/wp-content\/uploads\/2026\/09\/mutirao-defensoria-publica-detentos-300x164.jpg",300,164,true],"medium_large":["https:\/\/noticiasbahia360.com.br\/wp-content\/uploads\/2026\/09\/mutirao-defensoria-publica-detentos-768x419.jpg",640,349,true],"large":["https:\/\/noticiasbahia360.com.br\/wp-content\/uploads\/2026\/09\/mutirao-defensoria-publica-detentos-1024x559.jpg",640,349,true],"1536x1536":["https:\/\/noticiasbahia360.com.br\/wp-content\/uploads\/2026\/09\/mutirao-defensoria-publica-detentos.jpg",1200,655,false],"2048x2048":["https:\/\/noticiasbahia360.com.br\/wp-content\/uploads\/2026\/09\/mutirao-defensoria-publica-detentos.jpg",1200,655,false],"chromenews-featured":["https:\/\/noticiasbahia360.com.br\/wp-content\/uploads\/2026\/09\/mutirao-defensoria-publica-detentos-1024x559.jpg",1024,559,true],"chromenews-large":["https:\/\/noticiasbahia360.com.br\/wp-content\/uploads\/2026\/09\/mutirao-defensoria-publica-detentos-825x575.jpg",825,575,true],"chromenews-medium":["https:\/\/noticiasbahia360.com.br\/wp-content\/uploads\/2026\/09\/mutirao-defensoria-publica-detentos-590x410.jpg",590,410,true]},"author_info":{"display_name":"noticiasbahia360.com.br","author_link":"https:\/\/noticiasbahia360.com.br\/?author=1"},"category_info":"<a href=\"https:\/\/noticiasbahia360.com.br\/?cat=8\" rel=\"category\">Bahia<\/a> <a href=\"https:\/\/noticiasbahia360.com.br\/?cat=9\" rel=\"category\">Brasil<\/a> <a href=\"https:\/\/noticiasbahia360.com.br\/?cat=6\" rel=\"category\">Feira de Santana<\/a> <a href=\"https:\/\/noticiasbahia360.com.br\/?cat=57\" rel=\"category\">Mundo<\/a> <a href=\"https:\/\/noticiasbahia360.com.br\/?cat=56\" rel=\"category\">Pol\u00edcia<\/a> <a href=\"https:\/\/noticiasbahia360.com.br\/?cat=10\" rel=\"category\">Pol\u00edtica<\/a>","tag_info":"Pol\u00edtica","comment_count":"0","_links":{"self":[{"href":"https:\/\/noticiasbahia360.com.br\/index.php?rest_route=\/wp\/v2\/posts\/148557","targetHints":{"allow":["GET"]}}],"collection":[{"href":"https:\/\/noticiasbahia360.com.br\/index.php?rest_route=\/wp\/v2\/posts"}],"about":[{"href":"https:\/\/noticiasbahia360.com.br\/index.php?rest_route=\/wp\/v2\/types\/post"}],"author":[{"embeddable":true,"href":"https:\/\/noticiasbahia360.com.br\/index.php?rest_route=\/wp\/v2\/users\/1"}],"replies":[{"embeddable":true,"href":"https:\/\/noticiasbahia360.com.br\/index.php?rest_route=%2Fwp%2Fv2%2Fcomments&post=148557"}],"version-history":[{"count":0,"href":"https:\/\/noticiasbahia360.com.br\/index.php?rest_route=\/wp\/v2\/posts\/148557\/revisions"}],"wp:featuredmedia":[{"embeddable":true,"href":"https:\/\/noticiasbahia360.com.br\/index.php?rest_route=\/wp\/v2\/media\/148558"}],"wp:attachment":[{"href":"https:\/\/noticiasbahia360.com.br\/index.php?rest_route=%2Fwp%2Fv2%2Fmedia&parent=148557"}],"wp:term":[{"taxonomy":"category","embeddable":true,"href":"https:\/\/noticiasbahia360.com.br\/index.php?rest_route=%2Fwp%2Fv2%2Fcategories&post=148557"},{"taxonomy":"post_tag","embeddable":true,"href":"https:\/\/noticiasbahia360.com.br\/index.php?rest_route=%2Fwp%2Fv2%2Ftags&post=148557"}],"curies":[{"name":"wp","href":"https:\/\/api.w.org\/{rel}","templated":true}]}}