{"id":148563,"date":"2026-09-02T19:00:38","date_gmt":"2026-09-02T22:00:38","guid":{"rendered":"https:\/\/noticiasbahia360.com.br\/?p=148563"},"modified":"2026-09-02T19:00:38","modified_gmt":"2026-09-02T22:00:38","slug":"erro-documental-mantem-corpo-de-idosa-de-89-anos-ha-mais-de-dois-meses-no-necroterio-do-cleriston","status":"publish","type":"post","link":"https:\/\/noticiasbahia360.com.br\/?p=148563","title":{"rendered":"Erro documental mant\u00e9m corpo de idosa de 89 anos h\u00e1 mais de dois meses no necrot\u00e9rio do Cl\u00e9riston"},"content":{"rendered":"<div>\n<div>\n<figure><img decoding=\"async\" src=\"http:\/\/noticiasbahia360.com.br\/wp-content\/uploads\/2026\/09\/Maria-de-Jesus-foto-divulgacao-.jpg\" alt=\"Maria de Jesus\"><figcaption>Foto: Reprodu\u00e7\u00e3o \/ Arquivo Pessoal <\/figcaption><\/figure>\n<\/div>\n<p class=\"wp-block-paragraph\">Um erro documental mant\u00e9m o corpo de uma idosa de 89 anos no necrot\u00e9rio do Hospital Geral Cl\u00e9riston Andrade (HGCA), em Feira de Santana, h\u00e1 mais de dois meses. <strong>Maria de Jesus morreu no dia 26 de junho<\/strong>, ap\u00f3s 15 dias de interna\u00e7\u00e3o na unidade, mas a fam\u00edlia, que \u00e9 natural da zona rural de Serrinha, ainda n\u00e3o conseguiu realizar o sepultamento dela devido a uma diverg\u00eancia burocr\u00e1tica.<\/p>\n<p class=\"wp-block-paragraph\">Segundo o g1, o problema ocorre porque o nome da idosa consta como Maria de Jesus nos pr\u00f3prios documentos pessoais, enquanto na certid\u00e3o dos filhos, que s\u00e3o quem pode reivindicar a libera\u00e7\u00e3o do corpo, est\u00e1 registrado que a m\u00e3e deles se chama Maria Maximiliana Alves da Silva. Dessa forma, essa diverg\u00eancia impede a comprova\u00e7\u00e3o legal do parentesco e a consequente libera\u00e7\u00e3o do corpo.<\/p>\n<p class=\"wp-block-paragraph\">Ainda segundo o g1, mesmo com a apresenta\u00e7\u00e3o de documentos antigos e do registro de casamento da idosa, o problema entre a fam\u00edlia e o hospital ainda permanece. Para solucionar o caso, a Defensoria P\u00fablica acionou a Justi\u00e7a para requerer a realiza\u00e7\u00e3o de um exame de DNA.<\/p>\n<p class=\"wp-block-paragraph\">Para a TV Suba\u00e9, afiliada da Rede Globo na regi\u00e3o de Feira de Santana, o neto da idosa, o lavrador Robenilson Bispo dos Santos Silva, fez um apelo por uma resposta r\u00e1pida das autoridades para garantir um sepultamento digno \u00e0 av\u00f3.<\/p>\n<p class=\"wp-block-paragraph\">\u201cO que a gente pede \u00e9 uma solu\u00e7\u00e3o dos \u00f3rg\u00e3os p\u00fablicos para que a gente possa retirar o corpo de nossa av\u00f3 de l\u00e1. Porque ela \u00e9 um ser humano, ela merece um sepultamento digno como os outros, como todos\u201d, refor\u00e7ou Robenilson.<\/p>\n<p class=\"wp-block-paragraph\"><em>Siga o Acorda Cidade no<a href=\"https:\/\/news.google.com\/search?q=acorda%20cidade&amp;hl=pt-BR&amp;gl=BR&amp;ceid=BR%3Apt-419\" target=\"_blank\" rel=\"noreferrer noopener\">\u00a0Google Not\u00edcias<\/a>\u00a0e receba os principais destaques do dia.\u00a0Participe tamb\u00e9m dos nossos grupos no\u00a0<a href=\"https:\/\/chat.whatsapp.com\/Fj2agnR6CdwLEb9Uqew8QI\" target=\"_blank\" rel=\"noreferrer noopener\">WhatsApp<\/a>\u00a0e\u00a0<a href=\"https:\/\/t.me\/+sSz0khrgARA0ZmRh\" target=\"_blank\" rel=\"noreferrer noopener\">Telegram<\/a><\/em><a href=\"https:\/\/www.acordacidade.com.br\/colunas\/dilton-e-feito\/\"><\/a><\/p>\n<\/div>\n","protected":false},"excerpt":{"rendered":"<p>Foto: Reprodu\u00e7\u00e3o \/ Arquivo Pessoal Um erro documental mant\u00e9m o corpo de uma idosa de<\/p>\n","protected":false},"author":1,"featured_media":148564,"comment_status":"closed","ping_status":"closed","sticky":false,"template":"","format":"gallery","meta":{"footnotes":""},"categories":[8,9,6,57,56,10],"tags":[],"class_list":["post-148563","post","type-post","status-publish","format-gallery","has-post-thumbnail","hentry","category-bahia","category-brasil","category-feira-de-santana","category-mundo","category-policia","category-politica","post_format-post-format-gallery"],"featured_image_urls":{"full":["https:\/\/noticiasbahia360.com.br\/wp-content\/uploads\/2026\/09\/Maria-de-Jesus-foto-divulgacao-.jpg",1200,698,false],"thumbnail":["https:\/\/noticiasbahia360.com.br\/wp-content\/uploads\/2026\/09\/Maria-de-Jesus-foto-divulgacao--150x150.jpg",150,150,true],"medium":["https:\/\/noticiasbahia360.com.br\/wp-content\/uploads\/2026\/09\/Maria-de-Jesus-foto-divulgacao--300x175.jpg",300,175,true],"medium_large":["https:\/\/noticiasbahia360.com.br\/wp-content\/uploads\/2026\/09\/Maria-de-Jesus-foto-divulgacao--768x447.jpg",640,373,true],"large":["https:\/\/noticiasbahia360.com.br\/wp-content\/uploads\/2026\/09\/Maria-de-Jesus-foto-divulgacao--1024x596.jpg",640,373,true],"1536x1536":["https:\/\/noticiasbahia360.com.br\/wp-content\/uploads\/2026\/09\/Maria-de-Jesus-foto-divulgacao-.jpg",1200,698,false],"2048x2048":["https:\/\/noticiasbahia360.com.br\/wp-content\/uploads\/2026\/09\/Maria-de-Jesus-foto-divulgacao-.jpg",1200,698,false],"chromenews-featured":["https:\/\/noticiasbahia360.com.br\/wp-content\/uploads\/2026\/09\/Maria-de-Jesus-foto-divulgacao--1024x596.jpg",1024,596,true],"chromenews-large":["https:\/\/noticiasbahia360.com.br\/wp-content\/uploads\/2026\/09\/Maria-de-Jesus-foto-divulgacao--825x575.jpg",825,575,true],"chromenews-medium":["https:\/\/noticiasbahia360.com.br\/wp-content\/uploads\/2026\/09\/Maria-de-Jesus-foto-divulgacao--590x410.jpg",590,410,true]},"author_info":{"display_name":"noticiasbahia360.com.br","author_link":"https:\/\/noticiasbahia360.com.br\/?author=1"},"category_info":"<a href=\"https:\/\/noticiasbahia360.com.br\/?cat=8\" rel=\"category\">Bahia<\/a> <a href=\"https:\/\/noticiasbahia360.com.br\/?cat=9\" rel=\"category\">Brasil<\/a> <a href=\"https:\/\/noticiasbahia360.com.br\/?cat=6\" rel=\"category\">Feira de Santana<\/a> <a href=\"https:\/\/noticiasbahia360.com.br\/?cat=57\" rel=\"category\">Mundo<\/a> <a href=\"https:\/\/noticiasbahia360.com.br\/?cat=56\" rel=\"category\">Pol\u00edcia<\/a> <a href=\"https:\/\/noticiasbahia360.com.br\/?cat=10\" rel=\"category\">Pol\u00edtica<\/a>","tag_info":"Pol\u00edtica","comment_count":"0","_links":{"self":[{"href":"https:\/\/noticiasbahia360.com.br\/index.php?rest_route=\/wp\/v2\/posts\/148563","targetHints":{"allow":["GET"]}}],"collection":[{"href":"https:\/\/noticiasbahia360.com.br\/index.php?rest_route=\/wp\/v2\/posts"}],"about":[{"href":"https:\/\/noticiasbahia360.com.br\/index.php?rest_route=\/wp\/v2\/types\/post"}],"author":[{"embeddable":true,"href":"https:\/\/noticiasbahia360.com.br\/index.php?rest_route=\/wp\/v2\/users\/1"}],"replies":[{"embeddable":true,"href":"https:\/\/noticiasbahia360.com.br\/index.php?rest_route=%2Fwp%2Fv2%2Fcomments&post=148563"}],"version-history":[{"count":0,"href":"https:\/\/noticiasbahia360.com.br\/index.php?rest_route=\/wp\/v2\/posts\/148563\/revisions"}],"wp:featuredmedia":[{"embeddable":true,"href":"https:\/\/noticiasbahia360.com.br\/index.php?rest_route=\/wp\/v2\/media\/148564"}],"wp:attachment":[{"href":"https:\/\/noticiasbahia360.com.br\/index.php?rest_route=%2Fwp%2Fv2%2Fmedia&parent=148563"}],"wp:term":[{"taxonomy":"category","embeddable":true,"href":"https:\/\/noticiasbahia360.com.br\/index.php?rest_route=%2Fwp%2Fv2%2Fcategories&post=148563"},{"taxonomy":"post_tag","embeddable":true,"href":"https:\/\/noticiasbahia360.com.br\/index.php?rest_route=%2Fwp%2Fv2%2Ftags&post=148563"}],"curies":[{"name":"wp","href":"https:\/\/api.w.org\/{rel}","templated":true}]}}