{"id":148567,"date":"2026-09-02T20:02:24","date_gmt":"2026-09-02T23:02:24","guid":{"rendered":"https:\/\/noticiasbahia360.com.br\/?p=148567"},"modified":"2026-09-02T20:02:24","modified_gmt":"2026-09-02T23:02:24","slug":"iniciativa-reune-liderancas-femininas-para-discutir-futuro-do-trabalho-e-transicao-energetica-inscricoes-sao-gratuitas","status":"publish","type":"post","link":"https:\/\/noticiasbahia360.com.br\/?p=148567","title":{"rendered":"Iniciativa re\u00fane lideran\u00e7as femininas para discutir futuro do trabalho e transi\u00e7\u00e3o energ\u00e9tica; inscri\u00e7\u00f5es s\u00e3o gratuitas"},"content":{"rendered":"<div>\n<div>\n<figure><img decoding=\"async\" src=\"http:\/\/noticiasbahia360.com.br\/wp-content\/uploads\/2026\/09\/Energize-Elas-Foto-Divulgacao.jpg\" alt=\"Energize Elas\"><figcaption>Foto: Divulga\u00e7\u00e3o<\/figcaption><\/figure>\n<\/div>\n<p class=\"wp-block-paragraph\">Est\u00e3o abertas as inscri\u00e7\u00f5es para a edi\u00e7\u00e3o Nordeste do<strong> Energize Elas<\/strong>, iniciativa da MPower Brasil voltada \u00e0 forma\u00e7\u00e3o e ao desenvolvimento de lideran\u00e7as femininas para atua\u00e7\u00e3o no setor energ\u00e9tico. Realizada presencialmente <strong>nos dias 14 e 15 de outubro<\/strong> de 2026, a programa\u00e7\u00e3o passar\u00e1 pela <strong>Universidade Federal do Rec\u00f4ncavo da Bahia (UFRB), em Feira de Santana, e pelo Senai Cimatecc, em Salvador<\/strong>, combinando forma\u00e7\u00e3o em lideran\u00e7a, desenvolvimento profissional, conte\u00fados sobre transi\u00e7\u00e3o energ\u00e9tica e conex\u00e3o com o ecossistema de inova\u00e7\u00e3o, tecnologia e ind\u00fastria.<\/p>\n<p class=\"wp-block-paragraph\"><strong>As inscri\u00e7\u00f5es s\u00e3o gratuitas e podem ser realizadas at\u00e9 o dia 16 de setembro,<\/strong><a href=\"https:\/\/docs.google.com\/forms\/d\/1Rzcs0VwfSh3lNwGdWORYKHfh5X61sPzZBkrmk64clg0\/viewform?edit_requested=true\" target=\"_blank\" rel=\"noreferrer noopener\"><strong> <\/strong><strong>neste formul\u00e1rio<\/strong><\/a><strong>.<\/strong> O edital completo, com todos os crit\u00e9rios de participa\u00e7\u00e3o e sele\u00e7\u00e3o, est\u00e1 dispon\u00edvel <a href=\"https:\/\/docs.google.com\/document\/d\/1DFXZauCrE6fk6hjTOKAZSqfYkTAIFJS39lqH4Z4AShc\/edit?usp=sharing\" target=\"_blank\" rel=\"noreferrer noopener\"><strong>aqui<\/strong><\/a>. A iniciativa \u00e9 voltada a pessoas que se identifiquem no feminino (mulheres cis, mulheres trans, travestis, pessoas n\u00e3o bin\u00e1rias que se reconhe\u00e7am no feminino e outras identidades femininas) com 18 anos ou mais, residentes na Regi\u00e3o Nordeste, que estejam cursando gradua\u00e7\u00e3o ou curso t\u00e9cnico ou tenham conclu\u00eddo a forma\u00e7\u00e3o nos \u00faltimos dois anos.<\/p>\n<p class=\"wp-block-paragraph\">Ao todo, ser\u00e3o selecionadas 50 participantes para a forma\u00e7\u00e3o, com pelo menos 50% das vagas destinadas a mulheres que se identificam como pretas, pardas e ind\u00edgenas. As interessadas devem ter disponibilidade integral nos dois dias de forma\u00e7\u00e3o. <strong>A programa\u00e7\u00e3o completa pode ser conferida<\/strong><a href=\"https:\/\/drive.google.com\/file\/d\/1TiZz2u280Z7JoSYJC4Lh0T1gPz1mApjx\/view?usp=sharing\" target=\"_blank\" rel=\"noreferrer noopener\"><strong> <\/strong><strong>neste link<\/strong><\/a><strong>.<\/strong><\/p>\n<p class=\"wp-block-paragraph\">O primeiro dia do programa, 14 de outubro, ser\u00e1 realizado no campus da UFRB, em Feira de Santana, e ter\u00e1 como foco o desenvolvimento profissional, a lideran\u00e7a e o fortalecimento de trajet\u00f3rias. A programa\u00e7\u00e3o contar\u00e1 com abertura institucional conduzida pela MPower Brasil, UFRB e pela BioFemme; apresenta\u00e7\u00e3o do programa Energize Elas; quatro workshops tem\u00e1ticos sobre energia, g\u00eanero e habilidades de lideran\u00e7a para jovens em in\u00edcio de carreira; duas rodas de conversa voltadas \u00e0 escuta ativa sobre os desafios enfrentados por jovens em carreiras STEM e a busca por oportunidades no setor de energia; al\u00e9m de um painel inspirador com ex-alunas da UFRB.<\/p>\n<p class=\"wp-block-paragraph\">J\u00e1 o segundo dia do programa, 15 de outubro, ser\u00e1 realizado no Senai Cimatec, em Salvador, como evento sat\u00e9lite do XII Simp\u00f3sio Internacional de Inova\u00e7\u00e3o e Tecnologia (SIINTEC), com o tema <em>\u201cDescarbonizar e Capacitar: O Futuro do Trabalho na Transi\u00e7\u00e3o Energ\u00e9tica do Nordeste\u201d<\/em>. Realizado pela MPower Brasil e pelo Instituto Climate e Sociedade (iCS), com apoio do British Council, UFRB, Senai Cimatec, Nordeste Pot\u00eancia e ClimaInfo, o encontro reunir\u00e1 as 50 participantes do primeiro dia e outros 130 participantes do SIINTEC, ampliando o debate sobre transi\u00e7\u00e3o energ\u00e9tica, inova\u00e7\u00e3o, tecnologia e ind\u00fastria.<\/p>\n<p class=\"wp-block-paragraph\">A programa\u00e7\u00e3o contar\u00e1 com mesas-redondas sobre o potencial econ\u00f4mico do Nordeste, pain\u00e9is sobre carreira e p\u00f3s-gradua\u00e7\u00e3o no exterior e bate-papos sobre experi\u00eancias profissionais e acad\u00eamicas no setor de energia. Tamb\u00e9m ser\u00e3o divulgados materiais com oportunidades de forma\u00e7\u00e3o, est\u00e1gios, bolsas, mentorias e trabalho, aproximando as participantes de caminhos concretos para a constru\u00e7\u00e3o de suas carreiras.\u00a0<\/p>\n<p class=\"wp-block-paragraph\">De forma integrada, os dois dias do Energize Elas buscam promover troca de experi\u00eancias, forma\u00e7\u00e3o, pertencimento e confian\u00e7a, contribuindo para a inser\u00e7\u00e3o e atua\u00e7\u00e3o das participantes no setor energ\u00e9tico. Em Feira de Santana, a programa\u00e7\u00e3o busca fortalecer habilidades de lideran\u00e7a e v\u00ednculos entre as participantes, j\u00e1 em Salvador, amplia o conhecimento sobre o setor energ\u00e9tico e as oportunidades de carreira na regi\u00e3o. Ao final, ser\u00e3o emitidos certificados \u00e0s participantes.<\/p>\n<p class=\"wp-block-paragraph\">Al\u00e9m disso, as integrantes do programa ser\u00e3o incentivadas a dar continuidade \u00e0s a\u00e7\u00f5es por meio da cria\u00e7\u00e3o de um cap\u00edtulo da MPower Brasil na UFRB, iniciativa que permitir\u00e1 promover debates sobre transi\u00e7\u00e3o energ\u00e9tica, mercado de trabalho e lideran\u00e7a, al\u00e9m de aproximar estudantes de especialistas, institui\u00e7\u00f5es e oportunidades de forma\u00e7\u00e3o e atua\u00e7\u00e3o no setor.<\/p>\n<p class=\"wp-block-paragraph\">A MPower Brasil \u00e9 uma organiza\u00e7\u00e3o dedicada a promover a lideran\u00e7a feminina na transi\u00e7\u00e3o energ\u00e9tica justa, fortalecendo a presen\u00e7a e a atua\u00e7\u00e3o de mulheres em toda a cadeia do setor energ\u00e9tico. Atuamos por meio de tr\u00eas pilares: Pesquisa &amp; Dados, Forma\u00e7\u00e3o de Lideran\u00e7as e Fortalecimento de Conex\u00f5es, com foco especial no desenvolvimento de talentos femininos nas regi\u00f5es Norte e Nordeste do Brasil. Formada por uma equipe multidisciplinar e 100% feminina, a MPower Brasil trabalha para construir um setor energ\u00e9tico mais diverso, inclusivo e inovador, que reflita a pluralidade de conhecimento e experi\u00eancias necess\u00e1rias para promover a justi\u00e7a energ\u00e9tica no pa\u00eds.\u00a0<\/p>\n<p class=\"wp-block-paragraph\"><em>Siga o Acorda Cidade no\u00a0<\/em><a href=\"https:\/\/news.google.com\/search?q=acorda%20cidade&amp;hl=pt-BR&amp;gl=BR&amp;ceid=BR%3Apt-419\"><strong><em>Google Not\u00edcias<\/em><\/strong><\/a><em>\u00a0e receba os principais destaques do dia. Participe tamb\u00e9m dos nossos canais no\u00a0<\/em><a href=\"https:\/\/www.whatsapp.com\/channel\/0029Va6Rb4v3WHTNnsh8WI3N\"><strong><em>WhatsApp<\/em><\/strong><\/a><em>\u00a0e\u00a0<\/em><a href=\"https:\/\/www.youtube.com\/@acordacidadenoticias\/videos\"><strong>YouTube<\/strong><\/a><em>\u00a0e do grupo no\u00a0<\/em><a href=\"https:\/\/t.me\/+sSz0khrgARA0ZmRh\"><strong><em>Telegram<\/em><\/strong><\/a><em>.<\/em><\/p>\n<\/div>\n","protected":false},"excerpt":{"rendered":"<p>Foto: Divulga\u00e7\u00e3o Est\u00e3o abertas as inscri\u00e7\u00f5es para a edi\u00e7\u00e3o Nordeste do Energize Elas, iniciativa da<\/p>\n","protected":false},"author":1,"featured_media":148568,"comment_status":"closed","ping_status":"closed","sticky":false,"template":"","format":"gallery","meta":{"footnotes":""},"categories":[8,9,6,57,56,10],"tags":[],"class_list":["post-148567","post","type-post","status-publish","format-gallery","has-post-thumbnail","hentry","category-bahia","category-brasil","category-feira-de-santana","category-mundo","category-policia","category-politica","post_format-post-format-gallery"],"featured_image_urls":{"full":["https:\/\/noticiasbahia360.com.br\/wp-content\/uploads\/2026\/09\/Energize-Elas-Foto-Divulgacao.jpg",1200,964,false],"thumbnail":["https:\/\/noticiasbahia360.com.br\/wp-content\/uploads\/2026\/09\/Energize-Elas-Foto-Divulgacao-150x150.jpg",150,150,true],"medium":["https:\/\/noticiasbahia360.com.br\/wp-content\/uploads\/2026\/09\/Energize-Elas-Foto-Divulgacao-300x241.jpg",300,241,true],"medium_large":["https:\/\/noticiasbahia360.com.br\/wp-content\/uploads\/2026\/09\/Energize-Elas-Foto-Divulgacao-768x617.jpg",640,514,true],"large":["https:\/\/noticiasbahia360.com.br\/wp-content\/uploads\/2026\/09\/Energize-Elas-Foto-Divulgacao-1024x823.jpg",640,514,true],"1536x1536":["https:\/\/noticiasbahia360.com.br\/wp-content\/uploads\/2026\/09\/Energize-Elas-Foto-Divulgacao.jpg",1200,964,false],"2048x2048":["https:\/\/noticiasbahia360.com.br\/wp-content\/uploads\/2026\/09\/Energize-Elas-Foto-Divulgacao.jpg",1200,964,false],"chromenews-featured":["https:\/\/noticiasbahia360.com.br\/wp-content\/uploads\/2026\/09\/Energize-Elas-Foto-Divulgacao-1024x823.jpg",1024,823,true],"chromenews-large":["https:\/\/noticiasbahia360.com.br\/wp-content\/uploads\/2026\/09\/Energize-Elas-Foto-Divulgacao-825x575.jpg",825,575,true],"chromenews-medium":["https:\/\/noticiasbahia360.com.br\/wp-content\/uploads\/2026\/09\/Energize-Elas-Foto-Divulgacao-590x410.jpg",590,410,true]},"author_info":{"display_name":"noticiasbahia360.com.br","author_link":"https:\/\/noticiasbahia360.com.br\/?author=1"},"category_info":"<a href=\"https:\/\/noticiasbahia360.com.br\/?cat=8\" rel=\"category\">Bahia<\/a> <a href=\"https:\/\/noticiasbahia360.com.br\/?cat=9\" rel=\"category\">Brasil<\/a> <a href=\"https:\/\/noticiasbahia360.com.br\/?cat=6\" rel=\"category\">Feira de Santana<\/a> <a href=\"https:\/\/noticiasbahia360.com.br\/?cat=57\" rel=\"category\">Mundo<\/a> <a href=\"https:\/\/noticiasbahia360.com.br\/?cat=56\" rel=\"category\">Pol\u00edcia<\/a> <a href=\"https:\/\/noticiasbahia360.com.br\/?cat=10\" rel=\"category\">Pol\u00edtica<\/a>","tag_info":"Pol\u00edtica","comment_count":"0","_links":{"self":[{"href":"https:\/\/noticiasbahia360.com.br\/index.php?rest_route=\/wp\/v2\/posts\/148567","targetHints":{"allow":["GET"]}}],"collection":[{"href":"https:\/\/noticiasbahia360.com.br\/index.php?rest_route=\/wp\/v2\/posts"}],"about":[{"href":"https:\/\/noticiasbahia360.com.br\/index.php?rest_route=\/wp\/v2\/types\/post"}],"author":[{"embeddable":true,"href":"https:\/\/noticiasbahia360.com.br\/index.php?rest_route=\/wp\/v2\/users\/1"}],"replies":[{"embeddable":true,"href":"https:\/\/noticiasbahia360.com.br\/index.php?rest_route=%2Fwp%2Fv2%2Fcomments&post=148567"}],"version-history":[{"count":0,"href":"https:\/\/noticiasbahia360.com.br\/index.php?rest_route=\/wp\/v2\/posts\/148567\/revisions"}],"wp:featuredmedia":[{"embeddable":true,"href":"https:\/\/noticiasbahia360.com.br\/index.php?rest_route=\/wp\/v2\/media\/148568"}],"wp:attachment":[{"href":"https:\/\/noticiasbahia360.com.br\/index.php?rest_route=%2Fwp%2Fv2%2Fmedia&parent=148567"}],"wp:term":[{"taxonomy":"category","embeddable":true,"href":"https:\/\/noticiasbahia360.com.br\/index.php?rest_route=%2Fwp%2Fv2%2Fcategories&post=148567"},{"taxonomy":"post_tag","embeddable":true,"href":"https:\/\/noticiasbahia360.com.br\/index.php?rest_route=%2Fwp%2Fv2%2Ftags&post=148567"}],"curies":[{"name":"wp","href":"https:\/\/api.w.org\/{rel}","templated":true}]}}