{"id":148573,"date":"2026-09-02T21:02:44","date_gmt":"2026-09-03T00:02:44","guid":{"rendered":"https:\/\/noticiasbahia360.com.br\/?p=148573"},"modified":"2026-09-02T21:02:44","modified_gmt":"2026-09-03T00:02:44","slug":"escolas-tem-ate-11-de-setembro-para-conferir-dados-da-1a-etapa-do-censo-escolar-2026","status":"publish","type":"post","link":"https:\/\/noticiasbahia360.com.br\/?p=148573","title":{"rendered":"Escolas t\u00eam at\u00e9 11 de setembro para conferir dados da 1\u00aa etapa do Censo Escolar 2026"},"content":{"rendered":"<div>\n<div>\n<figure><img decoding=\"async\" src=\"http:\/\/noticiasbahia360.com.br\/wp-content\/uploads\/2026\/09\/Crianca-na-escola-Foto-Tomaz-Silva-Agencia-Brasil.jpg\" alt=\"Crian\u00e7a na escola\"><figcaption>Foto: Tomaz Silva\/ Ag\u00eancia Brasil<\/figcaption><\/figure>\n<\/div>\n<p class=\"wp-block-paragraph\">Ag\u00eancia Brasil \u2014 <strong>Escolas das redes de ensino municipais, estaduais e do Distrito Federal poder\u00e3o conferir, at\u00e9 11 de setembro, as informa\u00e7\u00f5es prestadas na primeira etapa do Censo Escolar da Educa\u00e7\u00e3o B\u00e1sica 2026 \u2014 Matr\u00edcula Inicial.<\/strong><img decoding=\"async\" src=\"https:\/\/agenciabrasil.ebc.com.br\/ebc.png?id=1701393&amp;o=node\"><img decoding=\"async\" src=\"https:\/\/agenciabrasil.ebc.com.br\/ebc.gif?id=1701393&amp;o=node\"><\/p>\n<p class=\"wp-block-paragraph\">Pela primeira vez, os relat\u00f3rios com os dados declarados durante o per\u00edodo oficial de coleta podem ser consultados no\u00a0<a href=\"https:\/\/acesso.inep.gov.br\/auth\/realms\/Producao\/protocol\/openid-connect\/auth?client_id=educacenso&amp;redirect_uri=https%3A%2F%2Feducacenso.inep.gov.br%2F%2Fselecionar-entidade&amp;state=ce797b2a-b82c-4089-893a-96dd6c658f89&amp;nonce=48408789-d23a-4fe5-8b8f-fa3c4c0a2697&amp;response_mode=fragment&amp;response_type=code&amp;scope=openid%C2%A0\" target=\"_blank\" rel=\"noreferrer noopener\">Sistema Educacenso<\/a>\u00a0do Instituto Nacional de Estudos e Pesquisas Educacionais An\u00edsio Teixeira (Inep).\u00a0<\/p>\n<p class=\"wp-block-paragraph\">A\u00a0 consulta permite que os respons\u00e1veis identifiquem poss\u00edveis inconsist\u00eancias dos dados declarados antes da abertura do per\u00edodo oficial de retifica\u00e7\u00e3o.<\/p>\n<p class=\"wp-block-paragraph\">O Censo Escolar, coordenado pelo Inep, abrange as diferentes etapas e modalidades da educa\u00e7\u00e3o b\u00e1sica e da educa\u00e7\u00e3o profissional, incluindo educa\u00e7\u00e3o infantil, ensino fundamental, ensino m\u00e9dio, educa\u00e7\u00e3o de jovens e adultos (EJA) e educa\u00e7\u00e3o profissional.<\/p>\n<h2 id=\"h-consulta-e-retificacao\" class=\"wp-block-heading\">Consulta e retifica\u00e7\u00e3o<\/h2>\n<p class=\"wp-block-paragraph\"><strong>At\u00e9 o dia 11, o Sistema Educacenso estar\u00e1 dispon\u00edvel exclusivamente para leitura. Portanto, os gestores de ensino e os respons\u00e1veis nas escolas n\u00e3o poder\u00e3o editar ou alterar as informa\u00e7\u00f5es declaradas.<\/strong><\/p>\n<p class=\"wp-block-paragraph\">Ap\u00f3s a publica\u00e7\u00e3o dos dados preliminares do Censo Escolar 2026 no Di\u00e1rio Oficial da Uni\u00e3o (DOU), prevista para a segunda quinzena de setembro, a funcionalidade de edi\u00e7\u00e3o ser\u00e1 aberta para retifica\u00e7\u00e3o de eventuais inconsist\u00eancias identificadas nos dados informados.<\/p>\n<p class=\"wp-block-paragraph\">Conforme a\u00a0<a href=\"https:\/\/mecnormas.mec.gov.br\/pesquisa\/detalhar\/11261\" target=\"_blank\" rel=\"noreferrer noopener\">Portaria Inep n\u00ba 217\/2026<\/a>, o per\u00edodo de confer\u00eancia e retifica\u00e7\u00e3o dos dados ter\u00e1 dura\u00e7\u00e3o de 30 dias. O procedimento dever\u00e1 ser feito no mesmo Sistema EducaCenso, do Inep.<\/p>\n<h2 id=\"h-cronograma\" class=\"wp-block-heading\">Cronograma<\/h2>\n<p class=\"wp-block-paragraph\">O cronograma tamb\u00e9m prev\u00ea que\u00a0no dia 11 de dezembro\u00a0dever\u00e1 ocorrer o envio dos dados finais homologados ao Fundo Nacional de Desenvolvimento da Educa\u00e7\u00e3o (FNDE).<\/p>\n<p class=\"wp-block-paragraph\">As informa\u00e7\u00f5es s\u00e3o usadas no c\u00e1lculo dos coeficientes de distribui\u00e7\u00e3o do Fundo de Manuten\u00e7\u00e3o e Desenvolvimento da Educa\u00e7\u00e3o B\u00e1sica e de Valoriza\u00e7\u00e3o dos Profissionais da Educa\u00e7\u00e3o (Fundeb).<\/p>\n<p class=\"wp-block-paragraph\"><strong>A divulga\u00e7\u00e3o dos resultados finais da primeira etapa, das sinopses estat\u00edsticas e dos demais estat\u00edsticas da Educa\u00e7\u00e3o B\u00e1sica est\u00e1 programada para 1\u00ba de fevereiro de 2027.<\/strong><\/p>\n<h2 id=\"h-alunos\" class=\"wp-block-heading\">Alunos<\/h2>\n<p class=\"wp-block-paragraph\"><strong>Em 1\u00ba de fevereiro de 2027\u00a0tem in\u00edcio a segunda etapa do Censo Escolar da Educa\u00e7\u00e3o B\u00e1sica 2026, que trata da situa\u00e7\u00e3o do aluno.<\/strong><\/p>\n<p class=\"wp-block-paragraph\">Nesta fase, o diretor ou respons\u00e1vel pela escola dever\u00e1 coletar as informa\u00e7\u00f5es sobre rendimento e movimento escolar daqueles estudantes que foram declarados na primeira etapa, incluindo dados de aprova\u00e7\u00e3o, reprova\u00e7\u00e3o, abandono e transfer\u00eancia.<\/p>\n<p class=\"wp-block-paragraph\"><strong>O per\u00edodo de coleta termina no dia\u00a012 de mar\u00e7o de 2027.<\/strong><\/p>\n<p class=\"wp-block-paragraph\">As taxas preliminares de rendimento escolar e os relat\u00f3rios por escola estar\u00e3o dispon\u00edveis para confer\u00eancia a partir de 1\u00ba de abril de 2027.<\/p>\n<p class=\"wp-block-paragraph\">Os indicadores finais de rendimento escolar ser\u00e3o divulgados pelo Inep em 14 de maio de 2027.<\/p>\n<h2 id=\"h-censo-escolar\" class=\"wp-block-heading\">Censo Escolar<\/h2>\n<p class=\"wp-block-paragraph\"><strong>Os dados no Censo Escolar servem para a formula\u00e7\u00e3o, o monitoramento e a avalia\u00e7\u00e3o de pol\u00edticas p\u00fablicas educacionais, al\u00e9m de servirem como refer\u00eancia para programas de financiamento e distribui\u00e7\u00e3o de recursos da educa\u00e7\u00e3o.<\/strong><\/p>\n<p class=\"wp-block-paragraph\">As informa\u00e7\u00f5es tamb\u00e9m s\u00e3o utilizadas na produ\u00e7\u00e3o de estat\u00edsticas e indicadores educacionais, entre eles o \u00cdndice de Desenvolvimento da Educa\u00e7\u00e3o B\u00e1sica (Ideb), as taxas de rendimento, as taxas de fluxo escolar e a distor\u00e7\u00e3o idade-s\u00e9rie.<\/p>\n<p class=\"wp-block-paragraph\">Os dados coletados s\u00e3o utilizadas tamb\u00e9m em estudos, pesquisas, avalia\u00e7\u00f5es educacionais e outras atividades previstas na legisla\u00e7\u00e3o.<\/p>\n<p class=\"wp-block-paragraph\">Al\u00e9m disso, os dados do Censo Escolar s\u00e3o adotados em procedimentos administrativos relacionados \u00e0s pol\u00edticas p\u00fablicas da educa\u00e7\u00e3o b\u00e1sica, conforme a legisla\u00e7\u00e3o vigente.<\/p>\n<p class=\"wp-block-paragraph\"><em>Siga o Acorda Cidade no\u00a0<\/em><a href=\"https:\/\/news.google.com\/search?q=acorda%20cidade&amp;hl=pt-BR&amp;gl=BR&amp;ceid=BR%3Apt-419\"><strong><em>Google Not\u00edcias<\/em><\/strong><\/a><em>\u00a0e receba os principais destaques do dia. Participe tamb\u00e9m dos nossos canais no\u00a0<\/em><a href=\"https:\/\/www.whatsapp.com\/channel\/0029Va6Rb4v3WHTNnsh8WI3N\"><strong><em>WhatsApp<\/em><\/strong><\/a><em>\u00a0e\u00a0<\/em><a href=\"https:\/\/www.youtube.com\/@acordacidadenoticias\/videos\"><strong>YouTube<\/strong><\/a><em>\u00a0e grupo de\u00a0<\/em><a href=\"https:\/\/t.me\/+sSz0khrgARA0ZmRh\"><strong><em>Telegram<\/em><\/strong><\/a><em>.<\/em><\/p>\n<\/div>\n","protected":false},"excerpt":{"rendered":"<p>Foto: Tomaz Silva\/ Ag\u00eancia Brasil Ag\u00eancia Brasil \u2014 Escolas das redes de ensino municipais, estaduais<\/p>\n","protected":false},"author":1,"featured_media":148574,"comment_status":"closed","ping_status":"closed","sticky":false,"template":"","format":"gallery","meta":{"footnotes":""},"categories":[8,9,6,57,56,10],"tags":[],"class_list":["post-148573","post","type-post","status-publish","format-gallery","has-post-thumbnail","hentry","category-bahia","category-brasil","category-feira-de-santana","category-mundo","category-policia","category-politica","post_format-post-format-gallery"],"featured_image_urls":{"full":["https:\/\/noticiasbahia360.com.br\/wp-content\/uploads\/2026\/09\/Crianca-na-escola-Foto-Tomaz-Silva-Agencia-Brasil.jpg",1170,700,false],"thumbnail":["https:\/\/noticiasbahia360.com.br\/wp-content\/uploads\/2026\/09\/Crianca-na-escola-Foto-Tomaz-Silva-Agencia-Brasil-150x150.jpg",150,150,true],"medium":["https:\/\/noticiasbahia360.com.br\/wp-content\/uploads\/2026\/09\/Crianca-na-escola-Foto-Tomaz-Silva-Agencia-Brasil-300x179.jpg",300,179,true],"medium_large":["https:\/\/noticiasbahia360.com.br\/wp-content\/uploads\/2026\/09\/Crianca-na-escola-Foto-Tomaz-Silva-Agencia-Brasil-768x459.jpg",640,383,true],"large":["https:\/\/noticiasbahia360.com.br\/wp-content\/uploads\/2026\/09\/Crianca-na-escola-Foto-Tomaz-Silva-Agencia-Brasil-1024x613.jpg",640,383,true],"1536x1536":["https:\/\/noticiasbahia360.com.br\/wp-content\/uploads\/2026\/09\/Crianca-na-escola-Foto-Tomaz-Silva-Agencia-Brasil.jpg",1170,700,false],"2048x2048":["https:\/\/noticiasbahia360.com.br\/wp-content\/uploads\/2026\/09\/Crianca-na-escola-Foto-Tomaz-Silva-Agencia-Brasil.jpg",1170,700,false],"chromenews-featured":["https:\/\/noticiasbahia360.com.br\/wp-content\/uploads\/2026\/09\/Crianca-na-escola-Foto-Tomaz-Silva-Agencia-Brasil-1024x613.jpg",1024,613,true],"chromenews-large":["https:\/\/noticiasbahia360.com.br\/wp-content\/uploads\/2026\/09\/Crianca-na-escola-Foto-Tomaz-Silva-Agencia-Brasil-825x575.jpg",825,575,true],"chromenews-medium":["https:\/\/noticiasbahia360.com.br\/wp-content\/uploads\/2026\/09\/Crianca-na-escola-Foto-Tomaz-Silva-Agencia-Brasil-590x410.jpg",590,410,true]},"author_info":{"display_name":"noticiasbahia360.com.br","author_link":"https:\/\/noticiasbahia360.com.br\/?author=1"},"category_info":"<a href=\"https:\/\/noticiasbahia360.com.br\/?cat=8\" rel=\"category\">Bahia<\/a> <a href=\"https:\/\/noticiasbahia360.com.br\/?cat=9\" rel=\"category\">Brasil<\/a> <a href=\"https:\/\/noticiasbahia360.com.br\/?cat=6\" rel=\"category\">Feira de Santana<\/a> <a href=\"https:\/\/noticiasbahia360.com.br\/?cat=57\" rel=\"category\">Mundo<\/a> <a href=\"https:\/\/noticiasbahia360.com.br\/?cat=56\" rel=\"category\">Pol\u00edcia<\/a> <a href=\"https:\/\/noticiasbahia360.com.br\/?cat=10\" rel=\"category\">Pol\u00edtica<\/a>","tag_info":"Pol\u00edtica","comment_count":"0","_links":{"self":[{"href":"https:\/\/noticiasbahia360.com.br\/index.php?rest_route=\/wp\/v2\/posts\/148573","targetHints":{"allow":["GET"]}}],"collection":[{"href":"https:\/\/noticiasbahia360.com.br\/index.php?rest_route=\/wp\/v2\/posts"}],"about":[{"href":"https:\/\/noticiasbahia360.com.br\/index.php?rest_route=\/wp\/v2\/types\/post"}],"author":[{"embeddable":true,"href":"https:\/\/noticiasbahia360.com.br\/index.php?rest_route=\/wp\/v2\/users\/1"}],"replies":[{"embeddable":true,"href":"https:\/\/noticiasbahia360.com.br\/index.php?rest_route=%2Fwp%2Fv2%2Fcomments&post=148573"}],"version-history":[{"count":0,"href":"https:\/\/noticiasbahia360.com.br\/index.php?rest_route=\/wp\/v2\/posts\/148573\/revisions"}],"wp:featuredmedia":[{"embeddable":true,"href":"https:\/\/noticiasbahia360.com.br\/index.php?rest_route=\/wp\/v2\/media\/148574"}],"wp:attachment":[{"href":"https:\/\/noticiasbahia360.com.br\/index.php?rest_route=%2Fwp%2Fv2%2Fmedia&parent=148573"}],"wp:term":[{"taxonomy":"category","embeddable":true,"href":"https:\/\/noticiasbahia360.com.br\/index.php?rest_route=%2Fwp%2Fv2%2Fcategories&post=148573"},{"taxonomy":"post_tag","embeddable":true,"href":"https:\/\/noticiasbahia360.com.br\/index.php?rest_route=%2Fwp%2Fv2%2Ftags&post=148573"}],"curies":[{"name":"wp","href":"https:\/\/api.w.org\/{rel}","templated":true}]}}