{"id":148575,"date":"2026-09-02T22:02:26","date_gmt":"2026-09-03T01:02:26","guid":{"rendered":"https:\/\/noticiasbahia360.com.br\/?p=148575"},"modified":"2026-09-02T22:02:26","modified_gmt":"2026-09-03T01:02:26","slug":"internacoes-por-herpes-zoster-crescem-quase-70-na-bahia-e-reforcam-alerta-para-diagnostico-precoce","status":"publish","type":"post","link":"https:\/\/noticiasbahia360.com.br\/?p=148575","title":{"rendered":"Interna\u00e7\u00f5es por herpes-z\u00f3ster crescem quase 70% na Bahia e refor\u00e7am alerta para diagn\u00f3stico precoce"},"content":{"rendered":"<div>\n<div>\n<figure><img decoding=\"async\" src=\"http:\/\/noticiasbahia360.com.br\/wp-content\/uploads\/2026\/09\/Clinica-de-Atendimento-Foto-Acervo-Institucional.jpg\" alt=\"Cl\u00ednica de Atendimento\"><figcaption>Foto: Acervo Institucional<\/figcaption><\/figure>\n<\/div>\n<p class=\"wp-block-paragraph\">Segundo o Minist\u00e9rio da Sa\u00fade\/SIH-SUS, as interna\u00e7\u00f5es por herpes-z\u00f3ster aumentaram quase 70% na Bahia em um ano. Conhecido popularmente como cobreiro, o herpes-z\u00f3ster costuma ser lembrado pelas bolhas na pele, mas pode provocar complica\u00e7\u00f5es mais graves. Os dados mais recentes s\u00e3o do ano de 2023, por\u00e9m o cen\u00e1rio segue chamando aten\u00e7\u00e3o j\u00e1 que a doen\u00e7a pode permanecer silenciosa no organismo por d\u00e9cadas e voltar a se manifestar com o enfraquecimento do sistema imunol\u00f3gico.<\/p>\n<p class=\"wp-block-paragraph\">O herpes-z\u00f3ster \u00e9 provocado pela reativa\u00e7\u00e3o do v\u00edrus varicela-z\u00f3ster (VZV), o mesmo respons\u00e1vel pela catapora. \u201cEssa infec\u00e7\u00e3o cut\u00e2nea aguda \u00e9 causada pela reativa\u00e7\u00e3o do v\u00edrus varicela-zoster. O v\u00edrus permanece adormecido no organismo durante muito tempo e quando h\u00e1 uma falha no sistema imunol\u00f3gico, este v\u00edrus \u00e9 reativado, volta a replicar, e a pessoa apresenta a doen\u00e7a\u201d, explica Laur\u00eancia V\u00e2nia Carvalho, especialista e professora da Faculdade de Medicina Zarns Salvador.<\/p>\n<p class=\"wp-block-paragraph\">A m\u00e9dica destaca que com o envelhecimento, o sistema imunol\u00f3gico perde parte da capacidade de proteger o organismo contra doen\u00e7as infecciosas, por isso adultos acima dos 50 anos j\u00e1 est\u00e3o entre os grupos mais suscet\u00edveis. \u201cPessoas que j\u00e1 tiveram catapora e apresentam alguma condi\u00e7\u00e3o que afete a imunidade, como doen\u00e7as imunossupressoras ou uso de medicamentos imunossupressores, tamb\u00e9m devem estar atentas\u201d, ressalta.<\/p>\n<p class=\"wp-block-paragraph\">Um dos grandes desafios \u00e9 o diagn\u00f3stico antes do aparecimento das les\u00f5es. \u201cNo in\u00edcio, a pessoa pode apresentar dor ou formigamento no local e, s\u00f3 depois de 2 a 3 dias, apresentar as bolhas\u201d, alerta a infectologista. Por isso, a avalia\u00e7\u00e3o m\u00e9dica precoce \u00e9 importante: \u201cO tratamento antiviral \u00e9 mais efetivo se iniciado nas primeiras 72 horas do in\u00edcio da doen\u00e7a, evitando as complica\u00e7\u00f5es do herpes zoster\u201d, completa.<\/p>\n<p class=\"wp-block-paragraph\">Apesar de ser associado principalmente \u00e0 pele, o herpes-z\u00f3ster tamb\u00e9m pode provocar complica\u00e7\u00f5es neurol\u00f3gicas. Laur\u00eancia explica que a neuralgia p\u00f3s-herp\u00e9tica \u00e9 a mais comum, mas a infec\u00e7\u00e3o pode causar outros quadros mais s\u00e9rios. \u201cAs complica\u00e7\u00f5es neurol\u00f3gicas, dependem do nervo atingido. O v\u00edrus pode atingir o ramo que inerva o olho, causando herpes oft\u00e1lmico, o nervo auditivo, herpes zoster auricular, e pode, inclusive, causar meningoencefalite herp\u00e9tica\u201d, pontua.<\/p>\n<p class=\"wp-block-paragraph\">A m\u00e9dica destaca que a vacina mais recente oferece prote\u00e7\u00e3o superior a 90% contra o VZV e pode ser utilizada por pessoas com o sistema imunol\u00f3gico enfraquecido. \u201cO custo do imunizante ainda \u00e9 uma barreira para grande parte da popula\u00e7\u00e3o. Em se falando de preven\u00e7\u00e3o, a orienta\u00e7\u00e3o \u00e9 sempre cuidar da sa\u00fade f\u00edsica e mental, fortalecer o sistema imunol\u00f3gico e, no caso das pessoas mais suscet\u00edveis, evitar a exposi\u00e7\u00e3o a portadores da doen\u00e7a\u201d, orienta.<\/p>\n<p class=\"wp-block-paragraph\">Em Salvador, pessoas que apresentem sintomas, precisem de tratamento ou tenham d\u00favidas sobre o diagn\u00f3stico podem buscar atendimento gratuito em Infectologia na Cl\u00ednica-escola da Faculdade de Medicina Zarns Salvador. O espa\u00e7o possui mais de 80 consult\u00f3rios e realiza mais de 5 mil atendimentos por m\u00eas. Para realizar marca\u00e7\u00e3o para atendimento, os interessados devem acessar o <a href=\"https:\/\/sou.zarns.com.br\/clinica-escola-zarns?_gl=15ifl4m_gcl_au*MTU0NTg2MTk0Ny4xNzg1ODY2NzM0\" target=\"_blank\" rel=\"noreferrer noopener\">site da faculdade<\/a>.<\/p>\n<p class=\"wp-block-paragraph\"><em>Siga o Acorda Cidade no\u00a0<\/em><a href=\"https:\/\/news.google.com\/search?q=acorda%20cidade&amp;hl=pt-BR&amp;gl=BR&amp;ceid=BR%3Apt-419\"><strong><em>Google Not\u00edcias<\/em><\/strong><\/a><em>\u00a0e receba os principais destaques do dia. Participe tamb\u00e9m dos nossos canais no\u00a0<\/em><a href=\"https:\/\/www.whatsapp.com\/channel\/0029Va6Rb4v3WHTNnsh8WI3N\"><strong><em>WhatsApp<\/em><\/strong><\/a><em>\u00a0e\u00a0<\/em><a href=\"https:\/\/www.youtube.com\/@acordacidadenoticias\/videos\"><strong>YouTube<\/strong><\/a><em>\u00a0e grupo de\u00a0<\/em><a href=\"https:\/\/t.me\/+sSz0khrgARA0ZmRh\"><strong><em>Telegram<\/em><\/strong><\/a><em>.<\/em><\/p>\n<\/div>\n","protected":false},"excerpt":{"rendered":"<p>Foto: Acervo Institucional Segundo o Minist\u00e9rio da Sa\u00fade\/SIH-SUS, as interna\u00e7\u00f5es por herpes-z\u00f3ster aumentaram quase 70%<\/p>\n","protected":false},"author":1,"featured_media":148576,"comment_status":"closed","ping_status":"closed","sticky":false,"template":"","format":"gallery","meta":{"footnotes":""},"categories":[8,9,6,57,56,10],"tags":[],"class_list":["post-148575","post","type-post","status-publish","format-gallery","has-post-thumbnail","hentry","category-bahia","category-brasil","category-feira-de-santana","category-mundo","category-policia","category-politica","post_format-post-format-gallery"],"featured_image_urls":{"full":["https:\/\/noticiasbahia360.com.br\/wp-content\/uploads\/2026\/09\/Clinica-de-Atendimento-Foto-Acervo-Institucional.jpg",1200,798,false],"thumbnail":["https:\/\/noticiasbahia360.com.br\/wp-content\/uploads\/2026\/09\/Clinica-de-Atendimento-Foto-Acervo-Institucional-150x150.jpg",150,150,true],"medium":["https:\/\/noticiasbahia360.com.br\/wp-content\/uploads\/2026\/09\/Clinica-de-Atendimento-Foto-Acervo-Institucional-300x200.jpg",300,200,true],"medium_large":["https:\/\/noticiasbahia360.com.br\/wp-content\/uploads\/2026\/09\/Clinica-de-Atendimento-Foto-Acervo-Institucional-768x511.jpg",640,426,true],"large":["https:\/\/noticiasbahia360.com.br\/wp-content\/uploads\/2026\/09\/Clinica-de-Atendimento-Foto-Acervo-Institucional-1024x681.jpg",640,426,true],"1536x1536":["https:\/\/noticiasbahia360.com.br\/wp-content\/uploads\/2026\/09\/Clinica-de-Atendimento-Foto-Acervo-Institucional.jpg",1200,798,false],"2048x2048":["https:\/\/noticiasbahia360.com.br\/wp-content\/uploads\/2026\/09\/Clinica-de-Atendimento-Foto-Acervo-Institucional.jpg",1200,798,false],"chromenews-featured":["https:\/\/noticiasbahia360.com.br\/wp-content\/uploads\/2026\/09\/Clinica-de-Atendimento-Foto-Acervo-Institucional-1024x681.jpg",1024,681,true],"chromenews-large":["https:\/\/noticiasbahia360.com.br\/wp-content\/uploads\/2026\/09\/Clinica-de-Atendimento-Foto-Acervo-Institucional-825x575.jpg",825,575,true],"chromenews-medium":["https:\/\/noticiasbahia360.com.br\/wp-content\/uploads\/2026\/09\/Clinica-de-Atendimento-Foto-Acervo-Institucional-590x410.jpg",590,410,true]},"author_info":{"display_name":"noticiasbahia360.com.br","author_link":"https:\/\/noticiasbahia360.com.br\/?author=1"},"category_info":"<a href=\"https:\/\/noticiasbahia360.com.br\/?cat=8\" rel=\"category\">Bahia<\/a> <a href=\"https:\/\/noticiasbahia360.com.br\/?cat=9\" rel=\"category\">Brasil<\/a> <a href=\"https:\/\/noticiasbahia360.com.br\/?cat=6\" rel=\"category\">Feira de Santana<\/a> <a href=\"https:\/\/noticiasbahia360.com.br\/?cat=57\" rel=\"category\">Mundo<\/a> <a href=\"https:\/\/noticiasbahia360.com.br\/?cat=56\" rel=\"category\">Pol\u00edcia<\/a> <a href=\"https:\/\/noticiasbahia360.com.br\/?cat=10\" rel=\"category\">Pol\u00edtica<\/a>","tag_info":"Pol\u00edtica","comment_count":"0","_links":{"self":[{"href":"https:\/\/noticiasbahia360.com.br\/index.php?rest_route=\/wp\/v2\/posts\/148575","targetHints":{"allow":["GET"]}}],"collection":[{"href":"https:\/\/noticiasbahia360.com.br\/index.php?rest_route=\/wp\/v2\/posts"}],"about":[{"href":"https:\/\/noticiasbahia360.com.br\/index.php?rest_route=\/wp\/v2\/types\/post"}],"author":[{"embeddable":true,"href":"https:\/\/noticiasbahia360.com.br\/index.php?rest_route=\/wp\/v2\/users\/1"}],"replies":[{"embeddable":true,"href":"https:\/\/noticiasbahia360.com.br\/index.php?rest_route=%2Fwp%2Fv2%2Fcomments&post=148575"}],"version-history":[{"count":0,"href":"https:\/\/noticiasbahia360.com.br\/index.php?rest_route=\/wp\/v2\/posts\/148575\/revisions"}],"wp:featuredmedia":[{"embeddable":true,"href":"https:\/\/noticiasbahia360.com.br\/index.php?rest_route=\/wp\/v2\/media\/148576"}],"wp:attachment":[{"href":"https:\/\/noticiasbahia360.com.br\/index.php?rest_route=%2Fwp%2Fv2%2Fmedia&parent=148575"}],"wp:term":[{"taxonomy":"category","embeddable":true,"href":"https:\/\/noticiasbahia360.com.br\/index.php?rest_route=%2Fwp%2Fv2%2Fcategories&post=148575"},{"taxonomy":"post_tag","embeddable":true,"href":"https:\/\/noticiasbahia360.com.br\/index.php?rest_route=%2Fwp%2Fv2%2Ftags&post=148575"}],"curies":[{"name":"wp","href":"https:\/\/api.w.org\/{rel}","templated":true}]}}