{"id":148577,"date":"2026-09-02T22:02:28","date_gmt":"2026-09-03T01:02:28","guid":{"rendered":"https:\/\/noticiasbahia360.com.br\/?p=148577"},"modified":"2026-09-02T22:02:28","modified_gmt":"2026-09-03T01:02:28","slug":"sesab-cobra-dados-sobre-700-mortes-citadas-por-jose-ronaldo-na-regulacao-prefeitura-diz-ter-enviado-documentacao-ao-mp","status":"publish","type":"post","link":"https:\/\/noticiasbahia360.com.br\/?p=148577","title":{"rendered":"Sesab cobra dados sobre 700 mortes citadas por Jos\u00e9 Ronaldo na regula\u00e7\u00e3o; Prefeitura diz ter enviado documenta\u00e7\u00e3o ao MP"},"content":{"rendered":"<div>\n<div>\n<figure><img decoding=\"async\" src=\"http:\/\/noticiasbahia360.com.br\/wp-content\/uploads\/2026\/09\/Secretaria-estadual-da-Saude-Roberta-Santana-Foto-Divulgacao-.jpg\" alt=\"Secret\u00e1ria estadual da Sa\u00fade, Roberta Santana\"><figcaption>Secret\u00e1ria estadual da Sa\u00fade, Roberta Santana | Foto: Divulga\u00e7\u00e3o<\/figcaption><\/figure>\n<\/div>\n<p class=\"wp-block-paragraph\">Um m\u00eas ap\u00f3s o prefeito de Feira de Santana, Jos\u00e9 Ronaldo, declarar que 700 pessoas teriam morrido no munic\u00edpio no aguardo da regula\u00e7\u00e3o m\u00e9dica, a Secretaria da Sa\u00fade do Estado da Bahia (Sesab) afirma que ainda aguarda o envio dos dados que comprovam a declara\u00e7\u00e3o.<\/p>\n<p class=\"wp-block-paragraph\">A Sesab solicitou oficialmente ao munic\u00edpio os registros, a metodologia e os documentos que comprovariam o n\u00famero citado, mas informa que n\u00e3o recebeu resposta at\u00e9 o momento. A secret\u00e1ria estadual da Sa\u00fade, Roberta Santana, reiterou o pedido para a apresenta\u00e7\u00e3o dos dados e ressaltou a import\u00e2ncia da responsabilidade na divulga\u00e7\u00e3o de informa\u00e7\u00f5es p\u00fablicas.<\/p>\n<p class=\"wp-block-paragraph\">\u201cJ\u00e1 se passou quase um m\u00eas e n\u00f3s n\u00e3o recebemos nenhum documento. Eu reitero o desafio ao prefeito, quero que ele apresente os dados, a metodologia. Jos\u00e9 Ronaldo est\u00e1 em seu quinto mandato, \u00e9 um gestor p\u00fablico experiente, e precisa ter responsabilidade com os dados\u201d, afirmou a secret\u00e1ria Roberta Santana.<\/p>\n<p class=\"wp-block-paragraph\">De acordo com o balan\u00e7o divulgado pela secretaria estadual, a Central Estadual de Regula\u00e7\u00e3o atendeu mais de 17 mil pacientes de Feira de Santana em 2025. No primeiro semestre de 2026, at\u00e9 o m\u00eas de junho, foram registrados 4.932 pacientes regulados para unidades da rede estadual.<\/p>\n<h2 id=\"h-o-que-diz-a-prefeitura\" class=\"wp-block-heading\">O que diz a prefeitura<\/h2>\n<p class=\"wp-block-paragraph\">Por meio de nota, a Prefeitura de Feira de Santana informou que o prefeito encaminhou a documenta\u00e7\u00e3o referente \u00e0 declara\u00e7\u00e3o ao Minist\u00e9rio P\u00fablico Estadual (MPE)<\/p>\n<p class=\"wp-block-paragraph\"><em>NOTA<\/em><\/p>\n<p class=\"wp-block-paragraph\"><em>A Prefeitura de Feira de Santana esclarece que o prefeito Jos\u00e9 Ronaldo de Carvalho j\u00e1 encaminhou ao Minist\u00e9rio P\u00fablico Estadual documenta\u00e7\u00e3o referente \u00e0 informa\u00e7\u00e3o de que 700 pessoas morreram na fila da regula\u00e7\u00e3o no munic\u00edpio em 2025. A documenta\u00e7\u00e3o foi entregue ap\u00f3s o prefeito tornar p\u00fablica a informa\u00e7\u00e3o.<\/em><\/p>\n<p class=\"wp-block-paragraph\"><em>A gest\u00e3o municipal reafirma que as declara\u00e7\u00f5es feitas pelo prefeito est\u00e3o fundamentadas em informa\u00e7\u00f5es e documentos apresentados ao Minist\u00e9rio P\u00fablico, \u00f3rg\u00e3o competente para analisar o conte\u00fado, verificar os fatos e adotar as provid\u00eancias que considerar cab\u00edveis.<\/em><\/p>\n<p class=\"wp-block-paragraph\"><em>O prefeito Jos\u00e9 Ronaldo mant\u00e9m a posi\u00e7\u00e3o de que \u00e9 necess\u00e1rio discutir com transpar\u00eancia a situa\u00e7\u00e3o da regula\u00e7\u00e3o de pacientes e seus impactos sobre a popula\u00e7\u00e3o que depende da rede p\u00fablica estadual de sa\u00fade.<\/em><\/p>\n<p class=\"wp-block-paragraph\"><em>A Prefeitura ressalta, ainda, que a entrega da documenta\u00e7\u00e3o ao Minist\u00e9rio P\u00fablico representa justamente a disposi\u00e7\u00e3o da gest\u00e3o em submeter as informa\u00e7\u00f5es aos \u00f3rg\u00e3os de controle, permitindo a devida apura\u00e7\u00e3o dos fatos.<\/em><\/p>\n<p class=\"wp-block-paragraph\"><strong>Leia tamb\u00e9m: <\/strong><\/p>\n<p class=\"wp-block-paragraph\"><a href=\"https:\/\/www.acordacidade.com.br\/policia\/provocado-a-apresentar-provas-sobre-mortes-na-regulacao-jose-ronaldo-diz-que-denunciou-o-governo-estadual-ao-ministerio-publico\/\">Provocado a apresentar provas sobre mortes na regula\u00e7\u00e3o, Jos\u00e9 Ronaldo entrega documenta\u00e7\u00e3o ao Minist\u00e9rio P\u00fablico<\/a><\/p>\n<p class=\"wp-block-paragraph\"><a href=\"https:\/\/www.acordacidade.com.br\/dilton-e-feito\/apos-falas-de-jose-ronaldo-sobre-mortes-na-regulacao-sesab-desafia-prefeito-a-apresentar-dados\/\">Ap\u00f3s falas de Jos\u00e9 Ronaldo sobre mortes na regula\u00e7\u00e3o, Sesab desafia prefeito a apresentar dados<\/a><\/p>\n<p class=\"wp-block-paragraph\"><a href=\"https:\/\/www.acordacidade.com.br\/saude\/apos-prefeito-chamar-regulacao-de-fila-da-morte-secretaria-diz-se-a-bahia-copiasse-a-saude-municipal-de-feira-o-estado-teria-o-pior-servico-do-brasil\/\">Ap\u00f3s prefeito chamar regula\u00e7\u00e3o de \u2018fila da morte\u2019, secret\u00e1ria diz: \u201cSe a Bahia copiasse a sa\u00fade municipal de Feira, o estado teria o pior servi\u00e7o do Brasil\u201d<\/a><\/p>\n<p class=\"wp-block-paragraph\"><a href=\"https:\/\/www.acordacidade.com.br\/politica\/prefeito-reafirma-que-regulacao-na-bahia-e-fila-da-morte-e-diz-que-tem-a-solucao-entendo-do-assunto\/\">Prefeito reafirma que regula\u00e7\u00e3o \u00e9 \u2018fila da morte\u2019 e diz que tem a solu\u00e7\u00e3o: \u201cEntendo do assunto\u201d<\/a><\/p>\n<p class=\"wp-block-paragraph\"><a href=\"https:\/\/www.acordacidade.com.br\/politica\/governador-cobra-hospital-municipal-apos-jose-ronaldo-chamar-regulacao-de-fila-da-morte\/\">Governador cobra hospital municipal ap\u00f3s Jos\u00e9 Ronaldo chamar regula\u00e7\u00e3o de \u201cfila da morte\u201d<\/a><\/p>\n<p class=\"wp-block-paragraph\"><em>Siga o Acorda Cidade no\u00a0<\/em><a href=\"https:\/\/news.google.com\/search?q=acorda%20cidade&amp;hl=pt-BR&amp;gl=BR&amp;ceid=BR%3Apt-419\"><strong><em>Google Not\u00edcias<\/em><\/strong><\/a><em>\u00a0e receba os principais destaques do dia. Participe tamb\u00e9m dos nossos canais no\u00a0<\/em><a href=\"https:\/\/www.whatsapp.com\/channel\/0029Va6Rb4v3WHTNnsh8WI3N\"><strong><em>WhatsApp<\/em><\/strong><\/a><em>\u00a0e\u00a0<\/em><a href=\"https:\/\/www.youtube.com\/@acordacidadenoticias\/videos\"><strong>YouTube<\/strong><\/a><em>\u00a0e grupo de\u00a0<\/em><a href=\"https:\/\/t.me\/+sSz0khrgARA0ZmRh\"><strong><em>Telegram<\/em><\/strong><\/a><em>.<\/em><\/p>\n<\/div>\n","protected":false},"excerpt":{"rendered":"<p>Secret\u00e1ria estadual da Sa\u00fade, Roberta Santana | Foto: Divulga\u00e7\u00e3o Um m\u00eas ap\u00f3s o prefeito de<\/p>\n","protected":false},"author":1,"featured_media":148578,"comment_status":"closed","ping_status":"closed","sticky":false,"template":"","format":"gallery","meta":{"footnotes":""},"categories":[8,9,6,57,56,10],"tags":[],"class_list":["post-148577","post","type-post","status-publish","format-gallery","has-post-thumbnail","hentry","category-bahia","category-brasil","category-feira-de-santana","category-mundo","category-policia","category-politica","post_format-post-format-gallery"],"featured_image_urls":{"full":["https:\/\/noticiasbahia360.com.br\/wp-content\/uploads\/2026\/09\/Secretaria-estadual-da-Saude-Roberta-Santana-Foto-Divulgacao-.jpg",1200,900,false],"thumbnail":["https:\/\/noticiasbahia360.com.br\/wp-content\/uploads\/2026\/09\/Secretaria-estadual-da-Saude-Roberta-Santana-Foto-Divulgacao--150x150.jpg",150,150,true],"medium":["https:\/\/noticiasbahia360.com.br\/wp-content\/uploads\/2026\/09\/Secretaria-estadual-da-Saude-Roberta-Santana-Foto-Divulgacao--300x225.jpg",300,225,true],"medium_large":["https:\/\/noticiasbahia360.com.br\/wp-content\/uploads\/2026\/09\/Secretaria-estadual-da-Saude-Roberta-Santana-Foto-Divulgacao--768x576.jpg",640,480,true],"large":["https:\/\/noticiasbahia360.com.br\/wp-content\/uploads\/2026\/09\/Secretaria-estadual-da-Saude-Roberta-Santana-Foto-Divulgacao--1024x768.jpg",640,480,true],"1536x1536":["https:\/\/noticiasbahia360.com.br\/wp-content\/uploads\/2026\/09\/Secretaria-estadual-da-Saude-Roberta-Santana-Foto-Divulgacao-.jpg",1200,900,false],"2048x2048":["https:\/\/noticiasbahia360.com.br\/wp-content\/uploads\/2026\/09\/Secretaria-estadual-da-Saude-Roberta-Santana-Foto-Divulgacao-.jpg",1200,900,false],"chromenews-featured":["https:\/\/noticiasbahia360.com.br\/wp-content\/uploads\/2026\/09\/Secretaria-estadual-da-Saude-Roberta-Santana-Foto-Divulgacao--1024x768.jpg",1024,768,true],"chromenews-large":["https:\/\/noticiasbahia360.com.br\/wp-content\/uploads\/2026\/09\/Secretaria-estadual-da-Saude-Roberta-Santana-Foto-Divulgacao--825x575.jpg",825,575,true],"chromenews-medium":["https:\/\/noticiasbahia360.com.br\/wp-content\/uploads\/2026\/09\/Secretaria-estadual-da-Saude-Roberta-Santana-Foto-Divulgacao--590x410.jpg",590,410,true]},"author_info":{"display_name":"noticiasbahia360.com.br","author_link":"https:\/\/noticiasbahia360.com.br\/?author=1"},"category_info":"<a href=\"https:\/\/noticiasbahia360.com.br\/?cat=8\" rel=\"category\">Bahia<\/a> <a href=\"https:\/\/noticiasbahia360.com.br\/?cat=9\" rel=\"category\">Brasil<\/a> <a href=\"https:\/\/noticiasbahia360.com.br\/?cat=6\" rel=\"category\">Feira de Santana<\/a> <a href=\"https:\/\/noticiasbahia360.com.br\/?cat=57\" rel=\"category\">Mundo<\/a> <a href=\"https:\/\/noticiasbahia360.com.br\/?cat=56\" rel=\"category\">Pol\u00edcia<\/a> <a href=\"https:\/\/noticiasbahia360.com.br\/?cat=10\" rel=\"category\">Pol\u00edtica<\/a>","tag_info":"Pol\u00edtica","comment_count":"0","_links":{"self":[{"href":"https:\/\/noticiasbahia360.com.br\/index.php?rest_route=\/wp\/v2\/posts\/148577","targetHints":{"allow":["GET"]}}],"collection":[{"href":"https:\/\/noticiasbahia360.com.br\/index.php?rest_route=\/wp\/v2\/posts"}],"about":[{"href":"https:\/\/noticiasbahia360.com.br\/index.php?rest_route=\/wp\/v2\/types\/post"}],"author":[{"embeddable":true,"href":"https:\/\/noticiasbahia360.com.br\/index.php?rest_route=\/wp\/v2\/users\/1"}],"replies":[{"embeddable":true,"href":"https:\/\/noticiasbahia360.com.br\/index.php?rest_route=%2Fwp%2Fv2%2Fcomments&post=148577"}],"version-history":[{"count":0,"href":"https:\/\/noticiasbahia360.com.br\/index.php?rest_route=\/wp\/v2\/posts\/148577\/revisions"}],"wp:featuredmedia":[{"embeddable":true,"href":"https:\/\/noticiasbahia360.com.br\/index.php?rest_route=\/wp\/v2\/media\/148578"}],"wp:attachment":[{"href":"https:\/\/noticiasbahia360.com.br\/index.php?rest_route=%2Fwp%2Fv2%2Fmedia&parent=148577"}],"wp:term":[{"taxonomy":"category","embeddable":true,"href":"https:\/\/noticiasbahia360.com.br\/index.php?rest_route=%2Fwp%2Fv2%2Fcategories&post=148577"},{"taxonomy":"post_tag","embeddable":true,"href":"https:\/\/noticiasbahia360.com.br\/index.php?rest_route=%2Fwp%2Fv2%2Ftags&post=148577"}],"curies":[{"name":"wp","href":"https:\/\/api.w.org\/{rel}","templated":true}]}}