{"id":148579,"date":"2026-09-02T22:02:29","date_gmt":"2026-09-03T01:02:29","guid":{"rendered":"https:\/\/noticiasbahia360.com.br\/?p=148579"},"modified":"2026-09-02T22:02:29","modified_gmt":"2026-09-03T01:02:29","slug":"aumento-no-preco-do-gas-de-cozinha-deve-chegar-a-r-5-em-feira-de-santana","status":"publish","type":"post","link":"https:\/\/noticiasbahia360.com.br\/?p=148579","title":{"rendered":"Aumento no pre\u00e7o do g\u00e1s de cozinha deve chegar a R$ 5 em Feira de Santana"},"content":{"rendered":"<div>\n<div>\n<figure><img decoding=\"async\" src=\"http:\/\/noticiasbahia360.com.br\/wp-content\/uploads\/2026\/09\/botijao-de-gas-de-cozinha.jpg\" alt=\"botij\u00e3o de g\u00e1s de cozinha\"><figcaption>Foto: Ed Santos\/ Acorda Cidade<\/figcaption><\/figure>\n<\/div>\n<p class=\"wp-block-paragraph\">O pre\u00e7o do botij\u00e3o de g\u00e1s de cozinha deve sofrer um novo reajuste em Feira de Santana a partir do in\u00edcio deste m\u00eas de setembro. O Acorda Cidade divulgou a not\u00edcia no \u00faltimo dia 27 de agosto. De acordo com o <a href=\"https:\/\/www.acordacidade.com.br\/bahia\/gas-de-cozinha-pode-ficar-mais-caro-na-bahia-a-partir-de-1o-setembro\/\" data-type=\"link\" data-id=\"https:\/\/www.acordacidade.com.br\/bahia\/gas-de-cozinha-pode-ficar-mais-caro-na-bahia-a-partir-de-1o-setembro\/\">Sindicato dos Revendedores de G\u00e1s da Bahia (Sinrevgas)<\/a>, a atualiza\u00e7\u00e3o deve acontecer em todo o pa\u00eds. <\/p>\n<p class=\"wp-block-paragraph\">Em entrevista ao Acorda Cidade, Silvio Lima, propriet\u00e1rio de duas distribuidoras de g\u00e1s no munic\u00edpio, explicou que <strong>o aumento deve girar em torno de R$ 5 <\/strong>e est\u00e1 relacionado ao reajuste anual das empresas do setor.\u00a0<\/p>\n<p class=\"wp-block-paragraph\">Silvio explicou que <strong>o repasse ocorre anualmente e corresponde \u00e0 reposi\u00e7\u00e3o da infla\u00e7\u00e3o<\/strong>. Segundo ele, o reajuste \u00e9 aplicado pelas distribuidoras \u00e0s revendedoras, independentemente da marca.<\/p>\n<p class=\"wp-block-paragraph\">\u201cEsse valor chega a R$ 5. Esse valor \u00e9 referente ao diss\u00eddio das empresas, que acontece todo ano. \u00c9 aquela reposi\u00e7\u00e3o da infla\u00e7\u00e3o que as empresas fazem, da perda anual. E a\u00ed, no m\u00eas de setembro, elas repassam para todas as revendedoras, todas as distribuidoras\u201d, explicou.<\/p>\n<figure class=\"wp-block-image size-full\"><img fetchpriority=\"high\" fetchpriority=\"high\" decoding=\"async\" width=\"1200\" height=\"675\" src=\"http:\/\/noticiasbahia360.com.br\/wp-content\/uploads\/2026\/09\/Silvio-Lima.jpg\" alt=\"Silvio Lima\" class=\"wp-image-687122\" srcset=\"http:\/\/noticiasbahia360.com.br\/wp-content\/uploads\/2026\/09\/Silvio-Lima.jpg 1200w, https:\/\/uploads.acordacidade.com.br\/2026\/09\/Silvio-Lima-750x422.jpg 750w, https:\/\/uploads.acordacidade.com.br\/2026\/09\/Silvio-Lima-1000x563.jpg 1000w, https:\/\/uploads.acordacidade.com.br\/2026\/09\/Silvio-Lima-450x253.jpg 450w, https:\/\/uploads.acordacidade.com.br\/2026\/09\/Silvio-Lima-150x84.jpg 150w\" sizes=\"(max-width: 1200px) 100vw, 1200px\"><figcaption class=\"wp-element-caption\">Silvio Lima | Foto: Ed Santos\/ Acorda Cidade<\/figcaption><\/figure>\n<p class=\"wp-block-paragraph\">Na distribuidora administrada por Silvio, o botij\u00e3o passar\u00e1 a custar R$ 118. O comerciante informou que ainda possui estoque adquirido antes do reajuste e, por isso, o novo valor ser\u00e1 repassado aos consumidores a partir de sexta-feira (4).\u00a0<\/p>\n<p class=\"wp-block-paragraph\">Apesar do aumento, o reajuste em Feira de Santana deve ser menor que em Salvador. Enquanto na capital o acr\u00e9scimo pode chegar a R$ 10, no munic\u00edpio n\u00e3o deve passar de\u00a0 R$ 5.<\/p>\n<p class=\"wp-block-paragraph\">Silvio tamb\u00e9m destacou que <strong>o pre\u00e7o do botij\u00e3o pode variar de acordo com a distribuidora e a marca<\/strong>, embora a diferen\u00e7a entre os pre\u00e7os seja pequena.<\/p>\n<p class=\"wp-block-paragraph\"><strong>Sobre os principais fatores que encarecem o g\u00e1s de cozinha para o consumidor, Silvio apontou o cen\u00e1rio internacional, citando os impactos da guerra, al\u00e9m da pr\u00f3pria concorr\u00eancia entre os revendedores.<\/strong><\/p>\n<p class=\"wp-block-paragraph\">Na avalia\u00e7\u00e3o dele, Feira de Santana ainda apresenta pre\u00e7os mais acess\u00edveis em compara\u00e7\u00e3o com outras cidades.<\/p>\n<p class=\"wp-block-paragraph\">\u201cSe voc\u00ea comparar tamb\u00e9m o mercado de Feira com outros mercados a\u00ed fora, Feira ainda \u00e9 uma cidade contemplada com um pre\u00e7o mais acess\u00edvel, muito mais do que outras cidades. Se voc\u00ea for para fora de Feira, o botij\u00e3o chega a custar R$ 140, R$ 135\u201d, disse.<\/p>\n<h2 id=\"h-como-economizar-gas-de-cozinha\" class=\"wp-block-heading\">Como economizar g\u00e1s de cozinha?<\/h2>\n<p class=\"wp-block-paragraph\">Entre as recomenda\u00e7\u00f5es do comerciante para reduzir o consumo de g\u00e1s est\u00e3o:<\/p>\n<ul class=\"wp-block-list\">\n<li>Evitar deixar o fog\u00e3o pr\u00f3ximo a locais com corrente de vento (o que pode aumentar o tempo necess\u00e1rio para o cozimento dos alimentos);<\/li>\n<li>Ao aquecer \u00e1gua, evitar deix\u00e1-la no fogo por mais tempo do que o necess\u00e1rio.<\/li>\n<\/ul>\n<p class=\"wp-block-paragraph\">Segundo o revendedor, mesmo que a economia seja pequena, esses cuidados ajudam a gastar menos g\u00e1s durante o m\u00eas.<\/p>\n<p class=\"wp-block-paragraph\"><em>Com informa\u00e7\u00f5es do rep\u00f3rter Ed Santos, do Acorda Cidade.<\/em><\/p>\n<p class=\"wp-block-paragraph\"><strong>Leia tamb\u00e9m:<\/strong><\/p>\n<p class=\"wp-block-paragraph\"><a href=\"https:\/\/www.acordacidade.com.br\/bahia\/gas-de-cozinha-pode-ficar-mais-caro-na-bahia-a-partir-de-1o-setembro\/\" data-type=\"link\" data-id=\"https:\/\/www.acordacidade.com.br\/bahia\/gas-de-cozinha-pode-ficar-mais-caro-na-bahia-a-partir-de-1o-setembro\/\">G\u00e1s de cozinha pode ficar mais caro na Bahia a partir de 1\u00ba de setembro<\/a><\/p>\n<p class=\"wp-block-paragraph\"><em>Siga o Acorda Cidade no\u00a0<\/em><a href=\"https:\/\/news.google.com\/search?q=acorda%20cidade&amp;hl=pt-BR&amp;gl=BR&amp;ceid=BR%3Apt-419\"><strong><em>Google Not\u00edcias<\/em><\/strong><\/a><em>\u00a0e receba os principais destaques do dia. Participe tamb\u00e9m dos nossos canais no\u00a0<\/em><a href=\"https:\/\/whatsapp.com\/channel\/0029Va6Rb4v3WHTNnsh8WI3N\"><strong><em>WhatsApp<\/em><\/strong><\/a><em>\u00a0e\u00a0<\/em><a href=\"https:\/\/www.youtube.com\/@acordacidadenoticias\/videos\"><strong>YouTube<\/strong><\/a><em>\u00a0e do grupo no\u00a0<\/em><a href=\"https:\/\/t.me\/+sSz0khrgARA0ZmRh\"><strong><em>Telegram<\/em><\/strong><\/a><em>.<\/em><\/p>\n<\/div>\n","protected":false},"excerpt":{"rendered":"<p>Foto: Ed Santos\/ Acorda Cidade O pre\u00e7o do botij\u00e3o de g\u00e1s de cozinha deve sofrer<\/p>\n","protected":false},"author":1,"featured_media":148580,"comment_status":"closed","ping_status":"closed","sticky":false,"template":"","format":"gallery","meta":{"footnotes":""},"categories":[8,9,6,57,56,10],"tags":[],"class_list":["post-148579","post","type-post","status-publish","format-gallery","has-post-thumbnail","hentry","category-bahia","category-brasil","category-feira-de-santana","category-mundo","category-policia","category-politica","post_format-post-format-gallery"],"featured_image_urls":{"full":["https:\/\/noticiasbahia360.com.br\/wp-content\/uploads\/2026\/09\/botijao-de-gas-de-cozinha.jpg",1200,675,false],"thumbnail":["https:\/\/noticiasbahia360.com.br\/wp-content\/uploads\/2026\/09\/botijao-de-gas-de-cozinha-150x150.jpg",150,150,true],"medium":["https:\/\/noticiasbahia360.com.br\/wp-content\/uploads\/2026\/09\/botijao-de-gas-de-cozinha-300x169.jpg",300,169,true],"medium_large":["https:\/\/noticiasbahia360.com.br\/wp-content\/uploads\/2026\/09\/botijao-de-gas-de-cozinha-768x432.jpg",640,360,true],"large":["https:\/\/noticiasbahia360.com.br\/wp-content\/uploads\/2026\/09\/botijao-de-gas-de-cozinha-1024x576.jpg",640,360,true],"1536x1536":["https:\/\/noticiasbahia360.com.br\/wp-content\/uploads\/2026\/09\/botijao-de-gas-de-cozinha.jpg",1200,675,false],"2048x2048":["https:\/\/noticiasbahia360.com.br\/wp-content\/uploads\/2026\/09\/botijao-de-gas-de-cozinha.jpg",1200,675,false],"chromenews-featured":["https:\/\/noticiasbahia360.com.br\/wp-content\/uploads\/2026\/09\/botijao-de-gas-de-cozinha-1024x576.jpg",1024,576,true],"chromenews-large":["https:\/\/noticiasbahia360.com.br\/wp-content\/uploads\/2026\/09\/botijao-de-gas-de-cozinha-825x575.jpg",825,575,true],"chromenews-medium":["https:\/\/noticiasbahia360.com.br\/wp-content\/uploads\/2026\/09\/botijao-de-gas-de-cozinha-590x410.jpg",590,410,true]},"author_info":{"display_name":"noticiasbahia360.com.br","author_link":"https:\/\/noticiasbahia360.com.br\/?author=1"},"category_info":"<a href=\"https:\/\/noticiasbahia360.com.br\/?cat=8\" rel=\"category\">Bahia<\/a> <a href=\"https:\/\/noticiasbahia360.com.br\/?cat=9\" rel=\"category\">Brasil<\/a> <a href=\"https:\/\/noticiasbahia360.com.br\/?cat=6\" rel=\"category\">Feira de Santana<\/a> <a href=\"https:\/\/noticiasbahia360.com.br\/?cat=57\" rel=\"category\">Mundo<\/a> <a href=\"https:\/\/noticiasbahia360.com.br\/?cat=56\" rel=\"category\">Pol\u00edcia<\/a> <a href=\"https:\/\/noticiasbahia360.com.br\/?cat=10\" rel=\"category\">Pol\u00edtica<\/a>","tag_info":"Pol\u00edtica","comment_count":"0","_links":{"self":[{"href":"https:\/\/noticiasbahia360.com.br\/index.php?rest_route=\/wp\/v2\/posts\/148579","targetHints":{"allow":["GET"]}}],"collection":[{"href":"https:\/\/noticiasbahia360.com.br\/index.php?rest_route=\/wp\/v2\/posts"}],"about":[{"href":"https:\/\/noticiasbahia360.com.br\/index.php?rest_route=\/wp\/v2\/types\/post"}],"author":[{"embeddable":true,"href":"https:\/\/noticiasbahia360.com.br\/index.php?rest_route=\/wp\/v2\/users\/1"}],"replies":[{"embeddable":true,"href":"https:\/\/noticiasbahia360.com.br\/index.php?rest_route=%2Fwp%2Fv2%2Fcomments&post=148579"}],"version-history":[{"count":0,"href":"https:\/\/noticiasbahia360.com.br\/index.php?rest_route=\/wp\/v2\/posts\/148579\/revisions"}],"wp:featuredmedia":[{"embeddable":true,"href":"https:\/\/noticiasbahia360.com.br\/index.php?rest_route=\/wp\/v2\/media\/148580"}],"wp:attachment":[{"href":"https:\/\/noticiasbahia360.com.br\/index.php?rest_route=%2Fwp%2Fv2%2Fmedia&parent=148579"}],"wp:term":[{"taxonomy":"category","embeddable":true,"href":"https:\/\/noticiasbahia360.com.br\/index.php?rest_route=%2Fwp%2Fv2%2Fcategories&post=148579"},{"taxonomy":"post_tag","embeddable":true,"href":"https:\/\/noticiasbahia360.com.br\/index.php?rest_route=%2Fwp%2Fv2%2Ftags&post=148579"}],"curies":[{"name":"wp","href":"https:\/\/api.w.org\/{rel}","templated":true}]}}