{"id":148582,"date":"2026-09-02T22:02:30","date_gmt":"2026-09-03T01:02:30","guid":{"rendered":"https:\/\/noticiasbahia360.com.br\/?p=148582"},"modified":"2026-09-02T22:02:30","modified_gmt":"2026-09-03T01:02:30","slug":"sem-votos-suficientes-senado-adia-analise-da-pec-que-acaba-com-escala-6x1","status":"publish","type":"post","link":"https:\/\/noticiasbahia360.com.br\/?p=148582","title":{"rendered":"Sem votos suficientes, Senado adia an\u00e1lise da PEC que acaba com escala 6\u00d71"},"content":{"rendered":"<div>\n<div>\n<figure><img decoding=\"async\" src=\"http:\/\/noticiasbahia360.com.br\/wp-content\/uploads\/2026\/09\/brasilia-congresso-nacional-foto-davi-cerqueira.jpg\" alt=\"Congresso Nacional\"><figcaption>Congresso Nacional &#8211; Foto: Davi Cerqueira\/Acorda Cidade<\/figcaption><\/figure>\n<\/div>\n<p class=\"wp-block-paragraph\">Ag\u00eancia Brasil \u2014 <strong>Sem ter seguran\u00e7a sobre os votos necess\u00e1rios para aprovar a Proposta de Emenda Constitucional (PEC) do fim da escala 6\u00d71 e da redu\u00e7\u00e3o da jornada de trabalho, a base do governo no Senado Federal decidiu n\u00e3o arriscar uma aprecia\u00e7\u00e3o em plen\u00e1rio nesta quarta-feira (2). Com isso, a proposta s\u00f3 deve ser votado ap\u00f3s o 1\u00ba turno das elei\u00e7\u00f5es, em outubro.<\/strong><img decoding=\"async\" src=\"https:\/\/agenciabrasil.ebc.com.br\/ebc.png?id=1701409&amp;o=node\"><img decoding=\"async\" src=\"https:\/\/agenciabrasil.ebc.com.br\/ebc.gif?id=1701409&amp;o=node\"><\/p>\n<blockquote class=\"wp-block-quote has-medium-font-size is-layout-flow wp-block-quote-is-layout-flow\">\n<p class=\"wp-block-paragraph\">Hoje, houve um movimento bem sucedido da oposi\u00e7\u00e3o\u201d, afirmou o l\u00edder do governo no Congresso Nacional, senador Randolfe Rodrigues (PT-AC), referindo-se ao esvaziamento do plen\u00e1rio e \u00e0 consequente impossibilidade de vota\u00e7\u00e3o.\u00a0\u00a0<\/p>\n<\/blockquote>\n<p class=\"wp-block-paragraph\">Em entrevista \u00e0 imprensa, Randolfe atribuiu a uma \u201ca\u00e7\u00e3o coordenada\u201d de oposicionistas \u2013\u00a0com participa\u00e7\u00e3o direta dos senadores Fl\u00e1vio Bolsonaro (PL-RJ), candidato a presidente da Rep\u00fablica,\u00a0e do l\u00edder da oposi\u00e7\u00e3o, o tamb\u00e9m senador Rog\u00e9rio Marinho (PL-RN) \u2013\u00a0para desmobilizar a presen\u00e7a dos parlamentares para uma poss\u00edvel vota\u00e7\u00e3o. \u201cA oposi\u00e7\u00e3o ao nosso governo \u00e9 contra o fim da escala 6\u00d71. Ponto\u201d, disse.<\/p>\n<p class=\"wp-block-paragraph\"><strong>O l\u00edder do governo\u00a0afirmou que a oposi\u00e7\u00e3o j\u00e1 havia demonstrado resist\u00eancia na CCJ, onde houve quatro votos contr\u00e1rios \u00e0 proposta.<\/strong><\/p>\n<p class=\"wp-block-paragraph\"><strong>Dos 27 senadores presentes na comiss\u00e3o, quatro registraram votos contr\u00e1rios: Rog\u00e9rio Marinho (PL-RN), Hamilton Mour\u00e3o (Republicanos-RS), Tereza Cristina (PP-MS) e Jaime Bagattoli (PL-RO).<\/strong><\/p>\n<p class=\"wp-block-paragraph\">Apesar do registro dos votos, a aprova\u00e7\u00e3o da PEC no colegiado se deu de\u00a0forma simb\u00f3lica.\u00a0<strong>A \u00faltima etapa para a aprova\u00e7\u00e3o da mat\u00e9ria \u00e9 justamente a vota\u00e7\u00e3o no plen\u00e1rio do Senado, em dois turnos, com o m\u00ednimo de 49 votos favor\u00e1veis, o que corresponde a 60% do apoio dos 81 senadores.<\/strong><\/p>\n<p class=\"wp-block-paragraph\">A PEC 221\/2019 prev\u00ea a obrigatoriedade de descanso remunerado de dois dias por semana, sem redu\u00e7\u00e3o salarial, e reduz a atual jornada de trabalho de 44 para 40 horas semanais, com uma regra de transi\u00e7\u00e3o de 14 meses. \u00a0<\/p>\n<p class=\"wp-block-paragraph\">A CCJ chegou a aprovar um calend\u00e1rio especial para acelerar a tramita\u00e7\u00e3o da proposta, eliminando intervalos regimentais (chamados de interst\u00edcios) e permitindo que a mat\u00e9ria\u00a0pudesse ser votada ainda nesta semana\u00a0no plen\u00e1rio, em regime de urg\u00eancia.\u00a0<strong>A inclus\u00e3o na pauta do plen\u00e1rio depende do presidente da Casa, Davi Alcolumbre (Uni\u00e3o-AP).<\/strong>\u00a0\u00a0<\/p>\n<p class=\"wp-block-paragraph\">Ao ser perguntado sobre isso, o l\u00edder do governo explicou que Alcolumbre questionou os governistas se havia seguran\u00e7a quanto ao n\u00famero de votos. Diante da resposta negativa, governo e presidente do Senado consideraram mais prudente n\u00e3o submeter a PEC, que poderia ser derrotada, principalmente por uma prov\u00e1vel aus\u00eancia de senadores para vot\u00e1-la, o que impediria o alcance do piso m\u00ednimo de apoio.<\/p>\n<p class=\"wp-block-paragraph\"><strong>Randolfe Rodrigues afirmou que o governo estimava ter 53 ou 54 votos favor\u00e1veis, mas que essa margem n\u00e3o oferecia seguran\u00e7a suficiente para colocar a PEC em vota\u00e7\u00e3o. O pr\u00f3ximo esfor\u00e7o concentrado de vota\u00e7\u00f5es no Congresso Nacional est\u00e1 previsto para a segunda semana de outubro.\u00a0<\/strong><\/p>\n<p class=\"wp-block-paragraph\">A\u00a0Ag\u00eancia Brasil\u00a0entrou em contato com o senador Rog\u00e9rio Marinho, l\u00edder da oposi\u00e7\u00e3o, para obter uma posi\u00e7\u00e3o sobre o fato de a PEC n\u00e3o ter sido inclu\u00edda na vota\u00e7\u00e3o, mas ainda n\u00e3o teve retorno. Contr\u00e1rio \u00e0 PEC, Marinho apresentou uma proposta alternativa que mant\u00e9m a escala 6\u00d71 e a jornada semanal m\u00e1xima de 44 horas, com a possibilidade de diferentes jornadas de trabalho em negocia\u00e7\u00e3o direta entre trabalhadores e empregadores. A iniciativa prev\u00ea que a remunera\u00e7\u00e3o seja calculada de acordo com as horas trabalhadas.<\/p>\n<p class=\"wp-block-paragraph\">A reportagem tamb\u00e9m procurou Fl\u00e1vio Bolsonaro para comentar as declara\u00e7\u00f5es de Randolfe. Integrante da CCJ, ele estava ausente quando a PEC foi aprovada no colegiado. Nos \u00faltimos dias, ele tamb\u00e9m defendeu a proposta de pagamento por hora trabalhada e evitou dizer como votaria no texto que prev\u00ea o fim da escala 6\u00d71. O espa\u00e7o para manifesta\u00e7\u00e3o segue aberto.\u00a0<\/p>\n<p class=\"wp-block-paragraph\"><strong>Leia tamb\u00e9m: <\/strong><a href=\"https:\/\/www.acordacidade.com.br\/politica\/pec-do-fim-da-6x1-relator-rejeita-emendas-que-mantinham-jornada-de-seis-dias\/\">PEC do fim da 6\u00d71: relator rejeita emendas que mantinham jornada de seis dias<\/a><\/p>\n<p class=\"wp-block-paragraph\"><em>Siga o Acorda Cidade no\u00a0<\/em><a href=\"https:\/\/news.google.com\/search?q=acorda%20cidade&amp;hl=pt-BR&amp;gl=BR&amp;ceid=BR%3Apt-419\"><strong><em>Google Not\u00edcias<\/em><\/strong><\/a><em>\u00a0e receba os principais destaques do dia. Participe tamb\u00e9m dos nossos canais no\u00a0<\/em><a href=\"https:\/\/whatsapp.com\/channel\/0029Va6Rb4v3WHTNnsh8WI3N\"><strong><em>WhatsApp<\/em><\/strong><\/a><em>\u00a0e\u00a0<\/em><a href=\"https:\/\/www.youtube.com\/@acordacidadenoticias\/videos\"><strong>YouTube<\/strong><\/a><em>\u00a0e do grupo no\u00a0<\/em><a href=\"https:\/\/t.me\/+sSz0khrgARA0ZmRh\"><strong><em>Telegram<\/em><\/strong><\/a><em>.<\/em><\/p>\n<\/div>\n","protected":false},"excerpt":{"rendered":"<p>Congresso Nacional &#8211; Foto: Davi Cerqueira\/Acorda Cidade Ag\u00eancia Brasil \u2014 Sem ter seguran\u00e7a sobre os<\/p>\n","protected":false},"author":1,"featured_media":148583,"comment_status":"closed","ping_status":"closed","sticky":false,"template":"","format":"gallery","meta":{"footnotes":""},"categories":[8,9,6,57,56,10],"tags":[],"class_list":["post-148582","post","type-post","status-publish","format-gallery","has-post-thumbnail","hentry","category-bahia","category-brasil","category-feira-de-santana","category-mundo","category-policia","category-politica","post_format-post-format-gallery"],"featured_image_urls":{"full":["https:\/\/noticiasbahia360.com.br\/wp-content\/uploads\/2026\/09\/brasilia-congresso-nacional-foto-davi-cerqueira.jpg",1200,900,false],"thumbnail":["https:\/\/noticiasbahia360.com.br\/wp-content\/uploads\/2026\/09\/brasilia-congresso-nacional-foto-davi-cerqueira-150x150.jpg",150,150,true],"medium":["https:\/\/noticiasbahia360.com.br\/wp-content\/uploads\/2026\/09\/brasilia-congresso-nacional-foto-davi-cerqueira-300x225.jpg",300,225,true],"medium_large":["https:\/\/noticiasbahia360.com.br\/wp-content\/uploads\/2026\/09\/brasilia-congresso-nacional-foto-davi-cerqueira-768x576.jpg",640,480,true],"large":["https:\/\/noticiasbahia360.com.br\/wp-content\/uploads\/2026\/09\/brasilia-congresso-nacional-foto-davi-cerqueira-1024x768.jpg",640,480,true],"1536x1536":["https:\/\/noticiasbahia360.com.br\/wp-content\/uploads\/2026\/09\/brasilia-congresso-nacional-foto-davi-cerqueira.jpg",1200,900,false],"2048x2048":["https:\/\/noticiasbahia360.com.br\/wp-content\/uploads\/2026\/09\/brasilia-congresso-nacional-foto-davi-cerqueira.jpg",1200,900,false],"chromenews-featured":["https:\/\/noticiasbahia360.com.br\/wp-content\/uploads\/2026\/09\/brasilia-congresso-nacional-foto-davi-cerqueira-1024x768.jpg",1024,768,true],"chromenews-large":["https:\/\/noticiasbahia360.com.br\/wp-content\/uploads\/2026\/09\/brasilia-congresso-nacional-foto-davi-cerqueira-825x575.jpg",825,575,true],"chromenews-medium":["https:\/\/noticiasbahia360.com.br\/wp-content\/uploads\/2026\/09\/brasilia-congresso-nacional-foto-davi-cerqueira-590x410.jpg",590,410,true]},"author_info":{"display_name":"noticiasbahia360.com.br","author_link":"https:\/\/noticiasbahia360.com.br\/?author=1"},"category_info":"<a href=\"https:\/\/noticiasbahia360.com.br\/?cat=8\" rel=\"category\">Bahia<\/a> <a href=\"https:\/\/noticiasbahia360.com.br\/?cat=9\" rel=\"category\">Brasil<\/a> <a href=\"https:\/\/noticiasbahia360.com.br\/?cat=6\" rel=\"category\">Feira de Santana<\/a> <a href=\"https:\/\/noticiasbahia360.com.br\/?cat=57\" rel=\"category\">Mundo<\/a> <a href=\"https:\/\/noticiasbahia360.com.br\/?cat=56\" rel=\"category\">Pol\u00edcia<\/a> <a href=\"https:\/\/noticiasbahia360.com.br\/?cat=10\" rel=\"category\">Pol\u00edtica<\/a>","tag_info":"Pol\u00edtica","comment_count":"0","_links":{"self":[{"href":"https:\/\/noticiasbahia360.com.br\/index.php?rest_route=\/wp\/v2\/posts\/148582","targetHints":{"allow":["GET"]}}],"collection":[{"href":"https:\/\/noticiasbahia360.com.br\/index.php?rest_route=\/wp\/v2\/posts"}],"about":[{"href":"https:\/\/noticiasbahia360.com.br\/index.php?rest_route=\/wp\/v2\/types\/post"}],"author":[{"embeddable":true,"href":"https:\/\/noticiasbahia360.com.br\/index.php?rest_route=\/wp\/v2\/users\/1"}],"replies":[{"embeddable":true,"href":"https:\/\/noticiasbahia360.com.br\/index.php?rest_route=%2Fwp%2Fv2%2Fcomments&post=148582"}],"version-history":[{"count":0,"href":"https:\/\/noticiasbahia360.com.br\/index.php?rest_route=\/wp\/v2\/posts\/148582\/revisions"}],"wp:featuredmedia":[{"embeddable":true,"href":"https:\/\/noticiasbahia360.com.br\/index.php?rest_route=\/wp\/v2\/media\/148583"}],"wp:attachment":[{"href":"https:\/\/noticiasbahia360.com.br\/index.php?rest_route=%2Fwp%2Fv2%2Fmedia&parent=148582"}],"wp:term":[{"taxonomy":"category","embeddable":true,"href":"https:\/\/noticiasbahia360.com.br\/index.php?rest_route=%2Fwp%2Fv2%2Fcategories&post=148582"},{"taxonomy":"post_tag","embeddable":true,"href":"https:\/\/noticiasbahia360.com.br\/index.php?rest_route=%2Fwp%2Fv2%2Ftags&post=148582"}],"curies":[{"name":"wp","href":"https:\/\/api.w.org\/{rel}","templated":true}]}}