{"id":148584,"date":"2026-09-02T23:02:32","date_gmt":"2026-09-03T02:02:32","guid":{"rendered":"https:\/\/noticiasbahia360.com.br\/?p=148584"},"modified":"2026-09-02T23:02:32","modified_gmt":"2026-09-03T02:02:32","slug":"discord-tera-10-dias-para-propor-medidas-de-protecao-a-mulheres-criancas-e-adolescentes","status":"publish","type":"post","link":"https:\/\/noticiasbahia360.com.br\/?p=148584","title":{"rendered":"Discord ter\u00e1 10 dias para propor medidas de prote\u00e7\u00e3o a mulheres, crian\u00e7as e adolescentes"},"content":{"rendered":"<div>\n<div>\n<figure><img decoding=\"async\" src=\"http:\/\/noticiasbahia360.com.br\/wp-content\/uploads\/2026\/09\/Discord-Foto-Bruno-Pires-Agencia-Brasil.jpg\" alt=\"Discord\"><figcaption>Foto: Bruno Pires\/ Ag\u00eancia Brasil<\/figcaption><\/figure>\n<\/div>\n<p class=\"wp-block-paragraph\">Ag\u00eancia Brasil \u2014 <strong>A Justi\u00e7a Federal no Distrito Federal concedeu, nesta quarta-feira (2), um prazo de dez dias para a plataforma Discord apresentar uma proposta de concilia\u00e7\u00e3o na a\u00e7\u00e3o na qual o governo federal pede que a empresa efetive medidas para proteger mulheres, crian\u00e7as e adolescentes na internet.<\/strong><img decoding=\"async\" src=\"https:\/\/agenciabrasil.ebc.com.br\/ebc.png?id=1701406&amp;o=node\"><img decoding=\"async\" src=\"https:\/\/agenciabrasil.ebc.com.br\/ebc.gif?id=1701406&amp;o=node\"><\/p>\n<p class=\"wp-block-paragraph\">O prazo foi solicitado pela plataforma durante a primeira audi\u00eancia do caso, que tamb\u00e9m envolveu representantes da Advocacia-Geral da Uni\u00e3o (AGU) e do Minist\u00e9rio P\u00fablico Federal (MPF).<\/p>\n<p class=\"wp-block-paragraph\"><strong>O Discord pretende apresentar um protocolo para receber notifica\u00e7\u00f5es sobre casos de sextors\u00e3o na plataforma, mecanismo de detec\u00e7\u00e3o e modera\u00e7\u00e3o de conte\u00fados sobre maus-tratos e crueldade contra animais, al\u00e9m de medidas para preservar dados de usu\u00e1rios para assegurar eventual requisi\u00e7\u00e3o por investiga\u00e7\u00f5es.<\/strong><\/p>\n<p class=\"wp-block-paragraph\">Antes de protocolar a a\u00e7\u00e3o na Justi\u00e7a, o governo federal\u00a0tentou fechar acordo\u00a0com a plataforma para que as falhas fossem corrigidas.<\/p>\n<p class=\"wp-block-paragraph\">Contudo, a AGU informou que as medidas apresentadas anteriormente pela empresa foram consideradas insuficientes para eliminar as falhas apresentadas e\u00a0protocolou a a\u00e7\u00e3o na Justi\u00e7a.\u00a0<\/p>\n<p class=\"wp-block-paragraph\">O Discord passou a ser cobrado pelo governo ap\u00f3s repercuss\u00e3o do caso de uma adolescente que foi induzida a tirar a pr\u00f3pria vida durante uma live transmitida pela plataforma. O epis\u00f3dio ocorreu em julho.\u00a0<\/p>\n<p class=\"wp-block-paragraph\"><em>Siga o Acorda Cidade no\u00a0<\/em><a href=\"https:\/\/news.google.com\/search?q=acorda%20cidade&amp;hl=pt-BR&amp;gl=BR&amp;ceid=BR%3Apt-419\"><strong><em>Google Not\u00edcias<\/em><\/strong><\/a><em>\u00a0e receba os principais destaques do dia. Participe tamb\u00e9m dos nossos canais no\u00a0<\/em><a href=\"https:\/\/whatsapp.com\/channel\/0029Va6Rb4v3WHTNnsh8WI3N\"><strong><em>WhatsApp<\/em><\/strong><\/a><em>\u00a0e\u00a0<\/em><a href=\"https:\/\/www.youtube.com\/@acordacidadenoticias\/videos\"><strong>YouTube<\/strong><\/a><em>\u00a0e do grupo no\u00a0<\/em><a href=\"https:\/\/t.me\/+sSz0khrgARA0ZmRh\"><strong><em>Telegram<\/em><\/strong><\/a><em>.<\/em><\/p>\n<\/div>\n","protected":false},"excerpt":{"rendered":"<p>Foto: Bruno Pires\/ Ag\u00eancia Brasil Ag\u00eancia Brasil \u2014 A Justi\u00e7a Federal no Distrito Federal concedeu,<\/p>\n","protected":false},"author":1,"featured_media":148585,"comment_status":"closed","ping_status":"closed","sticky":false,"template":"","format":"gallery","meta":{"footnotes":""},"categories":[8,9,6,57,56,10],"tags":[],"class_list":["post-148584","post","type-post","status-publish","format-gallery","has-post-thumbnail","hentry","category-bahia","category-brasil","category-feira-de-santana","category-mundo","category-policia","category-politica","post_format-post-format-gallery"],"featured_image_urls":{"full":["https:\/\/noticiasbahia360.com.br\/wp-content\/uploads\/2026\/09\/Discord-Foto-Bruno-Pires-Agencia-Brasil.jpg",1200,800,false],"thumbnail":["https:\/\/noticiasbahia360.com.br\/wp-content\/uploads\/2026\/09\/Discord-Foto-Bruno-Pires-Agencia-Brasil-150x150.jpg",150,150,true],"medium":["https:\/\/noticiasbahia360.com.br\/wp-content\/uploads\/2026\/09\/Discord-Foto-Bruno-Pires-Agencia-Brasil-300x200.jpg",300,200,true],"medium_large":["https:\/\/noticiasbahia360.com.br\/wp-content\/uploads\/2026\/09\/Discord-Foto-Bruno-Pires-Agencia-Brasil-768x512.jpg",640,427,true],"large":["https:\/\/noticiasbahia360.com.br\/wp-content\/uploads\/2026\/09\/Discord-Foto-Bruno-Pires-Agencia-Brasil-1024x683.jpg",640,427,true],"1536x1536":["https:\/\/noticiasbahia360.com.br\/wp-content\/uploads\/2026\/09\/Discord-Foto-Bruno-Pires-Agencia-Brasil.jpg",1200,800,false],"2048x2048":["https:\/\/noticiasbahia360.com.br\/wp-content\/uploads\/2026\/09\/Discord-Foto-Bruno-Pires-Agencia-Brasil.jpg",1200,800,false],"chromenews-featured":["https:\/\/noticiasbahia360.com.br\/wp-content\/uploads\/2026\/09\/Discord-Foto-Bruno-Pires-Agencia-Brasil-1024x683.jpg",1024,683,true],"chromenews-large":["https:\/\/noticiasbahia360.com.br\/wp-content\/uploads\/2026\/09\/Discord-Foto-Bruno-Pires-Agencia-Brasil-825x575.jpg",825,575,true],"chromenews-medium":["https:\/\/noticiasbahia360.com.br\/wp-content\/uploads\/2026\/09\/Discord-Foto-Bruno-Pires-Agencia-Brasil-590x410.jpg",590,410,true]},"author_info":{"display_name":"noticiasbahia360.com.br","author_link":"https:\/\/noticiasbahia360.com.br\/?author=1"},"category_info":"<a href=\"https:\/\/noticiasbahia360.com.br\/?cat=8\" rel=\"category\">Bahia<\/a> <a href=\"https:\/\/noticiasbahia360.com.br\/?cat=9\" rel=\"category\">Brasil<\/a> <a href=\"https:\/\/noticiasbahia360.com.br\/?cat=6\" rel=\"category\">Feira de Santana<\/a> <a href=\"https:\/\/noticiasbahia360.com.br\/?cat=57\" rel=\"category\">Mundo<\/a> <a href=\"https:\/\/noticiasbahia360.com.br\/?cat=56\" rel=\"category\">Pol\u00edcia<\/a> <a href=\"https:\/\/noticiasbahia360.com.br\/?cat=10\" rel=\"category\">Pol\u00edtica<\/a>","tag_info":"Pol\u00edtica","comment_count":"0","_links":{"self":[{"href":"https:\/\/noticiasbahia360.com.br\/index.php?rest_route=\/wp\/v2\/posts\/148584","targetHints":{"allow":["GET"]}}],"collection":[{"href":"https:\/\/noticiasbahia360.com.br\/index.php?rest_route=\/wp\/v2\/posts"}],"about":[{"href":"https:\/\/noticiasbahia360.com.br\/index.php?rest_route=\/wp\/v2\/types\/post"}],"author":[{"embeddable":true,"href":"https:\/\/noticiasbahia360.com.br\/index.php?rest_route=\/wp\/v2\/users\/1"}],"replies":[{"embeddable":true,"href":"https:\/\/noticiasbahia360.com.br\/index.php?rest_route=%2Fwp%2Fv2%2Fcomments&post=148584"}],"version-history":[{"count":0,"href":"https:\/\/noticiasbahia360.com.br\/index.php?rest_route=\/wp\/v2\/posts\/148584\/revisions"}],"wp:featuredmedia":[{"embeddable":true,"href":"https:\/\/noticiasbahia360.com.br\/index.php?rest_route=\/wp\/v2\/media\/148585"}],"wp:attachment":[{"href":"https:\/\/noticiasbahia360.com.br\/index.php?rest_route=%2Fwp%2Fv2%2Fmedia&parent=148584"}],"wp:term":[{"taxonomy":"category","embeddable":true,"href":"https:\/\/noticiasbahia360.com.br\/index.php?rest_route=%2Fwp%2Fv2%2Fcategories&post=148584"},{"taxonomy":"post_tag","embeddable":true,"href":"https:\/\/noticiasbahia360.com.br\/index.php?rest_route=%2Fwp%2Fv2%2Ftags&post=148584"}],"curies":[{"name":"wp","href":"https:\/\/api.w.org\/{rel}","templated":true}]}}