{"id":148586,"date":"2026-09-02T23:02:33","date_gmt":"2026-09-03T02:02:33","guid":{"rendered":"https:\/\/noticiasbahia360.com.br\/?p=148586"},"modified":"2026-09-02T23:02:33","modified_gmt":"2026-09-03T02:02:33","slug":"eleicoes-2026-tse-aprova-registro-de-seis-chapas-de-candidatos-a-presidencia","status":"publish","type":"post","link":"https:\/\/noticiasbahia360.com.br\/?p=148586","title":{"rendered":"Elei\u00e7\u00f5es 2026: TSE aprova registro de seis chapas de candidatos \u00e0 Presid\u00eancia"},"content":{"rendered":"<div>\n<div>\n<figure><img decoding=\"async\" src=\"http:\/\/noticiasbahia360.com.br\/wp-content\/uploads\/2026\/09\/Urna-Eletronica-1.jpg\" alt=\"Urna Eletr\u00f4nica\"><figcaption>Foto: Fernando Fraz\u00e3o\/Ag\u00eancia Brasil<\/figcaption><\/figure>\n<\/div>\n<p class=\"wp-block-paragraph\">Ag\u00eancia Brasil \u2014 <strong>O Tribunal Superior Eleitoral (TSE) aprovou nesta quarta-feira (2) o registro de seis chapas de candidatos \u00e0 Presid\u00eancia da Rep\u00fablica nas elei\u00e7\u00f5es de outubro.<\/strong><img decoding=\"async\" src=\"https:\/\/agenciabrasil.ebc.com.br\/ebc.png?id=1701413&amp;o=node\"><img decoding=\"async\" src=\"https:\/\/agenciabrasil.ebc.com.br\/ebc.gif?id=1701413&amp;o=node\"><\/p>\n<p class=\"wp-block-paragraph\">Por unanimidade, foram aceitos os registros das seguintes chapas, que s\u00e3o formadas pelos candidatos e seus respectivos vices:<\/p>\n<ul class=\"wp-block-list\">\n<li><strong>Edmilson Costa e Cleusa Santos (PCB);<\/strong><\/li>\n<li><strong>Fl\u00e1vio Bolsonaro e Alfredo Gaspar (PL);<\/strong><\/li>\n<li><strong>Hertz Dias e Vanessa Portugal (PSTU);<\/strong><\/li>\n<li><strong>Luiz In\u00e1cio Lula da Silva (PT) e Geraldo Alckmin (PSB);<\/strong><\/li>\n<li><strong>Romeu Zema e Eduardo Gir\u00e3o (Novo);<\/strong><\/li>\n<li><strong>Samara Martins e Raquel Br\u00edcio (UP).<\/strong><\/li>\n<\/ul>\n<p class=\"wp-block-paragraph\">A delibera\u00e7\u00e3o do TSE ocorreu durante sess\u00e3o virtual, na qual os ministros registram os votos no sistema da Corte e n\u00e3o h\u00e1 vota\u00e7\u00e3o presencial.<\/p>\n<p class=\"wp-block-paragraph\">Por unanimidade,<strong>\u00a0os sete ministros conclu\u00edram que os candidatos apresentaram os documentos necess\u00e1rios e est\u00e3o aptos a disputar o pleito.\u00a0<\/strong><\/p>\n<p class=\"wp-block-paragraph\">No total, o tribunal recebeu 13 pedidos de registros de candidaturas.<strong>\u00a0Ainda ser\u00e3o julgados os registros de sete candidatos e seus respectivos vices:<\/strong><\/p>\n<ul class=\"wp-block-list\">\n<li><strong>Augusto Cury e J\u00falio Delgado (Avante);<\/strong><\/li>\n<li><strong>Clariana Bar\u00e3o e Fabiana Torquato (DC);<\/strong><\/li>\n<li><strong>Pablo Mar\u00e7al e Leonardo Avalanche (PRTB);<\/strong><\/li>\n<li><strong>Renan Santos e Coronel Medina (Miss\u00e3o);<\/strong><\/li>\n<li><strong>Ronaldo Caiado e Gilberto Kassab (PSD);<\/strong><\/li>\n<li><strong>Rui Costa Pimenta e Ant\u00f4nio Carlos (PCO);<\/strong><\/li>\n<li><strong>Wilson Grassi e Su\u00ead Haidar (Democrata).<\/strong><\/li>\n<\/ul>\n<p class=\"wp-block-paragraph\">No caso de Pablo Mar\u00e7al, o\u00a0TSE j\u00e1 determinou que o candidato deve ficar proibido temporariamente de fazer campanha eleitoral, comparecer a debates e participar do hor\u00e1rio eleitoral no r\u00e1dio e na TV.<\/p>\n<p class=\"wp-block-paragraph\">Os ministros aceitaram um pedido de liminar protocolado pelo Minist\u00e9rio P\u00fablico Eleitoral (MPE) para suspender a campanha de Mar\u00e7al at\u00e9 que o TSE julgue de forma definitiva o registro de candidatura.\u00a0<\/p>\n<p class=\"wp-block-paragraph\">O MPE afirmou ao tribunal que Pablo Mar\u00e7al est\u00e1 ineleg\u00edvel at\u00e9 2032 por ter sido condenado pela Justi\u00e7a Eleitoral de S\u00e3o Paulo por ofertar grava\u00e7\u00f5es de v\u00eddeos para vereadores e prefeitos em troca de doa\u00e7\u00f5es em dinheiro. O epis\u00f3dio ocorreu nas elei\u00e7\u00f5es municipais de 2024.<\/p>\n<h2 id=\"h-eleicoes\" class=\"wp-block-heading\">Elei\u00e7\u00f5es<\/h2>\n<p class=\"wp-block-paragraph\">O primeiro turno ser\u00e1 realizado no dia 4 de outubro, quando ser\u00e3o eleitos deputados federais, estaduais, distritais, governadores, senadores e o presidente da Rep\u00fablica.<\/p>\n<p class=\"wp-block-paragraph\">O segundo turno est\u00e1 marcado para o dia 25 e pode ocorrer na disputa para os cargos de governador e presidente. Os eleitores voltar\u00e3o \u00e0s urnas se nenhum dos candidatos obtiver mais de 50% dos votos v\u00e1lidos, excluindo brancos e nulos, no primeiro turno.<\/p>\n<p class=\"wp-block-paragraph\"><em>Siga o Acorda Cidade no\u00a0<\/em><a href=\"https:\/\/news.google.com\/search?q=acorda%20cidade&amp;hl=pt-BR&amp;gl=BR&amp;ceid=BR%3Apt-419\"><strong><em>Google Not\u00edcias<\/em><\/strong><\/a><em>\u00a0e receba os principais destaques do dia. Participe tamb\u00e9m dos nossos canais no\u00a0<\/em><a href=\"https:\/\/whatsapp.com\/channel\/0029Va6Rb4v3WHTNnsh8WI3N\"><strong><em>WhatsApp<\/em><\/strong><\/a><em>\u00a0e\u00a0<\/em><a href=\"https:\/\/www.youtube.com\/@acordacidadenoticias\/videos\"><strong>YouTube<\/strong><\/a><em>\u00a0e do grupo no\u00a0<\/em><a href=\"https:\/\/t.me\/+sSz0khrgARA0ZmRh\"><strong><em>Telegram<\/em><\/strong><\/a><em>.<\/em><\/p>\n<\/div>\n","protected":false},"excerpt":{"rendered":"<p>Foto: Fernando Fraz\u00e3o\/Ag\u00eancia Brasil Ag\u00eancia Brasil \u2014 O Tribunal Superior Eleitoral (TSE) aprovou nesta quarta-feira<\/p>\n","protected":false},"author":1,"featured_media":148587,"comment_status":"closed","ping_status":"closed","sticky":false,"template":"","format":"gallery","meta":{"footnotes":""},"categories":[8,9,6,57,56,10],"tags":[],"class_list":["post-148586","post","type-post","status-publish","format-gallery","has-post-thumbnail","hentry","category-bahia","category-brasil","category-feira-de-santana","category-mundo","category-policia","category-politica","post_format-post-format-gallery"],"featured_image_urls":{"full":["https:\/\/noticiasbahia360.com.br\/wp-content\/uploads\/2026\/09\/Urna-Eletronica-1.jpg",1200,801,false],"thumbnail":["https:\/\/noticiasbahia360.com.br\/wp-content\/uploads\/2026\/09\/Urna-Eletronica-1-150x150.jpg",150,150,true],"medium":["https:\/\/noticiasbahia360.com.br\/wp-content\/uploads\/2026\/09\/Urna-Eletronica-1-300x200.jpg",300,200,true],"medium_large":["https:\/\/noticiasbahia360.com.br\/wp-content\/uploads\/2026\/09\/Urna-Eletronica-1-768x513.jpg",640,428,true],"large":["https:\/\/noticiasbahia360.com.br\/wp-content\/uploads\/2026\/09\/Urna-Eletronica-1-1024x684.jpg",640,428,true],"1536x1536":["https:\/\/noticiasbahia360.com.br\/wp-content\/uploads\/2026\/09\/Urna-Eletronica-1.jpg",1200,801,false],"2048x2048":["https:\/\/noticiasbahia360.com.br\/wp-content\/uploads\/2026\/09\/Urna-Eletronica-1.jpg",1200,801,false],"chromenews-featured":["https:\/\/noticiasbahia360.com.br\/wp-content\/uploads\/2026\/09\/Urna-Eletronica-1-1024x684.jpg",1024,684,true],"chromenews-large":["https:\/\/noticiasbahia360.com.br\/wp-content\/uploads\/2026\/09\/Urna-Eletronica-1-825x575.jpg",825,575,true],"chromenews-medium":["https:\/\/noticiasbahia360.com.br\/wp-content\/uploads\/2026\/09\/Urna-Eletronica-1-590x410.jpg",590,410,true]},"author_info":{"display_name":"noticiasbahia360.com.br","author_link":"https:\/\/noticiasbahia360.com.br\/?author=1"},"category_info":"<a href=\"https:\/\/noticiasbahia360.com.br\/?cat=8\" rel=\"category\">Bahia<\/a> <a href=\"https:\/\/noticiasbahia360.com.br\/?cat=9\" rel=\"category\">Brasil<\/a> <a href=\"https:\/\/noticiasbahia360.com.br\/?cat=6\" rel=\"category\">Feira de Santana<\/a> <a href=\"https:\/\/noticiasbahia360.com.br\/?cat=57\" rel=\"category\">Mundo<\/a> <a href=\"https:\/\/noticiasbahia360.com.br\/?cat=56\" rel=\"category\">Pol\u00edcia<\/a> <a href=\"https:\/\/noticiasbahia360.com.br\/?cat=10\" rel=\"category\">Pol\u00edtica<\/a>","tag_info":"Pol\u00edtica","comment_count":"0","_links":{"self":[{"href":"https:\/\/noticiasbahia360.com.br\/index.php?rest_route=\/wp\/v2\/posts\/148586","targetHints":{"allow":["GET"]}}],"collection":[{"href":"https:\/\/noticiasbahia360.com.br\/index.php?rest_route=\/wp\/v2\/posts"}],"about":[{"href":"https:\/\/noticiasbahia360.com.br\/index.php?rest_route=\/wp\/v2\/types\/post"}],"author":[{"embeddable":true,"href":"https:\/\/noticiasbahia360.com.br\/index.php?rest_route=\/wp\/v2\/users\/1"}],"replies":[{"embeddable":true,"href":"https:\/\/noticiasbahia360.com.br\/index.php?rest_route=%2Fwp%2Fv2%2Fcomments&post=148586"}],"version-history":[{"count":0,"href":"https:\/\/noticiasbahia360.com.br\/index.php?rest_route=\/wp\/v2\/posts\/148586\/revisions"}],"wp:featuredmedia":[{"embeddable":true,"href":"https:\/\/noticiasbahia360.com.br\/index.php?rest_route=\/wp\/v2\/media\/148587"}],"wp:attachment":[{"href":"https:\/\/noticiasbahia360.com.br\/index.php?rest_route=%2Fwp%2Fv2%2Fmedia&parent=148586"}],"wp:term":[{"taxonomy":"category","embeddable":true,"href":"https:\/\/noticiasbahia360.com.br\/index.php?rest_route=%2Fwp%2Fv2%2Fcategories&post=148586"},{"taxonomy":"post_tag","embeddable":true,"href":"https:\/\/noticiasbahia360.com.br\/index.php?rest_route=%2Fwp%2Fv2%2Ftags&post=148586"}],"curies":[{"name":"wp","href":"https:\/\/api.w.org\/{rel}","templated":true}]}}