{"id":148588,"date":"2026-09-02T23:02:34","date_gmt":"2026-09-03T02:02:34","guid":{"rendered":"https:\/\/noticiasbahia360.com.br\/?p=148588"},"modified":"2026-09-02T23:02:34","modified_gmt":"2026-09-03T02:02:34","slug":"flamengo-vence-mirassol-e-fica-a-um-ponto-da-lideranca-do-brasileirao","status":"publish","type":"post","link":"https:\/\/noticiasbahia360.com.br\/?p=148588","title":{"rendered":"Flamengo vence Mirassol e fica a um ponto da lideran\u00e7a do Brasileir\u00e3o"},"content":{"rendered":"<div>\n<div>\n<figure><img decoding=\"async\" src=\"http:\/\/noticiasbahia360.com.br\/wp-content\/uploads\/2026\/09\/Flamengo-x-Mirassol-Foto-Gilvan-de-Souza-CRF.jpg\" alt=\"Flamengo x Mirassol\"><figcaption>Foto: Gilvan de Souza\/ CRF<\/figcaption><\/figure>\n<\/div>\n<p class=\"wp-block-paragraph\">Ag\u00eancia Brasil \u2014 O Flamengo depende apenas de si para assumir a lideran\u00e7a do Campeonato Brasileiro. Nesta quarta-feira (2), o Rubro-Negro encarou o Mirassol no Maracan\u00e3 e venceu por 2 a 0, em jogo atrasado da quarta rodada da competi\u00e7\u00e3o.<\/p>\n<p class=\"wp-block-paragraph\">A partida, inicialmente agendada para 26 de fevereiro, teve que ser remarcada devido ao jogo de volta contra o Lan\u00fas, no Rio de Janeiro, pela Recopa Sul-Americana. Na ocasi\u00e3o, os cariocas perderam dos argentinos por 3 a 2, na prorroga\u00e7\u00e3o, ficando com o vice.<\/p>\n<p class=\"wp-block-paragraph\">O resultado desta quarta levou o Flamengo aos 51 pontos, apenas um a menos que o Palmeiras \u2013 a diferen\u00e7a, em agosto, chegou a estar em nove pontos.<\/p>\n<p class=\"wp-block-paragraph\">Neste domingo (6), o Rubro-Negro pega o Remo no Mangueir\u00e3o, \u00e0s 16h (hor\u00e1rio de Bras\u00edlia) \u2013 a\u00a0<strong>R\u00e1dio Nacional<\/strong>\u00a0transmite ao vivo. Se pontuar em Bel\u00e9m, assume a lideran\u00e7a provis\u00f3ria e pressiona o Verd\u00e3o, que vai ao Rio encarar o Botafogo \u00e0s 18h30, no Nilton Santos.<\/p>\n<p class=\"wp-block-paragraph\">Os cariocas ainda ter\u00e3o o jogo contra o pr\u00f3prio time alviverde. O jogo pela 36\u00aa rodada ser\u00e1 em novembro, com mando dos paulistas, em data e hor\u00e1rio a serem anunciados pela Confedera\u00e7\u00e3o Brasileira de Futebol (CBF).<\/p>\n<p class=\"wp-block-paragraph\">O Mirassol, estacionado nos 25 pontos, perdeu a oportunidade de se afastar da zona de rebaixamento, que engloba as quatro piores campanhas do Brasileir\u00e3o (o chamado Z-4).<\/p>\n<p class=\"wp-block-paragraph\">Em 16\u00ba lugar, o Le\u00e3o Caipira soma os mesmos 25 pontos de Vasco (17\u00ba) e Internacional (18\u00ba), mas supera o Cruzmaltino no confronto direto e o Colorado pelo n\u00famero de vit\u00f3rias (seis a cinco).<\/p>\n<p class=\"wp-block-paragraph\">A rede do Maracan\u00e3 precisou de 13 minutos para balan\u00e7ar. Em contra-ataque iniciado pelo volante Erick Pulgar, Samuel Lino recebeu pela esquerda, entrou na \u00e1rea e rolou para o tamb\u00e9m atacante Pedro, que abriu na direita para o meia Jorge Carrascal bater forte e abrir o marcador.<\/p>\n<p class=\"wp-block-paragraph\">O Flamengo ampliou pouco antes do intervalo. Aos 42, Carrascal recebeu pela direita e cruzou para o meia Lucas Paquet\u00e1, de cabe\u00e7a, mandar para o gol.<\/p>\n<p class=\"wp-block-paragraph\">Na segunda etapa, o Mirassol teve que trocar os goleiros, Walter, lesionado, dando lugar a Alex Muralha, que reencontrou o Flamengo pela primeira vez no Maracan\u00e3 desde que deixou o clube, em 2017. O time paulista equilibrou as a\u00e7\u00f5es e pressionou o Rubro-Negro na reta final da partida, mas sem conseguir mudar a hist\u00f3ria da partida.<\/p>\n<p class=\"wp-block-paragraph\"><em>Siga o Acorda Cidade no\u00a0<\/em><a href=\"https:\/\/news.google.com\/search?q=acorda%20cidade&amp;hl=pt-BR&amp;gl=BR&amp;ceid=BR%3Apt-419\"><strong><em>Google Not\u00edcias<\/em><\/strong><\/a><em>\u00a0e receba os principais destaques do dia. Participe tamb\u00e9m dos nossos canais no\u00a0<\/em><a href=\"https:\/\/whatsapp.com\/channel\/0029Va6Rb4v3WHTNnsh8WI3N\"><strong><em>WhatsApp<\/em><\/strong><\/a><em>\u00a0e\u00a0<\/em><a href=\"https:\/\/www.youtube.com\/@acordacidadenoticias\/videos\"><strong>YouTube<\/strong><\/a><em>\u00a0e do grupo no\u00a0<\/em><a href=\"https:\/\/t.me\/+sSz0khrgARA0ZmRh\"><strong><em>Telegram<\/em><\/strong><\/a><em>.<\/em><\/p>\n<\/div>\n","protected":false},"excerpt":{"rendered":"<p>Foto: Gilvan de Souza\/ CRF Ag\u00eancia Brasil \u2014 O Flamengo depende apenas de si para<\/p>\n","protected":false},"author":1,"featured_media":148589,"comment_status":"closed","ping_status":"closed","sticky":false,"template":"","format":"gallery","meta":{"footnotes":""},"categories":[8,9,6,57,56,10],"tags":[],"class_list":["post-148588","post","type-post","status-publish","format-gallery","has-post-thumbnail","hentry","category-bahia","category-brasil","category-feira-de-santana","category-mundo","category-policia","category-politica","post_format-post-format-gallery"],"featured_image_urls":{"full":["https:\/\/noticiasbahia360.com.br\/wp-content\/uploads\/2026\/09\/Flamengo-x-Mirassol-Foto-Gilvan-de-Souza-CRF.jpg",1200,800,false],"thumbnail":["https:\/\/noticiasbahia360.com.br\/wp-content\/uploads\/2026\/09\/Flamengo-x-Mirassol-Foto-Gilvan-de-Souza-CRF-150x150.jpg",150,150,true],"medium":["https:\/\/noticiasbahia360.com.br\/wp-content\/uploads\/2026\/09\/Flamengo-x-Mirassol-Foto-Gilvan-de-Souza-CRF-300x200.jpg",300,200,true],"medium_large":["https:\/\/noticiasbahia360.com.br\/wp-content\/uploads\/2026\/09\/Flamengo-x-Mirassol-Foto-Gilvan-de-Souza-CRF-768x512.jpg",640,427,true],"large":["https:\/\/noticiasbahia360.com.br\/wp-content\/uploads\/2026\/09\/Flamengo-x-Mirassol-Foto-Gilvan-de-Souza-CRF-1024x683.jpg",640,427,true],"1536x1536":["https:\/\/noticiasbahia360.com.br\/wp-content\/uploads\/2026\/09\/Flamengo-x-Mirassol-Foto-Gilvan-de-Souza-CRF.jpg",1200,800,false],"2048x2048":["https:\/\/noticiasbahia360.com.br\/wp-content\/uploads\/2026\/09\/Flamengo-x-Mirassol-Foto-Gilvan-de-Souza-CRF.jpg",1200,800,false],"chromenews-featured":["https:\/\/noticiasbahia360.com.br\/wp-content\/uploads\/2026\/09\/Flamengo-x-Mirassol-Foto-Gilvan-de-Souza-CRF-1024x683.jpg",1024,683,true],"chromenews-large":["https:\/\/noticiasbahia360.com.br\/wp-content\/uploads\/2026\/09\/Flamengo-x-Mirassol-Foto-Gilvan-de-Souza-CRF-825x575.jpg",825,575,true],"chromenews-medium":["https:\/\/noticiasbahia360.com.br\/wp-content\/uploads\/2026\/09\/Flamengo-x-Mirassol-Foto-Gilvan-de-Souza-CRF-590x410.jpg",590,410,true]},"author_info":{"display_name":"noticiasbahia360.com.br","author_link":"https:\/\/noticiasbahia360.com.br\/?author=1"},"category_info":"<a href=\"https:\/\/noticiasbahia360.com.br\/?cat=8\" rel=\"category\">Bahia<\/a> <a href=\"https:\/\/noticiasbahia360.com.br\/?cat=9\" rel=\"category\">Brasil<\/a> <a href=\"https:\/\/noticiasbahia360.com.br\/?cat=6\" rel=\"category\">Feira de Santana<\/a> <a href=\"https:\/\/noticiasbahia360.com.br\/?cat=57\" rel=\"category\">Mundo<\/a> <a href=\"https:\/\/noticiasbahia360.com.br\/?cat=56\" rel=\"category\">Pol\u00edcia<\/a> <a href=\"https:\/\/noticiasbahia360.com.br\/?cat=10\" rel=\"category\">Pol\u00edtica<\/a>","tag_info":"Pol\u00edtica","comment_count":"0","_links":{"self":[{"href":"https:\/\/noticiasbahia360.com.br\/index.php?rest_route=\/wp\/v2\/posts\/148588","targetHints":{"allow":["GET"]}}],"collection":[{"href":"https:\/\/noticiasbahia360.com.br\/index.php?rest_route=\/wp\/v2\/posts"}],"about":[{"href":"https:\/\/noticiasbahia360.com.br\/index.php?rest_route=\/wp\/v2\/types\/post"}],"author":[{"embeddable":true,"href":"https:\/\/noticiasbahia360.com.br\/index.php?rest_route=\/wp\/v2\/users\/1"}],"replies":[{"embeddable":true,"href":"https:\/\/noticiasbahia360.com.br\/index.php?rest_route=%2Fwp%2Fv2%2Fcomments&post=148588"}],"version-history":[{"count":0,"href":"https:\/\/noticiasbahia360.com.br\/index.php?rest_route=\/wp\/v2\/posts\/148588\/revisions"}],"wp:featuredmedia":[{"embeddable":true,"href":"https:\/\/noticiasbahia360.com.br\/index.php?rest_route=\/wp\/v2\/media\/148589"}],"wp:attachment":[{"href":"https:\/\/noticiasbahia360.com.br\/index.php?rest_route=%2Fwp%2Fv2%2Fmedia&parent=148588"}],"wp:term":[{"taxonomy":"category","embeddable":true,"href":"https:\/\/noticiasbahia360.com.br\/index.php?rest_route=%2Fwp%2Fv2%2Fcategories&post=148588"},{"taxonomy":"post_tag","embeddable":true,"href":"https:\/\/noticiasbahia360.com.br\/index.php?rest_route=%2Fwp%2Fv2%2Ftags&post=148588"}],"curies":[{"name":"wp","href":"https:\/\/api.w.org\/{rel}","templated":true}]}}