{"id":148590,"date":"2026-09-02T23:02:35","date_gmt":"2026-09-03T02:02:35","guid":{"rendered":"https:\/\/noticiasbahia360.com.br\/?p=148590"},"modified":"2026-09-02T23:02:35","modified_gmt":"2026-09-03T02:02:35","slug":"dois-homens-sao-conduzidos-com-arma-e-drogas-apos-tentarem-fugir-da-pm-em-feira-de-santana","status":"publish","type":"post","link":"https:\/\/noticiasbahia360.com.br\/?p=148590","title":{"rendered":"Dois homens s\u00e3o conduzidos com arma e drogas ap\u00f3s tentarem fugir da PM em Feira de Santana"},"content":{"rendered":"<div>\n<div>\n<figure><img decoding=\"async\" src=\"http:\/\/noticiasbahia360.com.br\/wp-content\/uploads\/2026\/09\/Dois-homens-sao-conduzidos-com-arma-e-drogas-apos-tentarem-fugir-da-PM-em-Feira-de-Santana-Foto-Ascom-do-25o-BPM.jpg\" alt=\"Dois homens s\u00e3o conduzidos com arma e drogas ap\u00f3s tentarem fugir da PM em Feira de Santana\"><figcaption>Foto: Ascom do 25\u00ba BPM<\/figcaption><\/figure>\n<\/div>\n<p class=\"wp-block-paragraph\">Dois homens foram conduzidos \u00e0 delegacia com uma arma e por\u00e7\u00f5es de drogas no final da tarde desta quarta-feira (2), no bairro Papagaio, em Feira de Santana. O fato aconteceu por volta das 17h30, enquanto uma guarni\u00e7\u00e3o do 25\u00ba Batalh\u00e3o de Pol\u00edcia Militar (BPM) realizava rondas pela Estrada de Santa Quit\u00e9ria.<\/p>\n<p class=\"wp-block-paragraph\">Durante as dilig\u00eancias, a equipe avistou um suspeito, que tentou fugir ao notar a aproxima\u00e7\u00e3o policial. Ele foi alcan\u00e7ado e abordado. Na ocasi\u00e3o, foi encontrada uma arma de fogo com o homem. <\/p>\n<p class=\"wp-block-paragraph\">Em seguida, a guarni\u00e7\u00e3o realizou buscas no local, onde encontraram uma quantidade de entorpecentes. Questionado sobre a proced\u00eancia do material, ele teria informado que adquiriu as drogas no bairro Novo Horizonte. <\/p>\n<p class=\"wp-block-paragraph\">Ao chegar no local indicado, a equipe avistou um homem que tamb\u00e9m tentou fugir, mas foi alcan\u00e7ado. Com ele, foram encontradas subst\u00e2ncias an\u00e1logas a maconha, haxixe e coca\u00edna, al\u00e9m de diversas embalagens, uma balan\u00e7a de precis\u00e3o e uma m\u00e1quina de cart\u00e3o.<\/p>\n<p class=\"wp-block-paragraph\">Ao total, foram apreendidos:<\/p>\n<ul class=\"wp-block-list\">\n<li>01 pistola Taurus.380;<\/li>\n<li>01 carregador;<\/li>\n<li>13 muni\u00e7\u00f5es .380;<\/li>\n<li>11 sacos grandes com coca\u00edna;<\/li>\n<li>09 sacos pequenos com coca\u00edna;\u00a0<\/li>\n<li>40 sacos com maconha;\u00a0<\/li>\n<li>01 saco com haxixe grande;<\/li>\n<li>01 por\u00e7\u00e3o grande de maconha;\u00a0<\/li>\n<li>07 papelotes de haxixe;\u00a0<\/li>\n<li>02 balan\u00e7as de precis\u00e3o;\u00a0<\/li>\n<li>01 m\u00e1quina de cart\u00e3o;\u00a0<\/li>\n<li>diversas embalagens;\u00a0<\/li>\n<li>02 celulares.<\/li>\n<\/ul>\n<p class=\"wp-block-paragraph\">Os dois envolvidos e o material apreendido foram encaminhados \u00e0 Central de Flagrantes (Cenflag) para o registro da ocorr\u00eancia e ado\u00e7\u00e3o das necess\u00e1rias.<\/p>\n<p class=\"wp-block-paragraph\"><em>Siga o Acorda Cidade no\u00a0<\/em><a href=\"https:\/\/news.google.com\/search?q=acorda%20cidade&amp;hl=pt-BR&amp;gl=BR&amp;ceid=BR%3Apt-419\"><strong><em>Google Not\u00edcias<\/em><\/strong><\/a><em>\u00a0e receba os principais destaques do dia. Participe tamb\u00e9m dos nossos canais no\u00a0<\/em><a href=\"https:\/\/whatsapp.com\/channel\/0029Va6Rb4v3WHTNnsh8WI3N\"><strong><em>WhatsApp<\/em><\/strong><\/a><em>\u00a0e\u00a0<\/em><a href=\"https:\/\/www.youtube.com\/@acordacidadenoticias\/videos\"><strong>YouTube<\/strong><\/a><em>\u00a0e do grupo no\u00a0<\/em><a href=\"https:\/\/t.me\/+sSz0khrgARA0ZmRh\"><strong><em>Telegram<\/em><\/strong><\/a><em>.<\/em><\/p>\n<\/div>\n","protected":false},"excerpt":{"rendered":"<p>Foto: Ascom do 25\u00ba BPM Dois homens foram conduzidos \u00e0 delegacia com uma arma e<\/p>\n","protected":false},"author":1,"featured_media":148591,"comment_status":"closed","ping_status":"closed","sticky":false,"template":"","format":"gallery","meta":{"footnotes":""},"categories":[8,9,6,57,56,10],"tags":[],"class_list":["post-148590","post","type-post","status-publish","format-gallery","has-post-thumbnail","hentry","category-bahia","category-brasil","category-feira-de-santana","category-mundo","category-policia","category-politica","post_format-post-format-gallery"],"featured_image_urls":{"full":["https:\/\/noticiasbahia360.com.br\/wp-content\/uploads\/2026\/09\/Dois-homens-sao-conduzidos-com-arma-e-drogas-apos-tentarem-fugir-da-PM-em-Feira-de-Santana-Foto-Ascom-do-25o-BPM-rotated.jpg",1200,675,false],"thumbnail":["https:\/\/noticiasbahia360.com.br\/wp-content\/uploads\/2026\/09\/Dois-homens-sao-conduzidos-com-arma-e-drogas-apos-tentarem-fugir-da-PM-em-Feira-de-Santana-Foto-Ascom-do-25o-BPM-150x150.jpg",150,150,true],"medium":["https:\/\/noticiasbahia360.com.br\/wp-content\/uploads\/2026\/09\/Dois-homens-sao-conduzidos-com-arma-e-drogas-apos-tentarem-fugir-da-PM-em-Feira-de-Santana-Foto-Ascom-do-25o-BPM-300x169.jpg",300,169,true],"medium_large":["https:\/\/noticiasbahia360.com.br\/wp-content\/uploads\/2026\/09\/Dois-homens-sao-conduzidos-com-arma-e-drogas-apos-tentarem-fugir-da-PM-em-Feira-de-Santana-Foto-Ascom-do-25o-BPM-768x432.jpg",640,360,true],"large":["https:\/\/noticiasbahia360.com.br\/wp-content\/uploads\/2026\/09\/Dois-homens-sao-conduzidos-com-arma-e-drogas-apos-tentarem-fugir-da-PM-em-Feira-de-Santana-Foto-Ascom-do-25o-BPM-1024x576.jpg",640,360,true],"1536x1536":["https:\/\/noticiasbahia360.com.br\/wp-content\/uploads\/2026\/09\/Dois-homens-sao-conduzidos-com-arma-e-drogas-apos-tentarem-fugir-da-PM-em-Feira-de-Santana-Foto-Ascom-do-25o-BPM-rotated.jpg",1200,675,false],"2048x2048":["https:\/\/noticiasbahia360.com.br\/wp-content\/uploads\/2026\/09\/Dois-homens-sao-conduzidos-com-arma-e-drogas-apos-tentarem-fugir-da-PM-em-Feira-de-Santana-Foto-Ascom-do-25o-BPM-rotated.jpg",1200,675,false],"chromenews-featured":["https:\/\/noticiasbahia360.com.br\/wp-content\/uploads\/2026\/09\/Dois-homens-sao-conduzidos-com-arma-e-drogas-apos-tentarem-fugir-da-PM-em-Feira-de-Santana-Foto-Ascom-do-25o-BPM-1024x576.jpg",1024,576,true],"chromenews-large":["https:\/\/noticiasbahia360.com.br\/wp-content\/uploads\/2026\/09\/Dois-homens-sao-conduzidos-com-arma-e-drogas-apos-tentarem-fugir-da-PM-em-Feira-de-Santana-Foto-Ascom-do-25o-BPM-825x575.jpg",825,575,true],"chromenews-medium":["https:\/\/noticiasbahia360.com.br\/wp-content\/uploads\/2026\/09\/Dois-homens-sao-conduzidos-com-arma-e-drogas-apos-tentarem-fugir-da-PM-em-Feira-de-Santana-Foto-Ascom-do-25o-BPM-590x410.jpg",590,410,true]},"author_info":{"display_name":"noticiasbahia360.com.br","author_link":"https:\/\/noticiasbahia360.com.br\/?author=1"},"category_info":"<a href=\"https:\/\/noticiasbahia360.com.br\/?cat=8\" rel=\"category\">Bahia<\/a> <a href=\"https:\/\/noticiasbahia360.com.br\/?cat=9\" rel=\"category\">Brasil<\/a> <a href=\"https:\/\/noticiasbahia360.com.br\/?cat=6\" rel=\"category\">Feira de Santana<\/a> <a href=\"https:\/\/noticiasbahia360.com.br\/?cat=57\" rel=\"category\">Mundo<\/a> <a href=\"https:\/\/noticiasbahia360.com.br\/?cat=56\" rel=\"category\">Pol\u00edcia<\/a> <a href=\"https:\/\/noticiasbahia360.com.br\/?cat=10\" rel=\"category\">Pol\u00edtica<\/a>","tag_info":"Pol\u00edtica","comment_count":"0","_links":{"self":[{"href":"https:\/\/noticiasbahia360.com.br\/index.php?rest_route=\/wp\/v2\/posts\/148590","targetHints":{"allow":["GET"]}}],"collection":[{"href":"https:\/\/noticiasbahia360.com.br\/index.php?rest_route=\/wp\/v2\/posts"}],"about":[{"href":"https:\/\/noticiasbahia360.com.br\/index.php?rest_route=\/wp\/v2\/types\/post"}],"author":[{"embeddable":true,"href":"https:\/\/noticiasbahia360.com.br\/index.php?rest_route=\/wp\/v2\/users\/1"}],"replies":[{"embeddable":true,"href":"https:\/\/noticiasbahia360.com.br\/index.php?rest_route=%2Fwp%2Fv2%2Fcomments&post=148590"}],"version-history":[{"count":0,"href":"https:\/\/noticiasbahia360.com.br\/index.php?rest_route=\/wp\/v2\/posts\/148590\/revisions"}],"wp:featuredmedia":[{"embeddable":true,"href":"https:\/\/noticiasbahia360.com.br\/index.php?rest_route=\/wp\/v2\/media\/148591"}],"wp:attachment":[{"href":"https:\/\/noticiasbahia360.com.br\/index.php?rest_route=%2Fwp%2Fv2%2Fmedia&parent=148590"}],"wp:term":[{"taxonomy":"category","embeddable":true,"href":"https:\/\/noticiasbahia360.com.br\/index.php?rest_route=%2Fwp%2Fv2%2Fcategories&post=148590"},{"taxonomy":"post_tag","embeddable":true,"href":"https:\/\/noticiasbahia360.com.br\/index.php?rest_route=%2Fwp%2Fv2%2Ftags&post=148590"}],"curies":[{"name":"wp","href":"https:\/\/api.w.org\/{rel}","templated":true}]}}