{"id":148597,"date":"2026-09-03T06:04:32","date_gmt":"2026-09-03T09:04:32","guid":{"rendered":"https:\/\/noticiasbahia360.com.br\/?p=148597"},"modified":"2026-09-03T06:04:32","modified_gmt":"2026-09-03T09:04:32","slug":"policia-desarticula-grupo-criminoso-suspeito-de-trafico-homicidios-e-roubos-na-bahia-e-sp","status":"publish","type":"post","link":"https:\/\/noticiasbahia360.com.br\/?p=148597","title":{"rendered":"Pol\u00edcia desarticula grupo criminoso suspeito de tr\u00e1fico, homic\u00eddios e roubos na Bahia e SP"},"content":{"rendered":"<div>\n<div>\n<figure><img decoding=\"async\" src=\"http:\/\/noticiasbahia360.com.br\/wp-content\/uploads\/2026\/09\/Policia-desarticula-grupo-criminoso-suspeito-de-trafico-homicidios-e-roubos-na-Bahia-e-SP-foto-divulgacao-.jpg\" alt=\"Pol\u00edcia desarticula grupo criminoso suspeito de tr\u00e1fico, homic\u00eddios e roubos na Bahia e SP\"><figcaption>Foto: Divulga\u00e7\u00e3o <\/figcaption><\/figure>\n<\/div>\n<p class=\"wp-block-paragraph\">A Pol\u00edcia Civil da Bahia deflagrou, na manh\u00e3 desta quinta-feira (3), a Opera\u00e7\u00e3o Doutor para desarticular uma organiza\u00e7\u00e3o criminosa investigada por atuar em diversos munic\u00edpios do Sul do estado. A a\u00e7\u00e3o integrada cumpre mandados de pris\u00e3o e de busca e apreens\u00e3o tanto na Bahia quanto no estado de S\u00e3o Paulo.<\/p>\n<p class=\"wp-block-paragraph\">Segundo a Pol\u00edcia Civil, as investiga\u00e7\u00f5es revelaram uma estrutura bem definida, com divis\u00e3o de tarefas entre os integrantes do grupo criminoso. A organiza\u00e7\u00e3o \u00e9 suspeita de envolvimento em crimes como tr\u00e1fico de entorpecentes, homic\u00eddios, roubo de cargas e de ve\u00edculos, extors\u00e3o, lavagem de dinheiro, al\u00e9m de adultera\u00e7\u00e3o e desmanche de autom\u00f3veis.<\/p>\n<p class=\"wp-block-paragraph\">O raio de atua\u00e7\u00e3o da quadrilha englobava os munic\u00edpios de Ubaitaba, Gongogi e Mara\u00fa, al\u00e9m dos distritos de Banco Central, em Ilh\u00e9us, e Laje do Banco, em Aurelino Leal, com ramifica\u00e7\u00f5es em outras localidades da regi\u00e3o.<\/p>\n<p class=\"wp-block-paragraph\">Ainda segundo o Civil, a a\u00e7\u00e3o \u00e9 coordenada pela Diretoria Regional de Pol\u00edcia do Interior (Dirpin\/Sul) e pela 7\u00aa Coorpin (Ilh\u00e9us), a opera\u00e7\u00e3o conta com a atua\u00e7\u00e3o conjunta dos Grupos de Apoio T\u00e9cnico e T\u00e1tico \u00e0 Investiga\u00e7\u00e3o (Gatti) de diversas regi\u00f5es e o apoio da Pol\u00edcia Civil de S\u00e3o Paulo. As dilig\u00eancias e o cumprimento das ordens judiciais seguem em andamento.<\/p>\n<p class=\"wp-block-paragraph\"><em>Siga o Acorda Cidade no<a href=\"https:\/\/news.google.com\/search?q=acorda%20cidade&amp;hl=pt-BR&amp;gl=BR&amp;ceid=BR%3Apt-419\" target=\"_blank\" rel=\"noreferrer noopener\">\u00a0Google Not\u00edcias<\/a>\u00a0e receba os principais destaques do dia.\u00a0Participe tamb\u00e9m dos nossos grupos no\u00a0<a href=\"https:\/\/chat.whatsapp.com\/Fj2agnR6CdwLEb9Uqew8QI\" target=\"_blank\" rel=\"noreferrer noopener\">WhatsApp<\/a>\u00a0e\u00a0<a href=\"https:\/\/t.me\/+sSz0khrgARA0ZmRh\" target=\"_blank\" rel=\"noreferrer noopener\">Telegram<\/a><\/em><a href=\"https:\/\/www.acordacidade.com.br\/colunas\/dilton-e-feito\/\"><\/a><\/p>\n<\/div>\n","protected":false},"excerpt":{"rendered":"<p>Foto: Divulga\u00e7\u00e3o A Pol\u00edcia Civil da Bahia deflagrou, na manh\u00e3 desta quinta-feira (3), a Opera\u00e7\u00e3o<\/p>\n","protected":false},"author":1,"featured_media":148598,"comment_status":"closed","ping_status":"closed","sticky":false,"template":"","format":"gallery","meta":{"footnotes":""},"categories":[8,9,6,57,56,10],"tags":[],"class_list":["post-148597","post","type-post","status-publish","format-gallery","has-post-thumbnail","hentry","category-bahia","category-brasil","category-feira-de-santana","category-mundo","category-policia","category-politica","post_format-post-format-gallery"],"featured_image_urls":{"full":["https:\/\/noticiasbahia360.com.br\/wp-content\/uploads\/2026\/09\/Policia-desarticula-grupo-criminoso-suspeito-de-trafico-homicidios-e-roubos-na-Bahia-e-SP-foto-divulgacao-.jpg",1200,698,false],"thumbnail":["https:\/\/noticiasbahia360.com.br\/wp-content\/uploads\/2026\/09\/Policia-desarticula-grupo-criminoso-suspeito-de-trafico-homicidios-e-roubos-na-Bahia-e-SP-foto-divulgacao--150x150.jpg",150,150,true],"medium":["https:\/\/noticiasbahia360.com.br\/wp-content\/uploads\/2026\/09\/Policia-desarticula-grupo-criminoso-suspeito-de-trafico-homicidios-e-roubos-na-Bahia-e-SP-foto-divulgacao--300x175.jpg",300,175,true],"medium_large":["https:\/\/noticiasbahia360.com.br\/wp-content\/uploads\/2026\/09\/Policia-desarticula-grupo-criminoso-suspeito-de-trafico-homicidios-e-roubos-na-Bahia-e-SP-foto-divulgacao--768x447.jpg",640,373,true],"large":["https:\/\/noticiasbahia360.com.br\/wp-content\/uploads\/2026\/09\/Policia-desarticula-grupo-criminoso-suspeito-de-trafico-homicidios-e-roubos-na-Bahia-e-SP-foto-divulgacao--1024x596.jpg",640,373,true],"1536x1536":["https:\/\/noticiasbahia360.com.br\/wp-content\/uploads\/2026\/09\/Policia-desarticula-grupo-criminoso-suspeito-de-trafico-homicidios-e-roubos-na-Bahia-e-SP-foto-divulgacao-.jpg",1200,698,false],"2048x2048":["https:\/\/noticiasbahia360.com.br\/wp-content\/uploads\/2026\/09\/Policia-desarticula-grupo-criminoso-suspeito-de-trafico-homicidios-e-roubos-na-Bahia-e-SP-foto-divulgacao-.jpg",1200,698,false],"chromenews-featured":["https:\/\/noticiasbahia360.com.br\/wp-content\/uploads\/2026\/09\/Policia-desarticula-grupo-criminoso-suspeito-de-trafico-homicidios-e-roubos-na-Bahia-e-SP-foto-divulgacao--1024x596.jpg",1024,596,true],"chromenews-large":["https:\/\/noticiasbahia360.com.br\/wp-content\/uploads\/2026\/09\/Policia-desarticula-grupo-criminoso-suspeito-de-trafico-homicidios-e-roubos-na-Bahia-e-SP-foto-divulgacao--825x575.jpg",825,575,true],"chromenews-medium":["https:\/\/noticiasbahia360.com.br\/wp-content\/uploads\/2026\/09\/Policia-desarticula-grupo-criminoso-suspeito-de-trafico-homicidios-e-roubos-na-Bahia-e-SP-foto-divulgacao--590x410.jpg",590,410,true]},"author_info":{"display_name":"noticiasbahia360.com.br","author_link":"https:\/\/noticiasbahia360.com.br\/?author=1"},"category_info":"<a href=\"https:\/\/noticiasbahia360.com.br\/?cat=8\" rel=\"category\">Bahia<\/a> <a href=\"https:\/\/noticiasbahia360.com.br\/?cat=9\" rel=\"category\">Brasil<\/a> <a href=\"https:\/\/noticiasbahia360.com.br\/?cat=6\" rel=\"category\">Feira de Santana<\/a> <a href=\"https:\/\/noticiasbahia360.com.br\/?cat=57\" rel=\"category\">Mundo<\/a> <a href=\"https:\/\/noticiasbahia360.com.br\/?cat=56\" rel=\"category\">Pol\u00edcia<\/a> <a href=\"https:\/\/noticiasbahia360.com.br\/?cat=10\" rel=\"category\">Pol\u00edtica<\/a>","tag_info":"Pol\u00edtica","comment_count":"0","_links":{"self":[{"href":"https:\/\/noticiasbahia360.com.br\/index.php?rest_route=\/wp\/v2\/posts\/148597","targetHints":{"allow":["GET"]}}],"collection":[{"href":"https:\/\/noticiasbahia360.com.br\/index.php?rest_route=\/wp\/v2\/posts"}],"about":[{"href":"https:\/\/noticiasbahia360.com.br\/index.php?rest_route=\/wp\/v2\/types\/post"}],"author":[{"embeddable":true,"href":"https:\/\/noticiasbahia360.com.br\/index.php?rest_route=\/wp\/v2\/users\/1"}],"replies":[{"embeddable":true,"href":"https:\/\/noticiasbahia360.com.br\/index.php?rest_route=%2Fwp%2Fv2%2Fcomments&post=148597"}],"version-history":[{"count":0,"href":"https:\/\/noticiasbahia360.com.br\/index.php?rest_route=\/wp\/v2\/posts\/148597\/revisions"}],"wp:featuredmedia":[{"embeddable":true,"href":"https:\/\/noticiasbahia360.com.br\/index.php?rest_route=\/wp\/v2\/media\/148598"}],"wp:attachment":[{"href":"https:\/\/noticiasbahia360.com.br\/index.php?rest_route=%2Fwp%2Fv2%2Fmedia&parent=148597"}],"wp:term":[{"taxonomy":"category","embeddable":true,"href":"https:\/\/noticiasbahia360.com.br\/index.php?rest_route=%2Fwp%2Fv2%2Fcategories&post=148597"},{"taxonomy":"post_tag","embeddable":true,"href":"https:\/\/noticiasbahia360.com.br\/index.php?rest_route=%2Fwp%2Fv2%2Ftags&post=148597"}],"curies":[{"name":"wp","href":"https:\/\/api.w.org\/{rel}","templated":true}]}}