{"id":148599,"date":"2026-09-03T07:02:18","date_gmt":"2026-09-03T10:02:18","guid":{"rendered":"https:\/\/noticiasbahia360.com.br\/?p=148599"},"modified":"2026-09-03T07:02:18","modified_gmt":"2026-09-03T10:02:18","slug":"homem-morre-apos-cair-de-telhado-durante-fuga-de-abordagem-em-conceicao-do-jacuipe","status":"publish","type":"post","link":"https:\/\/noticiasbahia360.com.br\/?p=148599","title":{"rendered":"Homem morre ap\u00f3s cair de telhado durante fuga de abordagem em Concei\u00e7\u00e3o do Jacu\u00edpe"},"content":{"rendered":"<div>\n<div>\n<figure><img decoding=\"async\" src=\"http:\/\/noticiasbahia360.com.br\/wp-content\/uploads\/2026\/09\/Taylan-Santos-da-Cruz-Santos-foto-reproducao-.jpg\" alt=\"Taylan Santos da Cruz Santos\"><figcaption>Foto: Reprodu\u00e7\u00e3o <\/figcaption><\/figure>\n<\/div>\n<p class=\"wp-block-paragraph\">Um homem de 25 anos morreu na noite de quarta-feira (2) ap\u00f3s fugir de uma abordagem policial e invadir im\u00f3veis no bairro Ilicuritiba, em Concei\u00e7\u00e3o do Jacu\u00edpe. Taylan Santos da Cruz Santos, conhecido como \u201cTL\u201d, caiu de um telhado durante a fuga e sofreu les\u00f5es graves.<\/p>\n<h2 id=\"h-entenda-o-que-aconteceu\" class=\"wp-block-heading\">Entenda o que aconteceu<\/h2>\n<p class=\"wp-block-paragraph\">Segundo apura\u00e7\u00e3o da reportagem do Acorda Cidade, o fato teve in\u00edcio por volta das 10h, quando o homem notou a presen\u00e7a da viatura, que realizava uma patrulha de rotina, e come\u00e7ou a correr sobre muros e coberturas de casas da regi\u00e3o. Uma moradora relatou ter sido amea\u00e7ada pelo homem ap\u00f3s ele despencar do telhado da casa dela.<\/p>\n<p class=\"wp-block-paragraph\">Em seguida, Taylan foi localizado ca\u00eddo em um terreno baldio. Ele apresentava ferimentos decorrentes da queda e demonstrava forte agita\u00e7\u00e3o, acompanhada de sinais de altera\u00e7\u00e3o psicol\u00f3gica. No local, parentes do homem relataram que o jovem cumpria pris\u00e3o domiciliar com monitoramento eletr\u00f4nico, mas havia rompido a tornozeleira dias antes.<\/p>\n<p class=\"wp-block-paragraph\">Taylan foi levado inicialmente \u00e0 Delegacia Territorial de Concei\u00e7\u00e3o do Jacu\u00edpe. Devido ao agravamento do seu estado de sa\u00fade, ele foi encaminhado ao Hospital Municipal Ant\u00f4nio Carlos Magalh\u00e3es (HACM), em Concei\u00e7\u00e3o do Jacu\u00edpe, onde deu entrada para atendimento emergencial, mas n\u00e3o resistiu aos ferimentos.<\/p>\n<p class=\"wp-block-paragraph\">Ainda segundo a apura\u00e7\u00e3o da reportagem do Acorda Cidade, Taylan morreu por volta das 19h30, com causa preliminar apontada como intoxica\u00e7\u00e3o aguda por subst\u00e2ncias entorpecentes.<\/p>\n<p class=\"wp-block-paragraph\"><em>Com informa\u00e7\u00f5es do rep\u00f3rter Ed Santos, do Acorda Cidade.<\/em><\/p>\n<p class=\"wp-block-paragraph\"><em>Siga o Acorda Cidade no<a href=\"https:\/\/news.google.com\/search?q=acorda%20cidade&amp;hl=pt-BR&amp;gl=BR&amp;ceid=BR%3Apt-419\" target=\"_blank\" rel=\"noreferrer noopener\">\u00a0Google Not\u00edcias<\/a>\u00a0e receba os principais destaques do dia.\u00a0Participe tamb\u00e9m dos nossos grupos no\u00a0<a href=\"https:\/\/chat.whatsapp.com\/Fj2agnR6CdwLEb9Uqew8QI\" target=\"_blank\" rel=\"noreferrer noopener\">WhatsApp<\/a>\u00a0e\u00a0<a href=\"https:\/\/t.me\/+sSz0khrgARA0ZmRh\" target=\"_blank\" rel=\"noreferrer noopener\">Telegram<\/a><\/em><a href=\"https:\/\/www.acordacidade.com.br\/colunas\/dilton-e-feito\/\"><\/a><\/p>\n<\/div>\n","protected":false},"excerpt":{"rendered":"<p>Foto: Reprodu\u00e7\u00e3o Um homem de 25 anos morreu na noite de quarta-feira (2) ap\u00f3s fugir<\/p>\n","protected":false},"author":1,"featured_media":148600,"comment_status":"closed","ping_status":"closed","sticky":false,"template":"","format":"gallery","meta":{"footnotes":""},"categories":[8,9,6,57,56,10],"tags":[],"class_list":["post-148599","post","type-post","status-publish","format-gallery","has-post-thumbnail","hentry","category-bahia","category-brasil","category-feira-de-santana","category-mundo","category-policia","category-politica","post_format-post-format-gallery"],"featured_image_urls":{"full":["https:\/\/noticiasbahia360.com.br\/wp-content\/uploads\/2026\/09\/Taylan-Santos-da-Cruz-Santos-foto-reproducao-.jpg",1200,698,false],"thumbnail":["https:\/\/noticiasbahia360.com.br\/wp-content\/uploads\/2026\/09\/Taylan-Santos-da-Cruz-Santos-foto-reproducao--150x150.jpg",150,150,true],"medium":["https:\/\/noticiasbahia360.com.br\/wp-content\/uploads\/2026\/09\/Taylan-Santos-da-Cruz-Santos-foto-reproducao--300x175.jpg",300,175,true],"medium_large":["https:\/\/noticiasbahia360.com.br\/wp-content\/uploads\/2026\/09\/Taylan-Santos-da-Cruz-Santos-foto-reproducao--768x447.jpg",640,373,true],"large":["https:\/\/noticiasbahia360.com.br\/wp-content\/uploads\/2026\/09\/Taylan-Santos-da-Cruz-Santos-foto-reproducao--1024x596.jpg",640,373,true],"1536x1536":["https:\/\/noticiasbahia360.com.br\/wp-content\/uploads\/2026\/09\/Taylan-Santos-da-Cruz-Santos-foto-reproducao-.jpg",1200,698,false],"2048x2048":["https:\/\/noticiasbahia360.com.br\/wp-content\/uploads\/2026\/09\/Taylan-Santos-da-Cruz-Santos-foto-reproducao-.jpg",1200,698,false],"chromenews-featured":["https:\/\/noticiasbahia360.com.br\/wp-content\/uploads\/2026\/09\/Taylan-Santos-da-Cruz-Santos-foto-reproducao--1024x596.jpg",1024,596,true],"chromenews-large":["https:\/\/noticiasbahia360.com.br\/wp-content\/uploads\/2026\/09\/Taylan-Santos-da-Cruz-Santos-foto-reproducao--825x575.jpg",825,575,true],"chromenews-medium":["https:\/\/noticiasbahia360.com.br\/wp-content\/uploads\/2026\/09\/Taylan-Santos-da-Cruz-Santos-foto-reproducao--590x410.jpg",590,410,true]},"author_info":{"display_name":"noticiasbahia360.com.br","author_link":"https:\/\/noticiasbahia360.com.br\/?author=1"},"category_info":"<a href=\"https:\/\/noticiasbahia360.com.br\/?cat=8\" rel=\"category\">Bahia<\/a> <a href=\"https:\/\/noticiasbahia360.com.br\/?cat=9\" rel=\"category\">Brasil<\/a> <a href=\"https:\/\/noticiasbahia360.com.br\/?cat=6\" rel=\"category\">Feira de Santana<\/a> <a href=\"https:\/\/noticiasbahia360.com.br\/?cat=57\" rel=\"category\">Mundo<\/a> <a href=\"https:\/\/noticiasbahia360.com.br\/?cat=56\" rel=\"category\">Pol\u00edcia<\/a> <a href=\"https:\/\/noticiasbahia360.com.br\/?cat=10\" rel=\"category\">Pol\u00edtica<\/a>","tag_info":"Pol\u00edtica","comment_count":"0","_links":{"self":[{"href":"https:\/\/noticiasbahia360.com.br\/index.php?rest_route=\/wp\/v2\/posts\/148599","targetHints":{"allow":["GET"]}}],"collection":[{"href":"https:\/\/noticiasbahia360.com.br\/index.php?rest_route=\/wp\/v2\/posts"}],"about":[{"href":"https:\/\/noticiasbahia360.com.br\/index.php?rest_route=\/wp\/v2\/types\/post"}],"author":[{"embeddable":true,"href":"https:\/\/noticiasbahia360.com.br\/index.php?rest_route=\/wp\/v2\/users\/1"}],"replies":[{"embeddable":true,"href":"https:\/\/noticiasbahia360.com.br\/index.php?rest_route=%2Fwp%2Fv2%2Fcomments&post=148599"}],"version-history":[{"count":0,"href":"https:\/\/noticiasbahia360.com.br\/index.php?rest_route=\/wp\/v2\/posts\/148599\/revisions"}],"wp:featuredmedia":[{"embeddable":true,"href":"https:\/\/noticiasbahia360.com.br\/index.php?rest_route=\/wp\/v2\/media\/148600"}],"wp:attachment":[{"href":"https:\/\/noticiasbahia360.com.br\/index.php?rest_route=%2Fwp%2Fv2%2Fmedia&parent=148599"}],"wp:term":[{"taxonomy":"category","embeddable":true,"href":"https:\/\/noticiasbahia360.com.br\/index.php?rest_route=%2Fwp%2Fv2%2Fcategories&post=148599"},{"taxonomy":"post_tag","embeddable":true,"href":"https:\/\/noticiasbahia360.com.br\/index.php?rest_route=%2Fwp%2Fv2%2Ftags&post=148599"}],"curies":[{"name":"wp","href":"https:\/\/api.w.org\/{rel}","templated":true}]}}