{"id":148601,"date":"2026-09-03T07:02:19","date_gmt":"2026-09-03T10:02:19","guid":{"rendered":"https:\/\/noticiasbahia360.com.br\/?p=148601"},"modified":"2026-09-03T07:02:19","modified_gmt":"2026-09-03T10:02:19","slug":"pesquisa-mostra-que-acm-neto-e-jeronimo-estao-empatados-na-disputa-pelo-governo","status":"publish","type":"post","link":"https:\/\/noticiasbahia360.com.br\/?p=148601","title":{"rendered":"Pesquisa mostra que ACM Neto e Jer\u00f4nimo est\u00e3o empatados na disputa pelo governo"},"content":{"rendered":"<div>\n<div>\n<figure><img decoding=\"async\" src=\"http:\/\/noticiasbahia360.com.br\/wp-content\/uploads\/2026\/09\/debate-para-governador-da-Bahia-Band-Jeronimo-Rodrigues-ACM-Neto-Ronaldo-Manssur-Eleicao-Eleicoes-2026-Foto-reproducao-youtube-5.jpg\" alt=\"debate para governador da Bahia Band Jer\u00f4nimo Rodrigues ACM Neto Ronaldo Manssur Elei\u00e7\u00e3o Elei\u00e7\u00f5es 2026\"><figcaption>ACM Neto (Uni\u00e3o Brasil) e Jer\u00f4nimo Rodrigues (PT) | Foto: Reprodu\u00e7\u00e3o \/ Canal da Band no Youtube<\/figcaption><\/figure>\n<\/div>\n<p class=\"wp-block-paragraph\">Os candidatos ACM Neto (Uni\u00e3o) e Jer\u00f4nimo Rodrigues (PT) estariam tecnicamente empatados na disputa pelo governo da Bahia nas elei\u00e7\u00f5es de outubro. Isso \u00e9 o que diz a primeira pesquisa AtlasIntel, encomendada pelo Grupo A Tarde, divulgada na quinta-feira (3).\u00a0<\/p>\n<p class=\"wp-block-paragraph\">Segundo o levantamento, ACM Neto aparece numericamente na frente, com 48,8% da prefer\u00eancia dos eleitores, enquanto Jer\u00f4nimo tem 47,5%. Considerando a margem de erro,\u00a0 que \u00e9 de 2 pontos percentuais, para mais ou para menos, ACM Neto e Jer\u00f4nimo est\u00e3o empatados. Na sequ\u00eancia, Ronaldo Mansur (Psol) surge com 1.1%, \u00e0 frente de Aroldo F\u00e9lix (UP), que tem 0.1%, e de Ariel Capistrano, do Democracia Crist\u00e3 (DC), que n\u00e3o pontuou.<\/p>\n<p class=\"wp-block-paragraph\">Outros 1,6% dos entrevistados defendem o voto branco e nulo, n\u00famero maior do que aqueles que n\u00e3o sabem (0,9%). Neste cen\u00e1rio, ACM Neto teria 50% dos votos v\u00e1lidos, enquanto Jer\u00f4nimo registraria 48,7% das inten\u00e7\u00f5es de votos.<\/p>\n<p class=\"wp-block-paragraph\">O levantamento AtlasIntel entrevistou 1.804 pessoas, via recrutamento digital aleat\u00f3rio (RDR), entre os dias 28 de agosto de 2026 e 2 de setembro de 2026. A margem de erro \u00e9 de 2 pontos percentuais, para mais ou para menos, com n\u00edvel de confian\u00e7a de 95%. A pesquisa foi registrada no Tribunal Superior Eleitoral (TSE) sob o n\u00famero BA-08891\/2026.<\/p>\n<p class=\"wp-block-paragraph\">J\u00e1 em cen\u00e1rio de segundo turno, o empate segue entre os candidatos avaliados. Na simula\u00e7\u00e3o, ACM Neto tem 49,2% das inten\u00e7\u00f5es de votos, numericamente \u00e0 frente, e Jer\u00f4nimo Rodrigues surge com 48,6%, confirmando novamente a tend\u00eancia de empate t\u00e9cnico entre os dois candidatos.<\/p>\n<p class=\"wp-block-paragraph\">Nos votos v\u00e1lidos, ACM Neto tem 50,3%, contra 49,7% de Jer\u00f4nimo Rodrigues.<\/p>\n<p class=\"wp-block-paragraph\"><em>Fonte: <a href=\"https:\/\/www.bahianoticias.com.br\/\" target=\"_blank\" rel=\"noreferrer noopener\">Bahia Not\u00edcias<\/a>, parceiro do Acorda Cidade.<\/em><\/p>\n<p class=\"wp-block-paragraph\"><em>Siga o Acorda Cidade no<a href=\"https:\/\/news.google.com\/search?q=acorda%20cidade&amp;hl=pt-BR&amp;gl=BR&amp;ceid=BR%3Apt-419\" target=\"_blank\" rel=\"noreferrer noopener\">\u00a0Google Not\u00edcias<\/a>\u00a0e receba os principais destaques do dia.\u00a0Participe tamb\u00e9m dos nossos grupos no\u00a0<a href=\"https:\/\/chat.whatsapp.com\/Fj2agnR6CdwLEb9Uqew8QI\" target=\"_blank\" rel=\"noreferrer noopener\">WhatsApp<\/a>\u00a0e\u00a0<a href=\"https:\/\/t.me\/+sSz0khrgARA0ZmRh\" target=\"_blank\" rel=\"noreferrer noopener\">Telegram<\/a><\/em><a href=\"https:\/\/www.acordacidade.com.br\/colunas\/dilton-e-feito\/\"><\/a><\/p>\n<p class=\"wp-block-paragraph\"><em> <\/em><\/p>\n<\/div>\n","protected":false},"excerpt":{"rendered":"<p>ACM Neto (Uni\u00e3o Brasil) e Jer\u00f4nimo Rodrigues (PT) | Foto: Reprodu\u00e7\u00e3o \/ Canal da Band<\/p>\n","protected":false},"author":1,"featured_media":148602,"comment_status":"closed","ping_status":"closed","sticky":false,"template":"","format":"gallery","meta":{"footnotes":""},"categories":[8,9,6,57,56,10],"tags":[],"class_list":["post-148601","post","type-post","status-publish","format-gallery","has-post-thumbnail","hentry","category-bahia","category-brasil","category-feira-de-santana","category-mundo","category-policia","category-politica","post_format-post-format-gallery"],"featured_image_urls":{"full":["https:\/\/noticiasbahia360.com.br\/wp-content\/uploads\/2026\/09\/debate-para-governador-da-Bahia-Band-Jeronimo-Rodrigues-ACM-Neto-Ronaldo-Manssur-Eleicao-Eleicoes-2026-Foto-reproducao-youtube-5.jpg",1200,675,false],"thumbnail":["https:\/\/noticiasbahia360.com.br\/wp-content\/uploads\/2026\/09\/debate-para-governador-da-Bahia-Band-Jeronimo-Rodrigues-ACM-Neto-Ronaldo-Manssur-Eleicao-Eleicoes-2026-Foto-reproducao-youtube-5-150x150.jpg",150,150,true],"medium":["https:\/\/noticiasbahia360.com.br\/wp-content\/uploads\/2026\/09\/debate-para-governador-da-Bahia-Band-Jeronimo-Rodrigues-ACM-Neto-Ronaldo-Manssur-Eleicao-Eleicoes-2026-Foto-reproducao-youtube-5-300x169.jpg",300,169,true],"medium_large":["https:\/\/noticiasbahia360.com.br\/wp-content\/uploads\/2026\/09\/debate-para-governador-da-Bahia-Band-Jeronimo-Rodrigues-ACM-Neto-Ronaldo-Manssur-Eleicao-Eleicoes-2026-Foto-reproducao-youtube-5-768x432.jpg",640,360,true],"large":["https:\/\/noticiasbahia360.com.br\/wp-content\/uploads\/2026\/09\/debate-para-governador-da-Bahia-Band-Jeronimo-Rodrigues-ACM-Neto-Ronaldo-Manssur-Eleicao-Eleicoes-2026-Foto-reproducao-youtube-5-1024x576.jpg",640,360,true],"1536x1536":["https:\/\/noticiasbahia360.com.br\/wp-content\/uploads\/2026\/09\/debate-para-governador-da-Bahia-Band-Jeronimo-Rodrigues-ACM-Neto-Ronaldo-Manssur-Eleicao-Eleicoes-2026-Foto-reproducao-youtube-5.jpg",1200,675,false],"2048x2048":["https:\/\/noticiasbahia360.com.br\/wp-content\/uploads\/2026\/09\/debate-para-governador-da-Bahia-Band-Jeronimo-Rodrigues-ACM-Neto-Ronaldo-Manssur-Eleicao-Eleicoes-2026-Foto-reproducao-youtube-5.jpg",1200,675,false],"chromenews-featured":["https:\/\/noticiasbahia360.com.br\/wp-content\/uploads\/2026\/09\/debate-para-governador-da-Bahia-Band-Jeronimo-Rodrigues-ACM-Neto-Ronaldo-Manssur-Eleicao-Eleicoes-2026-Foto-reproducao-youtube-5-1024x576.jpg",1024,576,true],"chromenews-large":["https:\/\/noticiasbahia360.com.br\/wp-content\/uploads\/2026\/09\/debate-para-governador-da-Bahia-Band-Jeronimo-Rodrigues-ACM-Neto-Ronaldo-Manssur-Eleicao-Eleicoes-2026-Foto-reproducao-youtube-5-825x575.jpg",825,575,true],"chromenews-medium":["https:\/\/noticiasbahia360.com.br\/wp-content\/uploads\/2026\/09\/debate-para-governador-da-Bahia-Band-Jeronimo-Rodrigues-ACM-Neto-Ronaldo-Manssur-Eleicao-Eleicoes-2026-Foto-reproducao-youtube-5-590x410.jpg",590,410,true]},"author_info":{"display_name":"noticiasbahia360.com.br","author_link":"https:\/\/noticiasbahia360.com.br\/?author=1"},"category_info":"<a href=\"https:\/\/noticiasbahia360.com.br\/?cat=8\" rel=\"category\">Bahia<\/a> <a href=\"https:\/\/noticiasbahia360.com.br\/?cat=9\" rel=\"category\">Brasil<\/a> <a href=\"https:\/\/noticiasbahia360.com.br\/?cat=6\" rel=\"category\">Feira de Santana<\/a> <a href=\"https:\/\/noticiasbahia360.com.br\/?cat=57\" rel=\"category\">Mundo<\/a> <a href=\"https:\/\/noticiasbahia360.com.br\/?cat=56\" rel=\"category\">Pol\u00edcia<\/a> <a href=\"https:\/\/noticiasbahia360.com.br\/?cat=10\" rel=\"category\">Pol\u00edtica<\/a>","tag_info":"Pol\u00edtica","comment_count":"0","_links":{"self":[{"href":"https:\/\/noticiasbahia360.com.br\/index.php?rest_route=\/wp\/v2\/posts\/148601","targetHints":{"allow":["GET"]}}],"collection":[{"href":"https:\/\/noticiasbahia360.com.br\/index.php?rest_route=\/wp\/v2\/posts"}],"about":[{"href":"https:\/\/noticiasbahia360.com.br\/index.php?rest_route=\/wp\/v2\/types\/post"}],"author":[{"embeddable":true,"href":"https:\/\/noticiasbahia360.com.br\/index.php?rest_route=\/wp\/v2\/users\/1"}],"replies":[{"embeddable":true,"href":"https:\/\/noticiasbahia360.com.br\/index.php?rest_route=%2Fwp%2Fv2%2Fcomments&post=148601"}],"version-history":[{"count":0,"href":"https:\/\/noticiasbahia360.com.br\/index.php?rest_route=\/wp\/v2\/posts\/148601\/revisions"}],"wp:featuredmedia":[{"embeddable":true,"href":"https:\/\/noticiasbahia360.com.br\/index.php?rest_route=\/wp\/v2\/media\/148602"}],"wp:attachment":[{"href":"https:\/\/noticiasbahia360.com.br\/index.php?rest_route=%2Fwp%2Fv2%2Fmedia&parent=148601"}],"wp:term":[{"taxonomy":"category","embeddable":true,"href":"https:\/\/noticiasbahia360.com.br\/index.php?rest_route=%2Fwp%2Fv2%2Fcategories&post=148601"},{"taxonomy":"post_tag","embeddable":true,"href":"https:\/\/noticiasbahia360.com.br\/index.php?rest_route=%2Fwp%2Fv2%2Ftags&post=148601"}],"curies":[{"name":"wp","href":"https:\/\/api.w.org\/{rel}","templated":true}]}}