{"id":148603,"date":"2026-09-03T08:03:25","date_gmt":"2026-09-03T11:03:25","guid":{"rendered":"https:\/\/noticiasbahia360.com.br\/?p=148603"},"modified":"2026-09-03T08:03:25","modified_gmt":"2026-09-03T11:03:25","slug":"prefeitura-de-feira-de-santana-convoca-mil-professores-aprovados-no-concurso-publico","status":"publish","type":"post","link":"https:\/\/noticiasbahia360.com.br\/?p=148603","title":{"rendered":"Prefeitura de Feira de Santana convoca mil professores aprovados no concurso p\u00fablico"},"content":{"rendered":"<div>\n<div>\n<figure><img decoding=\"async\" src=\"http:\/\/noticiasbahia360.com.br\/wp-content\/uploads\/2026\/09\/prefeitura-de-Feira-de-Santana-foto-Ed-Santos-Acorda-Cidade-00.jpg\" alt=\"Prefeitura de Feira\"><figcaption>Foto: Ed Santos \/ Acorda Cidade <\/figcaption><\/figure>\n<\/div>\n<p class=\"wp-block-paragraph\">A Prefeitura de Feira de Santana publicou, nesta quinta-feira (3), o resultado final do concurso p\u00fablico regido pelo Edital n\u00ba 01\/2025. O certame \u00e9 destinado ao preenchimento de <strong>1.000 vagas imediatas para o cargo de professor<\/strong>, al\u00e9m da forma\u00e7\u00e3o de cadastro reserva.<\/p>\n<p class=\"wp-block-paragraph\">A publica\u00e7\u00e3o tamb\u00e9m traz a homologa\u00e7\u00e3o do concurso, ato que confirma oficialmente o resultado final do certame, conforme a rela\u00e7\u00e3o de candidatos classificados publicada no Anexo \u00danico do edital.<\/p>\n<p class=\"wp-block-paragraph\">Acesse o <a href=\"https:\/\/diariooficial.feiradesantana.ba.gov.br\/abrir.asp?edi=3613&amp;p=1\" target=\"_blank\" rel=\"noreferrer noopener\">Di\u00e1rio Oficial de Feira de Santana <\/a>para conferir a lista completa com os nomes do professores convocados. <strong>As informa\u00e7\u00f5es est\u00e3o logo na p\u00e1gina 2.<\/strong><\/p>\n<p class=\"wp-block-paragraph\"><em>Siga o Acorda Cidade no<a href=\"https:\/\/news.google.com\/search?q=acorda%20cidade&amp;hl=pt-BR&amp;gl=BR&amp;ceid=BR%3Apt-419\" target=\"_blank\" rel=\"noreferrer noopener\">\u00a0Google Not\u00edcias<\/a>\u00a0e receba os principais destaques do dia.\u00a0Participe tamb\u00e9m dos nossos grupos no\u00a0<a href=\"https:\/\/chat.whatsapp.com\/Fj2agnR6CdwLEb9Uqew8QI\" target=\"_blank\" rel=\"noreferrer noopener\">WhatsApp<\/a>\u00a0e\u00a0<a href=\"https:\/\/t.me\/+sSz0khrgARA0ZmRh\" target=\"_blank\" rel=\"noreferrer noopener\">Telegram<\/a><\/em><a href=\"https:\/\/www.acordacidade.com.br\/colunas\/dilton-e-feito\/\"><\/a><\/p>\n<\/div>\n","protected":false},"excerpt":{"rendered":"<p>Foto: Ed Santos \/ Acorda Cidade A Prefeitura de Feira de Santana publicou, nesta quinta-feira<\/p>\n","protected":false},"author":1,"featured_media":148604,"comment_status":"closed","ping_status":"closed","sticky":false,"template":"","format":"gallery","meta":{"footnotes":""},"categories":[8,9,6,57,56,10],"tags":[],"class_list":["post-148603","post","type-post","status-publish","format-gallery","has-post-thumbnail","hentry","category-bahia","category-brasil","category-feira-de-santana","category-mundo","category-policia","category-politica","post_format-post-format-gallery"],"featured_image_urls":{"full":["https:\/\/noticiasbahia360.com.br\/wp-content\/uploads\/2026\/09\/prefeitura-de-Feira-de-Santana-foto-Ed-Santos-Acorda-Cidade-00.jpg",1200,675,false],"thumbnail":["https:\/\/noticiasbahia360.com.br\/wp-content\/uploads\/2026\/09\/prefeitura-de-Feira-de-Santana-foto-Ed-Santos-Acorda-Cidade-00-150x150.jpg",150,150,true],"medium":["https:\/\/noticiasbahia360.com.br\/wp-content\/uploads\/2026\/09\/prefeitura-de-Feira-de-Santana-foto-Ed-Santos-Acorda-Cidade-00-300x169.jpg",300,169,true],"medium_large":["https:\/\/noticiasbahia360.com.br\/wp-content\/uploads\/2026\/09\/prefeitura-de-Feira-de-Santana-foto-Ed-Santos-Acorda-Cidade-00-768x432.jpg",640,360,true],"large":["https:\/\/noticiasbahia360.com.br\/wp-content\/uploads\/2026\/09\/prefeitura-de-Feira-de-Santana-foto-Ed-Santos-Acorda-Cidade-00-1024x576.jpg",640,360,true],"1536x1536":["https:\/\/noticiasbahia360.com.br\/wp-content\/uploads\/2026\/09\/prefeitura-de-Feira-de-Santana-foto-Ed-Santos-Acorda-Cidade-00.jpg",1200,675,false],"2048x2048":["https:\/\/noticiasbahia360.com.br\/wp-content\/uploads\/2026\/09\/prefeitura-de-Feira-de-Santana-foto-Ed-Santos-Acorda-Cidade-00.jpg",1200,675,false],"chromenews-featured":["https:\/\/noticiasbahia360.com.br\/wp-content\/uploads\/2026\/09\/prefeitura-de-Feira-de-Santana-foto-Ed-Santos-Acorda-Cidade-00-1024x576.jpg",1024,576,true],"chromenews-large":["https:\/\/noticiasbahia360.com.br\/wp-content\/uploads\/2026\/09\/prefeitura-de-Feira-de-Santana-foto-Ed-Santos-Acorda-Cidade-00-825x575.jpg",825,575,true],"chromenews-medium":["https:\/\/noticiasbahia360.com.br\/wp-content\/uploads\/2026\/09\/prefeitura-de-Feira-de-Santana-foto-Ed-Santos-Acorda-Cidade-00-590x410.jpg",590,410,true]},"author_info":{"display_name":"noticiasbahia360.com.br","author_link":"https:\/\/noticiasbahia360.com.br\/?author=1"},"category_info":"<a href=\"https:\/\/noticiasbahia360.com.br\/?cat=8\" rel=\"category\">Bahia<\/a> <a href=\"https:\/\/noticiasbahia360.com.br\/?cat=9\" rel=\"category\">Brasil<\/a> <a href=\"https:\/\/noticiasbahia360.com.br\/?cat=6\" rel=\"category\">Feira de Santana<\/a> <a href=\"https:\/\/noticiasbahia360.com.br\/?cat=57\" rel=\"category\">Mundo<\/a> <a href=\"https:\/\/noticiasbahia360.com.br\/?cat=56\" rel=\"category\">Pol\u00edcia<\/a> <a href=\"https:\/\/noticiasbahia360.com.br\/?cat=10\" rel=\"category\">Pol\u00edtica<\/a>","tag_info":"Pol\u00edtica","comment_count":"0","_links":{"self":[{"href":"https:\/\/noticiasbahia360.com.br\/index.php?rest_route=\/wp\/v2\/posts\/148603","targetHints":{"allow":["GET"]}}],"collection":[{"href":"https:\/\/noticiasbahia360.com.br\/index.php?rest_route=\/wp\/v2\/posts"}],"about":[{"href":"https:\/\/noticiasbahia360.com.br\/index.php?rest_route=\/wp\/v2\/types\/post"}],"author":[{"embeddable":true,"href":"https:\/\/noticiasbahia360.com.br\/index.php?rest_route=\/wp\/v2\/users\/1"}],"replies":[{"embeddable":true,"href":"https:\/\/noticiasbahia360.com.br\/index.php?rest_route=%2Fwp%2Fv2%2Fcomments&post=148603"}],"version-history":[{"count":0,"href":"https:\/\/noticiasbahia360.com.br\/index.php?rest_route=\/wp\/v2\/posts\/148603\/revisions"}],"wp:featuredmedia":[{"embeddable":true,"href":"https:\/\/noticiasbahia360.com.br\/index.php?rest_route=\/wp\/v2\/media\/148604"}],"wp:attachment":[{"href":"https:\/\/noticiasbahia360.com.br\/index.php?rest_route=%2Fwp%2Fv2%2Fmedia&parent=148603"}],"wp:term":[{"taxonomy":"category","embeddable":true,"href":"https:\/\/noticiasbahia360.com.br\/index.php?rest_route=%2Fwp%2Fv2%2Fcategories&post=148603"},{"taxonomy":"post_tag","embeddable":true,"href":"https:\/\/noticiasbahia360.com.br\/index.php?rest_route=%2Fwp%2Fv2%2Ftags&post=148603"}],"curies":[{"name":"wp","href":"https:\/\/api.w.org\/{rel}","templated":true}]}}