{"id":148607,"date":"2026-09-03T08:03:28","date_gmt":"2026-09-03T11:03:28","guid":{"rendered":"https:\/\/noticiasbahia360.com.br\/?p=148607"},"modified":"2026-09-03T08:03:28","modified_gmt":"2026-09-03T11:03:28","slug":"confira-os-horarios-e-pontos-de-parada-da-linha-de-onibus-gratuito-para-a-expofeira-2026","status":"publish","type":"post","link":"https:\/\/noticiasbahia360.com.br\/?p=148607","title":{"rendered":"Confira os hor\u00e1rios e pontos de parada da linha de \u00f4nibus gratuito para a Expofeira 2026"},"content":{"rendered":"<div>\n<div>\n<figure><img decoding=\"async\" src=\"http:\/\/noticiasbahia360.com.br\/wp-content\/uploads\/2026\/09\/onibus-de-SSA.webp\" alt=\"Salvador: tarifa de \u00f4nibus passa a custar R$ 5,90 a partir desta segunda (5)\"><figcaption>Foto: Divulga\u00e7\u00e3o<\/figcaption><\/figure>\n<\/div>\n<p class=\"wp-block-paragraph\">A Prefeitura de Feira de Santana divulgou as linhas de transporte coletivo que ser\u00e3o disponibilizadas para atender de forma gratuita os visitantes da <a href=\"https:\/\/www.acordacidade.com.br\/tag\/expofeira\/\" data-type=\"post_tag\" data-id=\"33999\">47\u00aa Expofeira<\/a>. O evento ocorrer\u00e1 entre os dias 6 e 13 deste m\u00eas, no Parque de Exposi\u00e7\u00f5es Jo\u00e3o Martins da Silva.<\/p>\n<p class=\"wp-block-paragraph\">Segundo uma publica\u00e7\u00e3o, que consta na edi\u00e7\u00e3o desta quinta-feira (3) do <a href=\"https:\/\/diariooficial.feiradesantana.ba.gov.br\/abrir.asp?edi=3613&amp;p=1\" target=\"_blank\" rel=\"noreferrer noopener\">Di\u00e1rio Oficial do Munic\u00edpio<\/a>, a linha especial <strong>\u201cExpresso Expofeira \u2013 Transporte Gratuito\u201d<\/strong> funcionar\u00e1 das 8h \u00e0s 21h30, no trajeto entre o Terminal Central e o Parque de Exposi\u00e7\u00f5es. No sentido contr\u00e1rio, os \u00f4nibus ter\u00e3o viagens at\u00e9 as 22h40.<\/p>\n<ul class=\"wp-block-list\">\n<li>\ud83d\ude8dNo <strong>trajeto de ida<\/strong>, o embarque gratuito poder\u00e1 ser feito em qualquer ponto de parada da linha especial, com desembarque exclusivamente no Parque de Exposi\u00e7\u00f5es. <\/li>\n<li>\ud83d\ude8c<strong>Na volta,<\/strong> o embarque ser\u00e1 realizado somente na \u201cMini Esta\u00e7\u00e3o\u201d, localizada no Parque, e o passageiro poder\u00e1 solicitar ao motorista o desembarque em qualquer ponto do itiner\u00e1rio at\u00e9 o Terminal Central.<\/li>\n<\/ul>\n<h2 id=\"h-confira-o-itinerario\" class=\"wp-block-heading\">Confira o Itiner\u00e1rio <\/h2>\n<figure class=\"wp-block-image size-full\"><img fetchpriority=\"high\" fetchpriority=\"high\" decoding=\"async\" width=\"1200\" height=\"698\" src=\"http:\/\/noticiasbahia360.com.br\/wp-content\/uploads\/2026\/09\/Confira-os-horarios-e-pontos-de-parada-da-linha-de-onibus-gratuito-para-a-Expofeira-2026-foto-arte-arcoda-cidade.jpg\" alt=\"Confira os hor\u00e1rios e pontos de parada da linha de \u00f4nibus gratuito para a Expofeira 2026\" class=\"wp-image-687420\" srcset=\"http:\/\/noticiasbahia360.com.br\/wp-content\/uploads\/2026\/09\/Confira-os-horarios-e-pontos-de-parada-da-linha-de-onibus-gratuito-para-a-Expofeira-2026-foto-arte-arcoda-cidade.jpg 1200w, https:\/\/uploads.acordacidade.com.br\/2026\/09\/Confira-os-horarios-e-pontos-de-parada-da-linha-de-onibus-gratuito-para-a-Expofeira-2026-foto-arte-arcoda-cidade-750x436.jpg 750w, https:\/\/uploads.acordacidade.com.br\/2026\/09\/Confira-os-horarios-e-pontos-de-parada-da-linha-de-onibus-gratuito-para-a-Expofeira-2026-foto-arte-arcoda-cidade-1000x582.jpg 1000w, https:\/\/uploads.acordacidade.com.br\/2026\/09\/Confira-os-horarios-e-pontos-de-parada-da-linha-de-onibus-gratuito-para-a-Expofeira-2026-foto-arte-arcoda-cidade-450x262.jpg 450w, https:\/\/uploads.acordacidade.com.br\/2026\/09\/Confira-os-horarios-e-pontos-de-parada-da-linha-de-onibus-gratuito-para-a-Expofeira-2026-foto-arte-arcoda-cidade-150x87.jpg 150w\" sizes=\"(max-width: 1200px) 100vw, 1200px\"><figcaption class=\"wp-element-caption\">Confira os hor\u00e1rios e pontos de parada da linha de \u00f4nibus gratuito para a Expofeira 2026 | Foto: Arte \/ Acorda Cidade <\/figcaption><\/figure>\n<h3 id=\"h-roteiro-para-o-dia-7-de-setembro-especial\" class=\"wp-block-heading\">Roteiro para o dia 7 de setembro (especial)<\/h3>\n<ul class=\"wp-block-list\">\n<li>\u27a1\ufe0f<strong>Ida: <\/strong>Terminal Central \u2192 Rua Dr. Ol\u00edmpio Vital \u2192 Avenida Get\u00falio Vargas \u2192 Avenida Santo Ant\u00f4nio \u2192 Avenida Presidente Dutra \u2192 BR-324 \u2192 Retorno Pepsico \u2192 BR-324 \u2192 Parque de Exposi\u00e7\u00f5es.<\/li>\n<li>\u2b05\ufe0f<strong>Volta:<\/strong> Parque de Exposi\u00e7\u00f5es \u2192 BR-324 \u2192 Avenida Presidente Dutra \u2192 Rua Frei Aureliano Grotamares \u2192 Avenida Get\u00falio Vargas \u2192 Rua Dr. Ol\u00edmpio Vital \u2192 Terminal Central.<\/li>\n<\/ul>\n<h3 id=\"h-roteiro-para-o-dia-6-e-de-8-a-13-de-setembro\" class=\"wp-block-heading\">Roteiro para o dia 6 e de 8 a 13 de setembro<\/h3>\n<ul class=\"wp-block-list\">\n<li>\u27a1\ufe0f<strong>Ida:<\/strong> Terminal Central \u2192 Rua Dr. Ol\u00edmpio Vital \u2192 Avenida Get\u00falio Vargas \u2192 Rua Bar\u00e3o do Rio Branco \u2192 Avenida Presidente Dutra \u2192 BR-324 \u2192 Retorno Pepsico \u2192 BR-324 \u2192 Parque de Exposi\u00e7\u00f5es.<\/li>\n<li>\u2b05\ufe0f<strong>Volta: <\/strong>Parque de Exposi\u00e7\u00f5es \u2192 BR-324 \u2192 Avenida Presidente Dutra \u2192 Rua Jos\u00e9 Joaquim Seabra \u2192 Avenida Get\u00falio Vargas \u2192 Rua Dr. Ol\u00edmpio Vital \u2192 Terminal Central.<\/li>\n<\/ul>\n<p class=\"wp-block-paragraph\">Ainda de acordo com o Di\u00e1rio Oficial, al\u00e9m da linha especial, as linhas 009 -Polo Industrial\/Terminal Central e 012 \u2013 Humildes via Limoeiro tamb\u00e9m atender\u00e3o, entre os dias 6 e 13 de setembro, ao ponto de parada criado excepcionalmente em frente ao Parque de Exposi\u00e7\u00f5es, no sentido Centro.<\/p>\n<p class=\"wp-block-paragraph\"><em>Siga o Acorda Cidade no<a href=\"https:\/\/news.google.com\/search?q=acorda%20cidade&amp;hl=pt-BR&amp;gl=BR&amp;ceid=BR%3Apt-419\" target=\"_blank\" rel=\"noreferrer noopener\">\u00a0Google Not\u00edcias<\/a>\u00a0e receba os principais destaques do dia.\u00a0Participe tamb\u00e9m dos nossos grupos no\u00a0<a href=\"https:\/\/chat.whatsapp.com\/Fj2agnR6CdwLEb9Uqew8QI\" target=\"_blank\" rel=\"noreferrer noopener\">WhatsApp<\/a>\u00a0e\u00a0<a href=\"https:\/\/t.me\/+sSz0khrgARA0ZmRh\" target=\"_blank\" rel=\"noreferrer noopener\">Telegram<\/a><\/em><a href=\"https:\/\/www.acordacidade.com.br\/colunas\/dilton-e-feito\/\"><\/a><\/p>\n<\/div>\n","protected":false},"excerpt":{"rendered":"<p>Foto: Divulga\u00e7\u00e3o A Prefeitura de Feira de Santana divulgou as linhas de transporte coletivo que<\/p>\n","protected":false},"author":1,"featured_media":148608,"comment_status":"closed","ping_status":"closed","sticky":false,"template":"","format":"gallery","meta":{"footnotes":""},"categories":[8,9,6,57,56,10],"tags":[],"class_list":["post-148607","post","type-post","status-publish","format-gallery","has-post-thumbnail","hentry","category-bahia","category-brasil","category-feira-de-santana","category-mundo","category-policia","category-politica","post_format-post-format-gallery"],"featured_image_urls":{"full":["https:\/\/noticiasbahia360.com.br\/wp-content\/uploads\/2026\/09\/onibus-de-SSA.webp",1200,630,false],"thumbnail":["https:\/\/noticiasbahia360.com.br\/wp-content\/uploads\/2026\/09\/onibus-de-SSA-150x150.webp",150,150,true],"medium":["https:\/\/noticiasbahia360.com.br\/wp-content\/uploads\/2026\/09\/onibus-de-SSA-300x158.webp",300,158,true],"medium_large":["https:\/\/noticiasbahia360.com.br\/wp-content\/uploads\/2026\/09\/onibus-de-SSA-768x403.webp",640,336,true],"large":["https:\/\/noticiasbahia360.com.br\/wp-content\/uploads\/2026\/09\/onibus-de-SSA-1024x538.webp",640,336,true],"1536x1536":["https:\/\/noticiasbahia360.com.br\/wp-content\/uploads\/2026\/09\/onibus-de-SSA.webp",1200,630,false],"2048x2048":["https:\/\/noticiasbahia360.com.br\/wp-content\/uploads\/2026\/09\/onibus-de-SSA.webp",1200,630,false],"chromenews-featured":["https:\/\/noticiasbahia360.com.br\/wp-content\/uploads\/2026\/09\/onibus-de-SSA-1024x538.webp",1024,538,true],"chromenews-large":["https:\/\/noticiasbahia360.com.br\/wp-content\/uploads\/2026\/09\/onibus-de-SSA-825x575.webp",825,575,true],"chromenews-medium":["https:\/\/noticiasbahia360.com.br\/wp-content\/uploads\/2026\/09\/onibus-de-SSA-590x410.webp",590,410,true]},"author_info":{"display_name":"noticiasbahia360.com.br","author_link":"https:\/\/noticiasbahia360.com.br\/?author=1"},"category_info":"<a href=\"https:\/\/noticiasbahia360.com.br\/?cat=8\" rel=\"category\">Bahia<\/a> <a href=\"https:\/\/noticiasbahia360.com.br\/?cat=9\" rel=\"category\">Brasil<\/a> <a href=\"https:\/\/noticiasbahia360.com.br\/?cat=6\" rel=\"category\">Feira de Santana<\/a> <a href=\"https:\/\/noticiasbahia360.com.br\/?cat=57\" rel=\"category\">Mundo<\/a> <a href=\"https:\/\/noticiasbahia360.com.br\/?cat=56\" rel=\"category\">Pol\u00edcia<\/a> <a href=\"https:\/\/noticiasbahia360.com.br\/?cat=10\" rel=\"category\">Pol\u00edtica<\/a>","tag_info":"Pol\u00edtica","comment_count":"0","_links":{"self":[{"href":"https:\/\/noticiasbahia360.com.br\/index.php?rest_route=\/wp\/v2\/posts\/148607","targetHints":{"allow":["GET"]}}],"collection":[{"href":"https:\/\/noticiasbahia360.com.br\/index.php?rest_route=\/wp\/v2\/posts"}],"about":[{"href":"https:\/\/noticiasbahia360.com.br\/index.php?rest_route=\/wp\/v2\/types\/post"}],"author":[{"embeddable":true,"href":"https:\/\/noticiasbahia360.com.br\/index.php?rest_route=\/wp\/v2\/users\/1"}],"replies":[{"embeddable":true,"href":"https:\/\/noticiasbahia360.com.br\/index.php?rest_route=%2Fwp%2Fv2%2Fcomments&post=148607"}],"version-history":[{"count":0,"href":"https:\/\/noticiasbahia360.com.br\/index.php?rest_route=\/wp\/v2\/posts\/148607\/revisions"}],"wp:featuredmedia":[{"embeddable":true,"href":"https:\/\/noticiasbahia360.com.br\/index.php?rest_route=\/wp\/v2\/media\/148608"}],"wp:attachment":[{"href":"https:\/\/noticiasbahia360.com.br\/index.php?rest_route=%2Fwp%2Fv2%2Fmedia&parent=148607"}],"wp:term":[{"taxonomy":"category","embeddable":true,"href":"https:\/\/noticiasbahia360.com.br\/index.php?rest_route=%2Fwp%2Fv2%2Fcategories&post=148607"},{"taxonomy":"post_tag","embeddable":true,"href":"https:\/\/noticiasbahia360.com.br\/index.php?rest_route=%2Fwp%2Fv2%2Ftags&post=148607"}],"curies":[{"name":"wp","href":"https:\/\/api.w.org\/{rel}","templated":true}]}}