{"id":148610,"date":"2026-09-03T09:02:15","date_gmt":"2026-09-03T12:02:15","guid":{"rendered":"https:\/\/noticiasbahia360.com.br\/?p=148610"},"modified":"2026-09-03T09:02:15","modified_gmt":"2026-09-03T12:02:15","slug":"confira-os-numeros-da-pesquisa-atlasintel-para-o-senado-na-bahia-rui-costa-e-wagner-lideram-corrida","status":"publish","type":"post","link":"https:\/\/noticiasbahia360.com.br\/?p=148610","title":{"rendered":"Confira os n\u00fameros da pesquisa AtlasIntel para o Senado na Bahia; Rui Costa e Wagner lideram corrida"},"content":{"rendered":"<div>\n<div>\n<figure><img decoding=\"async\" src=\"http:\/\/noticiasbahia360.com.br\/wp-content\/uploads\/2026\/09\/Rui-costa-e-Jaques-Wagner.webp\" alt=\"Pesquisa eleitoral - Rui costa e Jaques Wagner\"><figcaption>Foto: Reprodu\u00e7\u00e3o \/ Redes Sociais<\/figcaption><\/figure>\n<\/div>\n<p class=\"wp-block-paragraph\">Os ex-governadores da Bahia e candidatos ao Senado Rui Costa (PT) e Jaques Wagner (PT) lideram as inten\u00e7\u00f5es de voto do eleitorado baiano, segundo pesquisa AtlasIntel. O estudo encomendado pelo A Tarde foi divulgado nesta quinta-feira (3).<\/p>\n<p class=\"wp-block-paragraph\">O levantamento aponta que os postulantes do grupo governista somam, respectivamente, 31,6% e 26,5% dos votos v\u00e1lidos na disputa pelas duas cadeiras ao Senado.<\/p>\n<p class=\"wp-block-paragraph\">Segundo a pesquisa AtlasIntel\/A Tarde, no grupo da oposi\u00e7\u00e3o, o ex-ministro Jo\u00e3o Roma (PL) aparece com 20,4% das inten\u00e7\u00f5es de votos v\u00e1lidos, seguido por \u00c2ngelo Coronel (Republicanos), que alcan\u00e7ou 17,9%. Pela Federa\u00e7\u00e3o PSOL-Rede, Delliana Ricelli registra 2,6% e Marcelo Carvalho obt\u00e9m 0,6%.<\/p>\n<h2 id=\"h-cenario-geral\" class=\"wp-block-heading\">Cen\u00e1rio Geral<\/h2>\n<p class=\"wp-block-paragraph\"><strong>Considerando os votos totais (incluindo brancos e nulos):<\/strong><\/p>\n<ul class=\"wp-block-list\">\n<li><strong>Rui Costa (PT): 28,2%<\/strong><\/li>\n<li><strong>Jaques Wagner (PT): 23,7%<\/strong><\/li>\n<li><strong>Jo\u00e3o Roma (PL): 18,3%<\/strong><\/li>\n<li><strong>\u00c2ngelo Coronel (Republicanos): 16%<\/strong><\/li>\n<li><strong>Delliana Ricelli (Rede): 2,3% <\/strong><strong><em>(estimado no total)<\/em><\/strong><\/li>\n<li><strong>Brancos \/ Nulos: 7,8%<\/strong><\/li>\n<li><strong>N\u00e3o souberam responder: 2,9%<\/strong><\/li>\n<\/ul>\n<h2 id=\"h-dados-da-pesquisa\" class=\"wp-block-heading\">Dados da Pesquisa<\/h2>\n<p class=\"wp-block-paragraph\">O levantamento da AtlasIntel, contratado pelo jornal <em>A<\/em> Tarde , ouviu 1.804 eleitores por meio de recrutamento digital entre os dias 28 de agosto e 2 de setembro de 2026. A margem de erro \u00e9 de dois pontos percentuais para mais ou para menos, com n\u00edvel de confian\u00e7a de 95%. O estudo est\u00e1 registrado no Tribunal Superior Eleitoral (TSE) sob o protocolo BA-08891\/2026.<\/p>\n<p class=\"wp-block-paragraph\"><em>Siga o Acorda Cidade no<a href=\"https:\/\/news.google.com\/search?q=acorda%20cidade&amp;hl=pt-BR&amp;gl=BR&amp;ceid=BR%3Apt-419\" target=\"_blank\" rel=\"noreferrer noopener\">\u00a0Google Not\u00edcias<\/a>\u00a0e receba os principais destaques do dia.\u00a0Participe tamb\u00e9m dos nossos grupos no\u00a0<a href=\"https:\/\/chat.whatsapp.com\/Fj2agnR6CdwLEb9Uqew8QI\" target=\"_blank\" rel=\"noreferrer noopener\">WhatsApp<\/a>\u00a0e\u00a0<a href=\"https:\/\/t.me\/+sSz0khrgARA0ZmRh\" target=\"_blank\" rel=\"noreferrer noopener\">Telegram<\/a><\/em><a href=\"https:\/\/www.acordacidade.com.br\/colunas\/dilton-e-feito\/\"><\/a><\/p>\n<\/div>\n","protected":false},"excerpt":{"rendered":"<p>Foto: Reprodu\u00e7\u00e3o \/ Redes Sociais Os ex-governadores da Bahia e candidatos ao Senado Rui Costa<\/p>\n","protected":false},"author":1,"featured_media":148611,"comment_status":"closed","ping_status":"closed","sticky":false,"template":"","format":"gallery","meta":{"footnotes":""},"categories":[8,9,6,57,56,10],"tags":[],"class_list":["post-148610","post","type-post","status-publish","format-gallery","has-post-thumbnail","hentry","category-bahia","category-brasil","category-feira-de-santana","category-mundo","category-policia","category-politica","post_format-post-format-gallery"],"featured_image_urls":{"full":["https:\/\/noticiasbahia360.com.br\/wp-content\/uploads\/2026\/09\/Rui-costa-e-Jaques-Wagner.webp",1200,1086,false],"thumbnail":["https:\/\/noticiasbahia360.com.br\/wp-content\/uploads\/2026\/09\/Rui-costa-e-Jaques-Wagner-150x150.webp",150,150,true],"medium":["https:\/\/noticiasbahia360.com.br\/wp-content\/uploads\/2026\/09\/Rui-costa-e-Jaques-Wagner-300x272.webp",300,272,true],"medium_large":["https:\/\/noticiasbahia360.com.br\/wp-content\/uploads\/2026\/09\/Rui-costa-e-Jaques-Wagner-768x695.webp",640,579,true],"large":["https:\/\/noticiasbahia360.com.br\/wp-content\/uploads\/2026\/09\/Rui-costa-e-Jaques-Wagner-1024x927.webp",640,579,true],"1536x1536":["https:\/\/noticiasbahia360.com.br\/wp-content\/uploads\/2026\/09\/Rui-costa-e-Jaques-Wagner.webp",1200,1086,false],"2048x2048":["https:\/\/noticiasbahia360.com.br\/wp-content\/uploads\/2026\/09\/Rui-costa-e-Jaques-Wagner.webp",1200,1086,false],"chromenews-featured":["https:\/\/noticiasbahia360.com.br\/wp-content\/uploads\/2026\/09\/Rui-costa-e-Jaques-Wagner-1024x927.webp",1024,927,true],"chromenews-large":["https:\/\/noticiasbahia360.com.br\/wp-content\/uploads\/2026\/09\/Rui-costa-e-Jaques-Wagner-825x575.webp",825,575,true],"chromenews-medium":["https:\/\/noticiasbahia360.com.br\/wp-content\/uploads\/2026\/09\/Rui-costa-e-Jaques-Wagner-590x410.webp",590,410,true]},"author_info":{"display_name":"noticiasbahia360.com.br","author_link":"https:\/\/noticiasbahia360.com.br\/?author=1"},"category_info":"<a href=\"https:\/\/noticiasbahia360.com.br\/?cat=8\" rel=\"category\">Bahia<\/a> <a href=\"https:\/\/noticiasbahia360.com.br\/?cat=9\" rel=\"category\">Brasil<\/a> <a href=\"https:\/\/noticiasbahia360.com.br\/?cat=6\" rel=\"category\">Feira de Santana<\/a> <a href=\"https:\/\/noticiasbahia360.com.br\/?cat=57\" rel=\"category\">Mundo<\/a> <a href=\"https:\/\/noticiasbahia360.com.br\/?cat=56\" rel=\"category\">Pol\u00edcia<\/a> <a href=\"https:\/\/noticiasbahia360.com.br\/?cat=10\" rel=\"category\">Pol\u00edtica<\/a>","tag_info":"Pol\u00edtica","comment_count":"0","_links":{"self":[{"href":"https:\/\/noticiasbahia360.com.br\/index.php?rest_route=\/wp\/v2\/posts\/148610","targetHints":{"allow":["GET"]}}],"collection":[{"href":"https:\/\/noticiasbahia360.com.br\/index.php?rest_route=\/wp\/v2\/posts"}],"about":[{"href":"https:\/\/noticiasbahia360.com.br\/index.php?rest_route=\/wp\/v2\/types\/post"}],"author":[{"embeddable":true,"href":"https:\/\/noticiasbahia360.com.br\/index.php?rest_route=\/wp\/v2\/users\/1"}],"replies":[{"embeddable":true,"href":"https:\/\/noticiasbahia360.com.br\/index.php?rest_route=%2Fwp%2Fv2%2Fcomments&post=148610"}],"version-history":[{"count":0,"href":"https:\/\/noticiasbahia360.com.br\/index.php?rest_route=\/wp\/v2\/posts\/148610\/revisions"}],"wp:featuredmedia":[{"embeddable":true,"href":"https:\/\/noticiasbahia360.com.br\/index.php?rest_route=\/wp\/v2\/media\/148611"}],"wp:attachment":[{"href":"https:\/\/noticiasbahia360.com.br\/index.php?rest_route=%2Fwp%2Fv2%2Fmedia&parent=148610"}],"wp:term":[{"taxonomy":"category","embeddable":true,"href":"https:\/\/noticiasbahia360.com.br\/index.php?rest_route=%2Fwp%2Fv2%2Fcategories&post=148610"},{"taxonomy":"post_tag","embeddable":true,"href":"https:\/\/noticiasbahia360.com.br\/index.php?rest_route=%2Fwp%2Fv2%2Ftags&post=148610"}],"curies":[{"name":"wp","href":"https:\/\/api.w.org\/{rel}","templated":true}]}}