{"id":148612,"date":"2026-09-03T09:02:16","date_gmt":"2026-09-03T12:02:16","guid":{"rendered":"https:\/\/noticiasbahia360.com.br\/?p=148612"},"modified":"2026-09-03T09:02:16","modified_gmt":"2026-09-03T12:02:16","slug":"smt-revitaliza-sinalizacao-horizontalna-avenida-noide-cerqueira-para-mais-seguranca-no-transito","status":"publish","type":"post","link":"https:\/\/noticiasbahia360.com.br\/?p=148612","title":{"rendered":"SMT revitaliza sinaliza\u00e7\u00e3o horizontalna Avenida Noide Cerqueira para mais seguran\u00e7a no tr\u00e2nsito"},"content":{"rendered":"<div>\n<div>\n<figure><img decoding=\"async\" src=\"http:\/\/noticiasbahia360.com.br\/wp-content\/uploads\/2026\/09\/SMT-revitaliza-sinalizacao-horizontal-na-Av-Noide-Cerqueira.jpg\" alt=\"Mais seguran\u00e7a no tr\u00e2nsito: SMT revitaliza sinaliza\u00e7\u00e3o horizontal na Av. Noide Cerqueira\"><figcaption>Foto: Danilo Guerra<\/figcaption><\/figure>\n<\/div>\n<p class=\"wp-block-paragraph\">A Superintend\u00eancia Municipal de Tr\u00e2nsito (SMT) come\u00e7ou, na noite de ter\u00e7a-feira (1\u00ba), a revitalizar a sinaliza\u00e7\u00e3o horizontal em toda a extens\u00e3o da Avenida Noide Cerqueira, uma das principais e mais movimentadas vias de Feira de Santana.<\/p>\n<p class=\"wp-block-paragraph\">Os trabalhos tiveram in\u00edcio nas proximidades do viaduto que faz a liga\u00e7\u00e3o entre as avenidas Noide Cerqueira e Get\u00falio Vargas, um ponto de intenso fluxo de ve\u00edculos.<\/p>\n<p class=\"wp-block-paragraph\">Para garantir a seguran\u00e7a dos trabalhadores e dos condutores durante a execu\u00e7\u00e3o do servi\u00e7o, agentes de tr\u00e2nsito acompanharam a opera\u00e7\u00e3o desde o in\u00edcio.<\/p>\n<p class=\"wp-block-paragraph\">A renova\u00e7\u00e3o das marca\u00e7\u00f5es no pavimento, assegura o superintendente de Tr\u00e2nsito, Ricardo Cunha, \u201ccontribui para melhorar a organiza\u00e7\u00e3o do tr\u00e2nsito e refor\u00e7ar a seguran\u00e7a de condutores, motociclistas, ciclistas e pedestres que utilizam diariamente a avenida. Com a sinaliza\u00e7\u00e3o mais vis\u00edvel, os usu\u00e1rios passam a contar com uma orienta\u00e7\u00e3o mais clara sobre os limites e espa\u00e7os de circula\u00e7\u00e3o\u201d.<\/p>\n<h2 id=\"h-trabalho-realizado-a-noite\" class=\"wp-block-heading\">Trabalho realizado \u00e0 noite<\/h2>\n<p class=\"wp-block-paragraph\">O superintendente tamb\u00e9m explica que a execu\u00e7\u00e3o dos servi\u00e7os no per\u00edodo noturno foi definida em raz\u00e3o da redu\u00e7\u00e3o do fluxo de ve\u00edculos na Noide durante a noite. \u201cCom um volume menor de tr\u00e1fego, a SMT consegue realizar a revitaliza\u00e7\u00e3o da sinaliza\u00e7\u00e3o com mais seguran\u00e7a, agilidade e menor impacto na circula\u00e7\u00e3o dos ve\u00edculos\u201d, justificou.<\/p>\n<figure class=\"wp-block-image size-full\"><img fetchpriority=\"high\" decoding=\"async\" width=\"1200\" height=\"800\" src=\"http:\/\/noticiasbahia360.com.br\/wp-content\/uploads\/2026\/09\/SMT-revitaliza-sinalizacao-horizontal-na-Av-Noide-Cerqueira-1.jpg\" alt=\"SMT revitaliza sinaliza\u00e7\u00e3o horizontal na Av. Noide Cerqueira\" class=\"wp-image-687430\" srcset=\"http:\/\/noticiasbahia360.com.br\/wp-content\/uploads\/2026\/09\/SMT-revitaliza-sinalizacao-horizontal-na-Av-Noide-Cerqueira-1.jpg 1200w, https:\/\/uploads.acordacidade.com.br\/2026\/09\/SMT-revitaliza-sinalizacao-horizontal-na-Av.-Noide-Cerqueira-1-750x500.jpg 750w, https:\/\/uploads.acordacidade.com.br\/2026\/09\/SMT-revitaliza-sinalizacao-horizontal-na-Av.-Noide-Cerqueira-1-1000x667.jpg 1000w, https:\/\/uploads.acordacidade.com.br\/2026\/09\/SMT-revitaliza-sinalizacao-horizontal-na-Av.-Noide-Cerqueira-1-450x300.jpg 450w, https:\/\/uploads.acordacidade.com.br\/2026\/09\/SMT-revitaliza-sinalizacao-horizontal-na-Av.-Noide-Cerqueira-1-150x100.jpg 150w\" sizes=\"(max-width: 1200px) 100vw, 1200px\"><figcaption class=\"wp-element-caption\">Foto: Danilo Guerra<\/figcaption><\/figure>\n<p class=\"wp-block-paragraph\">Ele reafirma, ainda, que a sinaliza\u00e7\u00e3o vi\u00e1ria \u00e9 fundamental para a constru\u00e7\u00e3o de um tr\u00e2nsito mais seguro e organizado. Por isso, alerta: \u201cDurante a execu\u00e7\u00e3o dos servi\u00e7os, os condutores devem redobrar a aten\u00e7\u00e3o e respeitar a sinaliza\u00e7\u00e3o tempor\u00e1ria e as orienta\u00e7\u00f5es dos agentes de tr\u00e2nsito presentes no local\u201d.<\/p>\n<figure class=\"wp-block-image size-full\"><img decoding=\"async\" width=\"1200\" height=\"800\" src=\"http:\/\/noticiasbahia360.com.br\/wp-content\/uploads\/2026\/09\/SMT-revitaliza-sinalizacao-horizontal-na-Av-Noide-Cerqueira-2.jpg\" alt=\"SMT revitaliza sinaliza\u00e7\u00e3o horizontal na Av. Noide Cerqueira\" class=\"wp-image-687431\" srcset=\"http:\/\/noticiasbahia360.com.br\/wp-content\/uploads\/2026\/09\/SMT-revitaliza-sinalizacao-horizontal-na-Av-Noide-Cerqueira-2.jpg 1200w, https:\/\/uploads.acordacidade.com.br\/2026\/09\/SMT-revitaliza-sinalizacao-horizontal-na-Av.-Noide-Cerqueira-2-750x500.jpg 750w, https:\/\/uploads.acordacidade.com.br\/2026\/09\/SMT-revitaliza-sinalizacao-horizontal-na-Av.-Noide-Cerqueira-2-1000x667.jpg 1000w, https:\/\/uploads.acordacidade.com.br\/2026\/09\/SMT-revitaliza-sinalizacao-horizontal-na-Av.-Noide-Cerqueira-2-450x300.jpg 450w, https:\/\/uploads.acordacidade.com.br\/2026\/09\/SMT-revitaliza-sinalizacao-horizontal-na-Av.-Noide-Cerqueira-2-150x100.jpg 150w\" sizes=\"(max-width: 1200px) 100vw, 1200px\"><figcaption class=\"wp-element-caption\">Foto: Danilo Guerra<\/figcaption><\/figure>\n<p class=\"wp-block-paragraph\"><em>As informa\u00e7\u00f5es s\u00e3o da Secretaria de Comunica\u00e7\u00e3o Social de Feira de Santana (Secom).<\/em><\/p>\n<p class=\"wp-block-paragraph\"><em>Siga o Acorda Cidade no<a href=\"https:\/\/news.google.com\/search?q=acorda%20cidade&amp;hl=pt-BR&amp;gl=BR&amp;ceid=BR%3Apt-419\" target=\"_blank\" rel=\"noreferrer noopener\">\u00a0Google Not\u00edcias<\/a>\u00a0e receba os principais destaques do dia.\u00a0Participe tamb\u00e9m dos nossos grupos no\u00a0<a href=\"https:\/\/chat.whatsapp.com\/Fj2agnR6CdwLEb9Uqew8QI\" target=\"_blank\" rel=\"noreferrer noopener\">WhatsApp<\/a>\u00a0e\u00a0<a href=\"https:\/\/t.me\/+sSz0khrgARA0ZmRh\" target=\"_blank\" rel=\"noreferrer noopener\">Telegram<\/a><\/em><a href=\"https:\/\/www.acordacidade.com.br\/colunas\/dilton-e-feito\/\"><\/a><\/p>\n<\/div>\n","protected":false},"excerpt":{"rendered":"<p>Foto: Danilo Guerra A Superintend\u00eancia Municipal de Tr\u00e2nsito (SMT) come\u00e7ou, na noite de ter\u00e7a-feira (1\u00ba),<\/p>\n","protected":false},"author":1,"featured_media":148613,"comment_status":"closed","ping_status":"closed","sticky":false,"template":"","format":"gallery","meta":{"footnotes":""},"categories":[8,9,6,57,56,10],"tags":[],"class_list":["post-148612","post","type-post","status-publish","format-gallery","has-post-thumbnail","hentry","category-bahia","category-brasil","category-feira-de-santana","category-mundo","category-policia","category-politica","post_format-post-format-gallery"],"featured_image_urls":{"full":["https:\/\/noticiasbahia360.com.br\/wp-content\/uploads\/2026\/09\/SMT-revitaliza-sinalizacao-horizontal-na-Av-Noide-Cerqueira.jpg",1200,799,false],"thumbnail":["https:\/\/noticiasbahia360.com.br\/wp-content\/uploads\/2026\/09\/SMT-revitaliza-sinalizacao-horizontal-na-Av-Noide-Cerqueira-150x150.jpg",150,150,true],"medium":["https:\/\/noticiasbahia360.com.br\/wp-content\/uploads\/2026\/09\/SMT-revitaliza-sinalizacao-horizontal-na-Av-Noide-Cerqueira-300x200.jpg",300,200,true],"medium_large":["https:\/\/noticiasbahia360.com.br\/wp-content\/uploads\/2026\/09\/SMT-revitaliza-sinalizacao-horizontal-na-Av-Noide-Cerqueira-768x511.jpg",640,426,true],"large":["https:\/\/noticiasbahia360.com.br\/wp-content\/uploads\/2026\/09\/SMT-revitaliza-sinalizacao-horizontal-na-Av-Noide-Cerqueira-1024x682.jpg",640,426,true],"1536x1536":["https:\/\/noticiasbahia360.com.br\/wp-content\/uploads\/2026\/09\/SMT-revitaliza-sinalizacao-horizontal-na-Av-Noide-Cerqueira.jpg",1200,799,false],"2048x2048":["https:\/\/noticiasbahia360.com.br\/wp-content\/uploads\/2026\/09\/SMT-revitaliza-sinalizacao-horizontal-na-Av-Noide-Cerqueira.jpg",1200,799,false],"chromenews-featured":["https:\/\/noticiasbahia360.com.br\/wp-content\/uploads\/2026\/09\/SMT-revitaliza-sinalizacao-horizontal-na-Av-Noide-Cerqueira-1024x682.jpg",1024,682,true],"chromenews-large":["https:\/\/noticiasbahia360.com.br\/wp-content\/uploads\/2026\/09\/SMT-revitaliza-sinalizacao-horizontal-na-Av-Noide-Cerqueira-825x575.jpg",825,575,true],"chromenews-medium":["https:\/\/noticiasbahia360.com.br\/wp-content\/uploads\/2026\/09\/SMT-revitaliza-sinalizacao-horizontal-na-Av-Noide-Cerqueira-590x410.jpg",590,410,true]},"author_info":{"display_name":"noticiasbahia360.com.br","author_link":"https:\/\/noticiasbahia360.com.br\/?author=1"},"category_info":"<a href=\"https:\/\/noticiasbahia360.com.br\/?cat=8\" rel=\"category\">Bahia<\/a> <a href=\"https:\/\/noticiasbahia360.com.br\/?cat=9\" rel=\"category\">Brasil<\/a> <a href=\"https:\/\/noticiasbahia360.com.br\/?cat=6\" rel=\"category\">Feira de Santana<\/a> <a href=\"https:\/\/noticiasbahia360.com.br\/?cat=57\" rel=\"category\">Mundo<\/a> <a href=\"https:\/\/noticiasbahia360.com.br\/?cat=56\" rel=\"category\">Pol\u00edcia<\/a> <a href=\"https:\/\/noticiasbahia360.com.br\/?cat=10\" rel=\"category\">Pol\u00edtica<\/a>","tag_info":"Pol\u00edtica","comment_count":"0","_links":{"self":[{"href":"https:\/\/noticiasbahia360.com.br\/index.php?rest_route=\/wp\/v2\/posts\/148612","targetHints":{"allow":["GET"]}}],"collection":[{"href":"https:\/\/noticiasbahia360.com.br\/index.php?rest_route=\/wp\/v2\/posts"}],"about":[{"href":"https:\/\/noticiasbahia360.com.br\/index.php?rest_route=\/wp\/v2\/types\/post"}],"author":[{"embeddable":true,"href":"https:\/\/noticiasbahia360.com.br\/index.php?rest_route=\/wp\/v2\/users\/1"}],"replies":[{"embeddable":true,"href":"https:\/\/noticiasbahia360.com.br\/index.php?rest_route=%2Fwp%2Fv2%2Fcomments&post=148612"}],"version-history":[{"count":0,"href":"https:\/\/noticiasbahia360.com.br\/index.php?rest_route=\/wp\/v2\/posts\/148612\/revisions"}],"wp:featuredmedia":[{"embeddable":true,"href":"https:\/\/noticiasbahia360.com.br\/index.php?rest_route=\/wp\/v2\/media\/148613"}],"wp:attachment":[{"href":"https:\/\/noticiasbahia360.com.br\/index.php?rest_route=%2Fwp%2Fv2%2Fmedia&parent=148612"}],"wp:term":[{"taxonomy":"category","embeddable":true,"href":"https:\/\/noticiasbahia360.com.br\/index.php?rest_route=%2Fwp%2Fv2%2Fcategories&post=148612"},{"taxonomy":"post_tag","embeddable":true,"href":"https:\/\/noticiasbahia360.com.br\/index.php?rest_route=%2Fwp%2Fv2%2Ftags&post=148612"}],"curies":[{"name":"wp","href":"https:\/\/api.w.org\/{rel}","templated":true}]}}