{"id":148622,"date":"2026-09-03T09:02:21","date_gmt":"2026-09-03T12:02:21","guid":{"rendered":"https:\/\/noticiasbahia360.com.br\/?p=148622"},"modified":"2026-09-03T09:02:21","modified_gmt":"2026-09-03T12:02:21","slug":"expofeira-2026-acesso-ao-parque-sera-apenas-pela-noide-cerqueira-br-324-nao-tera-entrada-liberada","status":"publish","type":"post","link":"https:\/\/noticiasbahia360.com.br\/?p=148622","title":{"rendered":"Expofeira 2026: acesso ao Parque ser\u00e1 apenas pela Noide Cerqueira; BR-324 n\u00e3o ter\u00e1 entrada liberada"},"content":{"rendered":"<div>\n<div>\n<figure><img decoding=\"async\" src=\"http:\/\/noticiasbahia360.com.br\/wp-content\/uploads\/2026\/09\/Avenida-Noide-Cerqueira-acesso-a-Expofeira.jpg\" alt=\"Avenida Noide Cerqueira, acesso \u00e0 Expofeira\"><figcaption>Foto: Gabriel Calazans<\/figcaption><\/figure>\n<\/div>\n<p class=\"wp-block-paragraph\">O acesso ao Parque de Exposi\u00e7\u00e3o Jo\u00e3o Martins da Silva durante a 47\u00aa Expofeira ser\u00e1 realizado exclusivamente pela Avenida Noide Cerqueira. A orienta\u00e7\u00e3o da Superintend\u00eancia Municipal de Tr\u00e2nsito (SMT) \u00e9 que motoristas e pedestres programem o deslocamento com anteced\u00eancia e n\u00e3o utilizem a BR-324 como rota de acesso ao evento, que vai come\u00e7ar no pr\u00f3ximo domingo (6) e seguir\u00e1 at\u00e9 o dia 13 de setembro.<\/p>\n<p class=\"wp-block-paragraph\">De acordo com o superintendente municipal de Tr\u00e2nsito, Ricardo Cunha, a \u00fanica exce\u00e7\u00e3o ser\u00e1 o transporte coletivo, que ter\u00e1 uma opera\u00e7\u00e3o espec\u00edfica para atender ao p\u00fablico do evento. \u201cTodo acesso \u00e0 Expofeira ser\u00e1 feito pela Avenida Noide Cerqueira. <strong>A \u00fanica exce\u00e7\u00e3o para acessar o Parque pela BR-324 \u00e9 via transporte coletivo<\/strong>\u201d, explicou Ricardo.<\/p>\n<figure class=\"wp-block-image size-full\"><img fetchpriority=\"high\" fetchpriority=\"high\" decoding=\"async\" width=\"1200\" height=\"800\" src=\"http:\/\/noticiasbahia360.com.br\/wp-content\/uploads\/2026\/09\/Entrada-para-o-parque-de-exposicoes-Foto-Gabriel-Calazans-6.jpg\" alt=\"Entrada para o parque de exposicoes \" class=\"wp-image-687444\" srcset=\"http:\/\/noticiasbahia360.com.br\/wp-content\/uploads\/2026\/09\/Entrada-para-o-parque-de-exposicoes-Foto-Gabriel-Calazans-6.jpg 1200w, https:\/\/uploads.acordacidade.com.br\/2026\/09\/Entrada-para-o-parque-de-exposicoes-Foto-Gabriel-Calazans-6-750x500.jpg 750w, https:\/\/uploads.acordacidade.com.br\/2026\/09\/Entrada-para-o-parque-de-exposicoes-Foto-Gabriel-Calazans-6-1000x667.jpg 1000w, https:\/\/uploads.acordacidade.com.br\/2026\/09\/Entrada-para-o-parque-de-exposicoes-Foto-Gabriel-Calazans-6-450x300.jpg 450w, https:\/\/uploads.acordacidade.com.br\/2026\/09\/Entrada-para-o-parque-de-exposicoes-Foto-Gabriel-Calazans-6-150x100.jpg 150w\" sizes=\"(max-width: 1200px) 100vw, 1200px\"><figcaption class=\"wp-element-caption\">Foto: Gabriel Calazans<\/figcaption><\/figure>\n<h2 id=\"h-br-324-nao-dara-acesso-ao-parque\" class=\"wp-block-heading\">BR-324 n\u00e3o dar\u00e1 acesso ao Parque<\/h2>\n<p class=\"wp-block-paragraph\">A SMT refor\u00e7a que nenhum tipo de acesso ao Parque de Exposi\u00e7\u00e3o ser\u00e1 realizado pela BR-324. A recomenda\u00e7\u00e3o tamb\u00e9m vale para quem pretende estacionar nas proximidades da rodovia.<\/p>\n<p class=\"wp-block-paragraph\">De acordo com Ricardo Cunha, a Pol\u00edcia Rodovi\u00e1ria Federal (PRF) informou \u00e0 SMT que realizar\u00e1 fiscaliza\u00e7\u00e3o ativa durante o per\u00edodo da Expofeira. \u201cTodos que insistirem em estacionar seus ve\u00edculos em locais n\u00e3o permitidos ter\u00e3o seus ve\u00edculos notificados e levados para o p\u00e1tio que tem conv\u00eanio com a PRF\u201d, alertou o superintendente.<\/p>\n<p class=\"wp-block-paragraph\">A orienta\u00e7\u00e3o da SMT \u00e9 para que os visitantes evitem estacionar em locais proibidos e utilizem os espa\u00e7os destinados ao estacionamento (veja mais informa\u00e7\u00f5es adiante), contribuindo para a seguran\u00e7a e a fluidez do tr\u00e2nsito.<\/p>\n<h2 id=\"h-estacionamento\" class=\"wp-block-heading\">Estacionamento<\/h2>\n<p class=\"wp-block-paragraph\">A organiza\u00e7\u00e3o dos estacionamentos \u00e9 uma das estrat\u00e9gias adotadas pela SMT para melhorar o acesso ao Parque. Segundo Ricardo Cunha, a experi\u00eancia de edi\u00e7\u00f5es anteriores mostrou que a dificuldade para estacionar era um dos principais fatores que contribu\u00edam para os congestionamentos.<\/p>\n<p class=\"wp-block-paragraph\">\u201cNo ano passado conseguimos resolver v\u00e1rios problemas. T\u00ednhamos um congestionamento grande nesse per\u00edodo. Identificamos que o maior deles era estacionamento\u201d, afirmou o superintendente.<\/p>\n<p class=\"wp-block-paragraph\">Segundo ele, interven\u00e7\u00f5es foram realizadas, o que resultou em uma \u201credu\u00e7\u00e3o de quase 50% no tempo de espera dos visitantes que buscavam acessar o Parque de Exposi\u00e7\u00e3o\u201d, lembrou Ricardo.<\/p>\n<p class=\"wp-block-paragraph\">J\u00e1 para este ano, a Prefeitura, atrav\u00e9s da SMT, estimulou a implanta\u00e7\u00e3o de estacionamentos privados no entorno do Parque. Conforme o superintendente, tr\u00eas pontos j\u00e1 foram identificados e dever\u00e3o ampliar significativamente a capacidade de estacionamento na regi\u00e3o.<\/p>\n<h2 id=\"h-orientacao\" class=\"wp-block-heading\">Orienta\u00e7\u00e3o<\/h2>\n<p class=\"wp-block-paragraph\">Uma orienta\u00e7\u00e3o considerada fundamental pela SMT diz respeito \u00e0 forma de cobran\u00e7a nos estacionamentos privados. O pagamento n\u00e3o deve ser realizado na entrada dos ve\u00edculos, diretamente na via, evitando a forma\u00e7\u00e3o de filas na Avenida Noide Cerqueira.<\/p>\n<p class=\"wp-block-paragraph\">\u201cO que sempre estamos passando para essas pessoas \u00e9 que, de maneira alguma, haja cobran\u00e7a na entrada do ve\u00edculo. A cobran\u00e7a deve ser realizada dentro do estacionamento\u201d, explicou Ricardo Cunha.<\/p>\n<p class=\"wp-block-paragraph\">Segundo ele, a medida tem como objetivo evitar que ve\u00edculos parem na avenida para efetuar o pagamento e acabem provocando reten\u00e7\u00f5es que prejudiquem tanto quem est\u00e1 indo para a Expofeira quanto os demais usu\u00e1rios da Noide Cerqueira.<\/p>\n<p class=\"wp-block-paragraph\"><em>As informa\u00e7\u00f5es s\u00e3o da Secretaria de Comunica\u00e7\u00e3o Social de Feira de Santana (Secom).<\/em><\/p>\n<p class=\"wp-block-paragraph\"><strong>Leia tamb\u00e9m:<\/strong><\/p>\n<p class=\"wp-block-paragraph\"><a href=\"https:\/\/www.acordacidade.com.br\/feira-de-santana\/expofeira-entrada-de-pedestres-pela-br-324-ao-parque-de-exposicao-sera-proibida-entenda\/\" data-type=\"link\" data-id=\"https:\/\/www.acordacidade.com.br\/feira-de-santana\/expofeira-entrada-de-pedestres-pela-br-324-ao-parque-de-exposicao-sera-proibida-entenda\/\">Expofeira: entrada de pedestres pela BR-324 ao Parque de Exposi\u00e7\u00e3o ser\u00e1 proibida; entenda<\/a><\/p>\n<p class=\"wp-block-paragraph\"><em>Siga o Acorda Cidade no<a href=\"https:\/\/news.google.com\/search?q=acorda%20cidade&amp;hl=pt-BR&amp;gl=BR&amp;ceid=BR%3Apt-419\" target=\"_blank\" rel=\"noreferrer noopener\">\u00a0Google Not\u00edcias<\/a>\u00a0e receba os principais destaques do dia.\u00a0Participe tamb\u00e9m dos nossos grupos no\u00a0<a href=\"https:\/\/chat.whatsapp.com\/Fj2agnR6CdwLEb9Uqew8QI\" target=\"_blank\" rel=\"noreferrer noopener\">WhatsApp<\/a>\u00a0e\u00a0<a href=\"https:\/\/t.me\/+sSz0khrgARA0ZmRh\" target=\"_blank\" rel=\"noreferrer noopener\">Telegram<\/a><\/em><\/p>\n<\/div>\n","protected":false},"excerpt":{"rendered":"<p>Foto: Gabriel Calazans O acesso ao Parque de Exposi\u00e7\u00e3o Jo\u00e3o Martins da Silva durante a<\/p>\n","protected":false},"author":1,"featured_media":148623,"comment_status":"closed","ping_status":"closed","sticky":false,"template":"","format":"gallery","meta":{"footnotes":""},"categories":[8,9,6,57,56,10],"tags":[],"class_list":["post-148622","post","type-post","status-publish","format-gallery","has-post-thumbnail","hentry","category-bahia","category-brasil","category-feira-de-santana","category-mundo","category-policia","category-politica","post_format-post-format-gallery"],"featured_image_urls":{"full":["https:\/\/noticiasbahia360.com.br\/wp-content\/uploads\/2026\/09\/Avenida-Noide-Cerqueira-acesso-a-Expofeira.jpg",1200,799,false],"thumbnail":["https:\/\/noticiasbahia360.com.br\/wp-content\/uploads\/2026\/09\/Avenida-Noide-Cerqueira-acesso-a-Expofeira-150x150.jpg",150,150,true],"medium":["https:\/\/noticiasbahia360.com.br\/wp-content\/uploads\/2026\/09\/Avenida-Noide-Cerqueira-acesso-a-Expofeira-300x200.jpg",300,200,true],"medium_large":["https:\/\/noticiasbahia360.com.br\/wp-content\/uploads\/2026\/09\/Avenida-Noide-Cerqueira-acesso-a-Expofeira-768x511.jpg",640,426,true],"large":["https:\/\/noticiasbahia360.com.br\/wp-content\/uploads\/2026\/09\/Avenida-Noide-Cerqueira-acesso-a-Expofeira-1024x682.jpg",640,426,true],"1536x1536":["https:\/\/noticiasbahia360.com.br\/wp-content\/uploads\/2026\/09\/Avenida-Noide-Cerqueira-acesso-a-Expofeira.jpg",1200,799,false],"2048x2048":["https:\/\/noticiasbahia360.com.br\/wp-content\/uploads\/2026\/09\/Avenida-Noide-Cerqueira-acesso-a-Expofeira.jpg",1200,799,false],"chromenews-featured":["https:\/\/noticiasbahia360.com.br\/wp-content\/uploads\/2026\/09\/Avenida-Noide-Cerqueira-acesso-a-Expofeira-1024x682.jpg",1024,682,true],"chromenews-large":["https:\/\/noticiasbahia360.com.br\/wp-content\/uploads\/2026\/09\/Avenida-Noide-Cerqueira-acesso-a-Expofeira-825x575.jpg",825,575,true],"chromenews-medium":["https:\/\/noticiasbahia360.com.br\/wp-content\/uploads\/2026\/09\/Avenida-Noide-Cerqueira-acesso-a-Expofeira-590x410.jpg",590,410,true]},"author_info":{"display_name":"noticiasbahia360.com.br","author_link":"https:\/\/noticiasbahia360.com.br\/?author=1"},"category_info":"<a href=\"https:\/\/noticiasbahia360.com.br\/?cat=8\" rel=\"category\">Bahia<\/a> <a href=\"https:\/\/noticiasbahia360.com.br\/?cat=9\" rel=\"category\">Brasil<\/a> <a href=\"https:\/\/noticiasbahia360.com.br\/?cat=6\" rel=\"category\">Feira de Santana<\/a> <a href=\"https:\/\/noticiasbahia360.com.br\/?cat=57\" rel=\"category\">Mundo<\/a> <a href=\"https:\/\/noticiasbahia360.com.br\/?cat=56\" rel=\"category\">Pol\u00edcia<\/a> <a href=\"https:\/\/noticiasbahia360.com.br\/?cat=10\" rel=\"category\">Pol\u00edtica<\/a>","tag_info":"Pol\u00edtica","comment_count":"0","_links":{"self":[{"href":"https:\/\/noticiasbahia360.com.br\/index.php?rest_route=\/wp\/v2\/posts\/148622","targetHints":{"allow":["GET"]}}],"collection":[{"href":"https:\/\/noticiasbahia360.com.br\/index.php?rest_route=\/wp\/v2\/posts"}],"about":[{"href":"https:\/\/noticiasbahia360.com.br\/index.php?rest_route=\/wp\/v2\/types\/post"}],"author":[{"embeddable":true,"href":"https:\/\/noticiasbahia360.com.br\/index.php?rest_route=\/wp\/v2\/users\/1"}],"replies":[{"embeddable":true,"href":"https:\/\/noticiasbahia360.com.br\/index.php?rest_route=%2Fwp%2Fv2%2Fcomments&post=148622"}],"version-history":[{"count":0,"href":"https:\/\/noticiasbahia360.com.br\/index.php?rest_route=\/wp\/v2\/posts\/148622\/revisions"}],"wp:featuredmedia":[{"embeddable":true,"href":"https:\/\/noticiasbahia360.com.br\/index.php?rest_route=\/wp\/v2\/media\/148623"}],"wp:attachment":[{"href":"https:\/\/noticiasbahia360.com.br\/index.php?rest_route=%2Fwp%2Fv2%2Fmedia&parent=148622"}],"wp:term":[{"taxonomy":"category","embeddable":true,"href":"https:\/\/noticiasbahia360.com.br\/index.php?rest_route=%2Fwp%2Fv2%2Fcategories&post=148622"},{"taxonomy":"post_tag","embeddable":true,"href":"https:\/\/noticiasbahia360.com.br\/index.php?rest_route=%2Fwp%2Fv2%2Ftags&post=148622"}],"curies":[{"name":"wp","href":"https:\/\/api.w.org\/{rel}","templated":true}]}}