{"id":148625,"date":"2026-09-03T09:02:23","date_gmt":"2026-09-03T12:02:23","guid":{"rendered":"https:\/\/noticiasbahia360.com.br\/?p=148625"},"modified":"2026-09-03T09:02:23","modified_gmt":"2026-09-03T12:02:23","slug":"lula-sanciona-lei-que-amplia-oferta-de-tromboliticos-no-sus-para-casos-de-infarto-e-avc","status":"publish","type":"post","link":"https:\/\/noticiasbahia360.com.br\/?p=148625","title":{"rendered":"Lula sanciona lei que amplia oferta de trombol\u00edticos no SUS para casos de infarto e AVC"},"content":{"rendered":"<div>\n<div>\n<figure><img decoding=\"async\" src=\"http:\/\/noticiasbahia360.com.br\/wp-content\/uploads\/2026\/09\/ministro-da-Saude-Alexandre-Padilha.jpg\" alt=\"Ministro da Sa\u00fade, Alexandre Padilha\"><figcaption>Ministro da Sa\u00fade, Alexandre Padilha | Foto:  Jo\u00e3o Risi\/ MS<\/figcaption><\/figure>\n<\/div>\n<p class=\"wp-block-paragraph\">O presidente da Rep\u00fablica, Luiz In\u00e1cio Lula da Silva, sancionou nesta quarta-feira (2), o Projeto de Lei n\u00ba 5.972\/2023, que prev\u00ea a amplia\u00e7\u00e3o da oferta de medicamentos trombol\u00edticos na rede de urg\u00eancia e emerg\u00eancia no\u00a0<a href=\"https:\/\/www.gov.br\/saude\/pt-br\/sus\">Sistema \u00danico de Sa\u00fade (SUS)<\/a>, incluindo as Unidades de Pronto Atendimento (UPAs).\u00a0Esses medicamentos s\u00e3o utilizados para dissolver os co\u00e1gulos que podem causar Infarto Agudo do Mioc\u00e1rdio (IAM) e Acidente Vascular Cerebral (AVC) isqu\u00eamico e, quando administrados rapidamente, podem salvar vidas e reduzir o risco de sequelas.<\/p>\n<p class=\"wp-block-paragraph\">Durante a cerim\u00f4nia, o ministro da Sa\u00fade, Alexandre Padilha, assinou a portaria que institui o Comit\u00ea de acompanhamento da Implementa\u00e7\u00e3o das Linhas de Cuidado dos Agravos Cerebrovasculares e Cardiovasculares Tempo-Dependentes: AVC e IAM, no \u00e2mbito do Minist\u00e9rio da Sa\u00fade. \u00a0O grupo ser\u00e1 respons\u00e1vel por analisar e propor a\u00e7\u00f5es para tornar os medicamentos mais acess\u00edveis e qualificar a assist\u00eancia aos pacientes.<\/p>\n<p class=\"wp-block-paragraph\">Padilha destacou que o comit\u00ea ter\u00e1 como foco tornar mais \u00e1gil a jornada do paciente na rede de urg\u00eancia e emerg\u00eancia.\u00a0\u201cNos casos de infarto e AVC, cada minuto conta. Vamos trabalhar com especialistas, estados e munic\u00edpios para transformar a lei em atendimento mais r\u00e1pido, desde o diagn\u00f3stico at\u00e9 a chegada do paciente \u00e0 unidade de refer\u00eancia. Esse tempo que conseguimos reduzir pode representar uma vida salva\u201d, destacou o ministro.<\/p>\n<p class=\"wp-block-paragraph\">Atualmente, os protocolos do SUS j\u00e1 preveem o uso de trombol\u00edticos nos servi\u00e7os de urg\u00eancia e emerg\u00eancia, incluindo as UPAs. No entanto, a aquisi\u00e7\u00e3o desses medicamentos \u00e9 realizada pelos gestores locais. O comit\u00ea avaliar\u00e1 estrat\u00e9gias para aprimorar a oferta e ampliar a disponibilidade desses medicamentos na rede p\u00fablica.<\/p>\n<p class=\"wp-block-paragraph\">O Brasil registra entre 300 mil e 400 mil casos de infarto por ano. Em 2025, o SUS tamb\u00e9m contabilizou 292 mil atendimentos por Acidente Vascular Cerebral (AVC), dos quais 218 mil foram relacionados ao AVC isqu\u00eamico.<\/p>\n<p class=\"wp-block-paragraph\">Os medicamentos trombol\u00edticos podem ser utilizados tanto no<a href=\"https:\/\/www.gov.br\/saude\/pt-br\/assuntos\/saude-de-a-a-z\/i\/infarto\">\u00a0Infarto Agudo do Mioc\u00e1rdio (IAM)<\/a>\u00a0quanto no\u00a0<a href=\"https:\/\/www.gov.br\/saude\/pt-br\/assuntos\/saude-de-a-a-z\/a\/avc\">Acidente Vascular Cerebral (AVC) isqu\u00eamico<\/a>, conforme avalia\u00e7\u00e3o cl\u00ednica. Eles atuam na dissolu\u00e7\u00e3o dos trombos que obstruem os vasos sangu\u00edneos, ajudando a restabelecer a circula\u00e7\u00e3o do sangue.<\/p>\n<p class=\"wp-block-paragraph\">A rapidez no diagn\u00f3stico e no in\u00edcio da terapia aumenta as chances de sobreviv\u00eancia e reduz o risco de sequelas. Nos casos de infarto, o uso do trombol\u00edtico pode ser indicado principalmente quando procedimentos de maior complexidade, como a angioplastia, n\u00e3o est\u00e3o dispon\u00edveis no tempo recomendado. Assim, o paciente pode receber o medicamento enquanto a continuidade do cuidado \u00e9 organizada na rede.<\/p>\n<p class=\"wp-block-paragraph\">O SUS j\u00e1 conta com uma linha de cuidado para o infarto agudo do mioc\u00e1rdio e o AVC, com protocolos para diagn\u00f3stico e tratamento. No caso do infarto, a assist\u00eancia inclui o acesso \u00e0 reperfus\u00e3o, procedimento destinado a restabelecer o fluxo sangu\u00edneo. Os trombol\u00edticos integram esse atendimento e tamb\u00e9m podem ser utilizados pelo\u00a0<a href=\"https:\/\/www.gov.br\/saude\/pt-br\/composicao\/saes\/samu-192\">Servi\u00e7o de Atendimento M\u00f3vel e Urg\u00eancia (Samu192)<\/a>, conforme indica\u00e7\u00e3o cl\u00ednica.<\/p>\n<p class=\"wp-block-paragraph\">Muitas pessoas com sinais de infarto procuram diretamente a unidade de sa\u00fade mais pr\u00f3xima, que, em diversos munic\u00edpios, \u00e9 uma UPA. Nessas unidades, as equipes podem fazer o diagn\u00f3stico, avaliar a indica\u00e7\u00e3o cl\u00ednica e, quando necess\u00e1rio, iniciar o tratamento com trombol\u00edticos. A nova lei permitir\u00e1 avaliar formas de apoiar e aprimorar essa oferta, aproximando o tratamento da popula\u00e7\u00e3o.<\/p>\n<p class=\"wp-block-paragraph\"><strong>Uso de trombol\u00edticos pelo Samu 192<\/strong><\/p>\n<p class=\"wp-block-paragraph\">Desde 2014, o Minist\u00e9rio da Sa\u00fade possibilita, por meio da Portaria n\u00ba 2.777\/2014, o repasse de recursos para o uso do trombol\u00edtico tenecteplase pelo SAMU 192. O medicamento pode ser administrado nas Unidades de Suporte Avan\u00e7ado de Vida habilitadas, ap\u00f3s avalia\u00e7\u00e3o da equipe de sa\u00fade e conforme os protocolos assistenciais.<\/p>\n<p class=\"wp-block-paragraph\">Atualmente, 102 unidades do SAMU 192 est\u00e3o habilitadas para receber o recurso em sete estados. O Cear\u00e1 concentra 28 unidades, seguido por Minas Gerais, com 22; Sergipe, com 16; Rio Grande do Norte, com 13; Bahia, com 12; S\u00e3o Paulo, com nove; e Para\u00edba, com duas.<\/p>\n<p class=\"wp-block-paragraph\">Em 2025, foram registradas 861 aplica\u00e7\u00f5es de tenecteplase pelo Samu 192 em todo o pa\u00eds. O aprimoramento da oferta do medicamento poder\u00e1 ampliar o n\u00famero de unidades da rede de urg\u00eancia e emerg\u00eancia, incluindo as UPAs, preparadas para iniciar o atendimento. Assim, pacientes que vivem em localidades com acesso mais limitado a procedimentos de maior complexidade poder\u00e3o receber o trombol\u00edtico em tempo oportuno e ganhar tempo at\u00e9 a chegada \u00e0 unidade de refer\u00eancia para a continuidade do tratamento.<\/p>\n<p class=\"wp-block-paragraph\"><em>Siga o Acorda Cidade no<a href=\"https:\/\/news.google.com\/search?q=acorda%20cidade&amp;hl=pt-BR&amp;gl=BR&amp;ceid=BR%3Apt-419\" target=\"_blank\" rel=\"noreferrer noopener\">\u00a0Google Not\u00edcias<\/a>\u00a0e receba os principais destaques do dia.\u00a0Participe tamb\u00e9m dos nossos grupos no\u00a0<a href=\"https:\/\/chat.whatsapp.com\/Fj2agnR6CdwLEb9Uqew8QI\" target=\"_blank\" rel=\"noreferrer noopener\">WhatsApp<\/a>\u00a0e\u00a0<a href=\"https:\/\/t.me\/+sSz0khrgARA0ZmRh\" target=\"_blank\" rel=\"noreferrer noopener\">Telegram<\/a><\/em><a href=\"https:\/\/www.acordacidade.com.br\/colunas\/dilton-e-feito\/\"><\/a><\/p>\n<\/div>\n","protected":false},"excerpt":{"rendered":"<p>Ministro da Sa\u00fade, Alexandre Padilha | Foto: Jo\u00e3o Risi\/ MS O presidente da Rep\u00fablica, Luiz<\/p>\n","protected":false},"author":1,"featured_media":148626,"comment_status":"closed","ping_status":"closed","sticky":false,"template":"","format":"gallery","meta":{"footnotes":""},"categories":[8,9,6,57,56,10],"tags":[],"class_list":["post-148625","post","type-post","status-publish","format-gallery","has-post-thumbnail","hentry","category-bahia","category-brasil","category-feira-de-santana","category-mundo","category-policia","category-politica","post_format-post-format-gallery"],"featured_image_urls":{"full":["https:\/\/noticiasbahia360.com.br\/wp-content\/uploads\/2026\/09\/ministro-da-Saude-Alexandre-Padilha.jpg",1200,755,false],"thumbnail":["https:\/\/noticiasbahia360.com.br\/wp-content\/uploads\/2026\/09\/ministro-da-Saude-Alexandre-Padilha-150x150.jpg",150,150,true],"medium":["https:\/\/noticiasbahia360.com.br\/wp-content\/uploads\/2026\/09\/ministro-da-Saude-Alexandre-Padilha-300x189.jpg",300,189,true],"medium_large":["https:\/\/noticiasbahia360.com.br\/wp-content\/uploads\/2026\/09\/ministro-da-Saude-Alexandre-Padilha-768x483.jpg",640,403,true],"large":["https:\/\/noticiasbahia360.com.br\/wp-content\/uploads\/2026\/09\/ministro-da-Saude-Alexandre-Padilha-1024x644.jpg",640,403,true],"1536x1536":["https:\/\/noticiasbahia360.com.br\/wp-content\/uploads\/2026\/09\/ministro-da-Saude-Alexandre-Padilha.jpg",1200,755,false],"2048x2048":["https:\/\/noticiasbahia360.com.br\/wp-content\/uploads\/2026\/09\/ministro-da-Saude-Alexandre-Padilha.jpg",1200,755,false],"chromenews-featured":["https:\/\/noticiasbahia360.com.br\/wp-content\/uploads\/2026\/09\/ministro-da-Saude-Alexandre-Padilha-1024x644.jpg",1024,644,true],"chromenews-large":["https:\/\/noticiasbahia360.com.br\/wp-content\/uploads\/2026\/09\/ministro-da-Saude-Alexandre-Padilha-825x575.jpg",825,575,true],"chromenews-medium":["https:\/\/noticiasbahia360.com.br\/wp-content\/uploads\/2026\/09\/ministro-da-Saude-Alexandre-Padilha-590x410.jpg",590,410,true]},"author_info":{"display_name":"noticiasbahia360.com.br","author_link":"https:\/\/noticiasbahia360.com.br\/?author=1"},"category_info":"<a href=\"https:\/\/noticiasbahia360.com.br\/?cat=8\" rel=\"category\">Bahia<\/a> <a href=\"https:\/\/noticiasbahia360.com.br\/?cat=9\" rel=\"category\">Brasil<\/a> <a href=\"https:\/\/noticiasbahia360.com.br\/?cat=6\" rel=\"category\">Feira de Santana<\/a> <a href=\"https:\/\/noticiasbahia360.com.br\/?cat=57\" rel=\"category\">Mundo<\/a> <a href=\"https:\/\/noticiasbahia360.com.br\/?cat=56\" rel=\"category\">Pol\u00edcia<\/a> <a href=\"https:\/\/noticiasbahia360.com.br\/?cat=10\" rel=\"category\">Pol\u00edtica<\/a>","tag_info":"Pol\u00edtica","comment_count":"0","_links":{"self":[{"href":"https:\/\/noticiasbahia360.com.br\/index.php?rest_route=\/wp\/v2\/posts\/148625","targetHints":{"allow":["GET"]}}],"collection":[{"href":"https:\/\/noticiasbahia360.com.br\/index.php?rest_route=\/wp\/v2\/posts"}],"about":[{"href":"https:\/\/noticiasbahia360.com.br\/index.php?rest_route=\/wp\/v2\/types\/post"}],"author":[{"embeddable":true,"href":"https:\/\/noticiasbahia360.com.br\/index.php?rest_route=\/wp\/v2\/users\/1"}],"replies":[{"embeddable":true,"href":"https:\/\/noticiasbahia360.com.br\/index.php?rest_route=%2Fwp%2Fv2%2Fcomments&post=148625"}],"version-history":[{"count":0,"href":"https:\/\/noticiasbahia360.com.br\/index.php?rest_route=\/wp\/v2\/posts\/148625\/revisions"}],"wp:featuredmedia":[{"embeddable":true,"href":"https:\/\/noticiasbahia360.com.br\/index.php?rest_route=\/wp\/v2\/media\/148626"}],"wp:attachment":[{"href":"https:\/\/noticiasbahia360.com.br\/index.php?rest_route=%2Fwp%2Fv2%2Fmedia&parent=148625"}],"wp:term":[{"taxonomy":"category","embeddable":true,"href":"https:\/\/noticiasbahia360.com.br\/index.php?rest_route=%2Fwp%2Fv2%2Fcategories&post=148625"},{"taxonomy":"post_tag","embeddable":true,"href":"https:\/\/noticiasbahia360.com.br\/index.php?rest_route=%2Fwp%2Fv2%2Ftags&post=148625"}],"curies":[{"name":"wp","href":"https:\/\/api.w.org\/{rel}","templated":true}]}}