{"id":148627,"date":"2026-09-03T10:04:51","date_gmt":"2026-09-03T13:04:51","guid":{"rendered":"https:\/\/noticiasbahia360.com.br\/?p=148627"},"modified":"2026-09-03T10:04:51","modified_gmt":"2026-09-03T13:04:51","slug":"stf-derruba-suspensao-e-libera-campanha-digital-de-wilson-grassi-na-internet","status":"publish","type":"post","link":"https:\/\/noticiasbahia360.com.br\/?p=148627","title":{"rendered":"STF derruba suspens\u00e3o e libera campanha digital de Wilson Grassi na internet"},"content":{"rendered":"<div>\n<div>\n<figure><img decoding=\"async\" src=\"http:\/\/noticiasbahia360.com.br\/wp-content\/uploads\/2026\/09\/Wilson-Grassi.webp\" alt=\"STF derruba suspens\u00e3o e libera campanha digital de Wilson Grassi na internet\"><figcaption>Foto: Instagram\/veterinariowilsongrassioficial<\/figcaption><\/figure>\n<\/div>\n<p class=\"wp-block-paragraph\">Ag\u00eancia  Brasil \u2013 <strong>O ministro Dias Toffoli, do Tribunal Superior Eleitoral (TSE), liberou nesta quarta-feira (2)\u00a0a propaganda eleitoral do candidato \u00e0 Presid\u00eancia Wilson Grassi\u00a0(Democrata) na internet.\u00a0<\/strong><img decoding=\"async\" src=\"https:\/\/agenciabrasil.ebc.com.br\/ebc.png?id=1701414&amp;o=node\"><img decoding=\"async\" src=\"https:\/\/agenciabrasil.ebc.com.br\/ebc.gif?id=1701414&amp;o=node\"><\/p>\n<p class=\"wp-block-paragraph\">Na \u00faltima segunda-feira, o ministro determinou a suspens\u00e3o da campanha digital ap\u00f3s indicar que o candidato informou \u00e0 Justi\u00e7a Eleitoral oito perfis nas redes sociais 17 dias ap\u00f3s o requerimento de registro de candidatura.<\/p>\n<p class=\"wp-block-paragraph\">De acordo com a Lei das Elei\u00e7\u00f5es, partidos e candidatos devem informar os endere\u00e7os eletr\u00f4nicos que ser\u00e3o usados na campanha, incluindo blogs e redes sociais.<\/p>\n<p class=\"wp-block-paragraph\">A partir da indica\u00e7\u00e3o, as plataformas que operam as redes sociais n\u00e3o podem usar algoritmos para recomendar os perfis aos usu\u00e1rios.\u00a0<\/p>\n<p class=\"wp-block-paragraph\">Ao rever sua pr\u00f3pria decis\u00e3o,\u00a0<strong>Toffoli disse que a defesa do candidato prestou os esclarecimentos solicitados e admitiu que usa mecanismo de espelhamento entre contas do Facebook e no Instagram para aumentar o alcance as postagens.<\/strong><\/p>\n<p class=\"wp-block-paragraph\">\u201cQualquer dos perfis espelhados, que n\u00e3o tenha devidamente sido exclu\u00eddo dos sistemas de recomenda\u00e7\u00e3o, permite que conte\u00fados eleitorais escapem dos filtros de cada plataforma\u201d, afirmou.<\/p>\n<p class=\"wp-block-paragraph\">Com a nova decis\u00e3o,<strong>\u00a0o candidato tamb\u00e9m voltar\u00e1 a receber repasses do Fundo Especial de Financiamento de Campanha (FEFC) e poder\u00e1 participar de debates que forem realizados em televis\u00e3o, r\u00e1dio e podcasts.<\/strong><\/p>\n<p class=\"wp-block-paragraph\"><em>Siga o Acorda Cidade no<a href=\"https:\/\/news.google.com\/search?q=acorda%20cidade&amp;hl=pt-BR&amp;gl=BR&amp;ceid=BR%3Apt-419\" target=\"_blank\" rel=\"noreferrer noopener\">\u00a0Google Not\u00edcias<\/a>\u00a0e receba os principais destaques do dia.\u00a0Participe tamb\u00e9m dos nossos grupos no\u00a0<a href=\"https:\/\/chat.whatsapp.com\/Fj2agnR6CdwLEb9Uqew8QI\" target=\"_blank\" rel=\"noreferrer noopener\">WhatsApp<\/a>\u00a0e\u00a0<a href=\"https:\/\/t.me\/+sSz0khrgARA0ZmRh\" target=\"_blank\" rel=\"noreferrer noopener\">Telegram<\/a><\/em><a href=\"https:\/\/www.acordacidade.com.br\/colunas\/dilton-e-feito\/\"><\/a><\/p>\n<\/div>\n","protected":false},"excerpt":{"rendered":"<p>Foto: Instagram\/veterinariowilsongrassioficial Ag\u00eancia Brasil \u2013 O ministro Dias Toffoli, do Tribunal Superior Eleitoral (TSE), liberou<\/p>\n","protected":false},"author":1,"featured_media":148628,"comment_status":"closed","ping_status":"closed","sticky":false,"template":"","format":"gallery","meta":{"footnotes":""},"categories":[8,9,6,57,56,10],"tags":[],"class_list":["post-148627","post","type-post","status-publish","format-gallery","has-post-thumbnail","hentry","category-bahia","category-brasil","category-feira-de-santana","category-mundo","category-policia","category-politica","post_format-post-format-gallery"],"featured_image_urls":{"full":["https:\/\/noticiasbahia360.com.br\/wp-content\/uploads\/2026\/09\/Wilson-Grassi.webp",1200,718,false],"thumbnail":["https:\/\/noticiasbahia360.com.br\/wp-content\/uploads\/2026\/09\/Wilson-Grassi-150x150.webp",150,150,true],"medium":["https:\/\/noticiasbahia360.com.br\/wp-content\/uploads\/2026\/09\/Wilson-Grassi-300x180.webp",300,180,true],"medium_large":["https:\/\/noticiasbahia360.com.br\/wp-content\/uploads\/2026\/09\/Wilson-Grassi-768x460.webp",640,383,true],"large":["https:\/\/noticiasbahia360.com.br\/wp-content\/uploads\/2026\/09\/Wilson-Grassi-1024x613.webp",640,383,true],"1536x1536":["https:\/\/noticiasbahia360.com.br\/wp-content\/uploads\/2026\/09\/Wilson-Grassi.webp",1200,718,false],"2048x2048":["https:\/\/noticiasbahia360.com.br\/wp-content\/uploads\/2026\/09\/Wilson-Grassi.webp",1200,718,false],"chromenews-featured":["https:\/\/noticiasbahia360.com.br\/wp-content\/uploads\/2026\/09\/Wilson-Grassi-1024x613.webp",1024,613,true],"chromenews-large":["https:\/\/noticiasbahia360.com.br\/wp-content\/uploads\/2026\/09\/Wilson-Grassi-825x575.webp",825,575,true],"chromenews-medium":["https:\/\/noticiasbahia360.com.br\/wp-content\/uploads\/2026\/09\/Wilson-Grassi-590x410.webp",590,410,true]},"author_info":{"display_name":"noticiasbahia360.com.br","author_link":"https:\/\/noticiasbahia360.com.br\/?author=1"},"category_info":"<a href=\"https:\/\/noticiasbahia360.com.br\/?cat=8\" rel=\"category\">Bahia<\/a> <a href=\"https:\/\/noticiasbahia360.com.br\/?cat=9\" rel=\"category\">Brasil<\/a> <a href=\"https:\/\/noticiasbahia360.com.br\/?cat=6\" rel=\"category\">Feira de Santana<\/a> <a href=\"https:\/\/noticiasbahia360.com.br\/?cat=57\" rel=\"category\">Mundo<\/a> <a href=\"https:\/\/noticiasbahia360.com.br\/?cat=56\" rel=\"category\">Pol\u00edcia<\/a> <a href=\"https:\/\/noticiasbahia360.com.br\/?cat=10\" rel=\"category\">Pol\u00edtica<\/a>","tag_info":"Pol\u00edtica","comment_count":"0","_links":{"self":[{"href":"https:\/\/noticiasbahia360.com.br\/index.php?rest_route=\/wp\/v2\/posts\/148627","targetHints":{"allow":["GET"]}}],"collection":[{"href":"https:\/\/noticiasbahia360.com.br\/index.php?rest_route=\/wp\/v2\/posts"}],"about":[{"href":"https:\/\/noticiasbahia360.com.br\/index.php?rest_route=\/wp\/v2\/types\/post"}],"author":[{"embeddable":true,"href":"https:\/\/noticiasbahia360.com.br\/index.php?rest_route=\/wp\/v2\/users\/1"}],"replies":[{"embeddable":true,"href":"https:\/\/noticiasbahia360.com.br\/index.php?rest_route=%2Fwp%2Fv2%2Fcomments&post=148627"}],"version-history":[{"count":0,"href":"https:\/\/noticiasbahia360.com.br\/index.php?rest_route=\/wp\/v2\/posts\/148627\/revisions"}],"wp:featuredmedia":[{"embeddable":true,"href":"https:\/\/noticiasbahia360.com.br\/index.php?rest_route=\/wp\/v2\/media\/148628"}],"wp:attachment":[{"href":"https:\/\/noticiasbahia360.com.br\/index.php?rest_route=%2Fwp%2Fv2%2Fmedia&parent=148627"}],"wp:term":[{"taxonomy":"category","embeddable":true,"href":"https:\/\/noticiasbahia360.com.br\/index.php?rest_route=%2Fwp%2Fv2%2Fcategories&post=148627"},{"taxonomy":"post_tag","embeddable":true,"href":"https:\/\/noticiasbahia360.com.br\/index.php?rest_route=%2Fwp%2Fv2%2Ftags&post=148627"}],"curies":[{"name":"wp","href":"https:\/\/api.w.org\/{rel}","templated":true}]}}