{"id":148629,"date":"2026-09-03T10:04:53","date_gmt":"2026-09-03T13:04:53","guid":{"rendered":"https:\/\/noticiasbahia360.com.br\/?p=148629"},"modified":"2026-09-03T10:04:53","modified_gmt":"2026-09-03T13:04:53","slug":"carro-capota-apos-colidir-com-viatura-da-pm-no-anel-de-contorno-em-feira-de-santana","status":"publish","type":"post","link":"https:\/\/noticiasbahia360.com.br\/?p=148629","title":{"rendered":"Carro capota ap\u00f3s colidir com viatura da PM no Anel de Contorno, em Feira de Santana"},"content":{"rendered":"<div>\n<div>\n<figure><img decoding=\"async\" src=\"http:\/\/noticiasbahia360.com.br\/wp-content\/uploads\/2026\/09\/Carro-capota-apos-colidir-com-viatura-da-PM-no-Anel-de-Contorno-em-Feira-de-Santana-Foto-ED-Santos-Acorda-Cidade-2.png\" alt=\"Carro capota ap\u00f3s colidir com viatura da PM no Anel de Contorno, em Feira de Santana\"><figcaption>Foto: Ed Santos \/ Acorda Cidade <\/figcaption><\/figure>\n<\/div>\n<p class=\"wp-block-paragraph\">Um carro modelo Chevrolet Celta, de cor preta, capotou ap\u00f3s colidir com uma viatura da Pol\u00edcia Militar (PM). O fato ocorreu em um ponto da Avenida Eduardo Fr\u00f3es da Mota, em Feira de Santana. O acidente aconteceu na manh\u00e3 desta quinta-feira (3), na regi\u00e3o da Avenida Marginal, em frente a uma loja de materiais de constru\u00e7\u00e3o.<\/p>\n<figure class=\"wp-block-image size-full\"><img fetchpriority=\"high\" decoding=\"async\" width=\"1200\" height=\"698\" src=\"http:\/\/noticiasbahia360.com.br\/wp-content\/uploads\/2026\/09\/Carro-capota-apos-colidir-com-viatura-da-PM-no-Anel-de-Contorno-em-Feira-de-Santana-Foto-ED-Santos-Acorda-Cidade-1-1.png\" alt=\"\" class=\"wp-image-687471\" srcset=\"http:\/\/noticiasbahia360.com.br\/wp-content\/uploads\/2026\/09\/Carro-capota-apos-colidir-com-viatura-da-PM-no-Anel-de-Contorno-em-Feira-de-Santana-Foto-ED-Santos-Acorda-Cidade-1-1.png 1200w, https:\/\/uploads.acordacidade.com.br\/2026\/09\/Carro-capota-apos-colidir-com-viatura-da-PM-no-Anel-de-Contorno-em-Feira-de-Santana-Foto-ED-Santos-Acorda-Cidade-1-1-750x436.png 750w, https:\/\/uploads.acordacidade.com.br\/2026\/09\/Carro-capota-apos-colidir-com-viatura-da-PM-no-Anel-de-Contorno-em-Feira-de-Santana-Foto-ED-Santos-Acorda-Cidade-1-1-1000x582.png 1000w, https:\/\/uploads.acordacidade.com.br\/2026\/09\/Carro-capota-apos-colidir-com-viatura-da-PM-no-Anel-de-Contorno-em-Feira-de-Santana-Foto-ED-Santos-Acorda-Cidade-1-1-450x262.png 450w, https:\/\/uploads.acordacidade.com.br\/2026\/09\/Carro-capota-apos-colidir-com-viatura-da-PM-no-Anel-de-Contorno-em-Feira-de-Santana-Foto-ED-Santos-Acorda-Cidade-1-1-150x87.png 150w\" sizes=\"(max-width: 1200px) 100vw, 1200px\"><figcaption class=\"wp-element-caption\">Foto: Ed Santos \/ Acorda Cidade <\/figcaption><\/figure>\n<p class=\"wp-block-paragraph\">Segundo informa\u00e7\u00f5es da PM, a viatura do 25\u00ba Batalh\u00e3o seguia no sentido Lagoa Grande pela Avenida Marginal quando foi atingida na lateral, do lado do motorista, pelo Celta. Com o impacto, o carro de passeio capotou. A parte dianteira do ve\u00edculo ficou parcialmente destru\u00edda.<\/p>\n<figure class=\"wp-block-image size-full\"><img decoding=\"async\" width=\"1199\" height=\"698\" src=\"http:\/\/noticiasbahia360.com.br\/wp-content\/uploads\/2026\/09\/Carro-capota-apos-colidir-com-viatura-da-PM-no-Anel-de-Contorno-em-Feira-de-Santana-Foto-ED-Santos-Acorda-Cidade-1-2.png\" alt=\"\" class=\"wp-image-687469\" srcset=\"http:\/\/noticiasbahia360.com.br\/wp-content\/uploads\/2026\/09\/Carro-capota-apos-colidir-com-viatura-da-PM-no-Anel-de-Contorno-em-Feira-de-Santana-Foto-ED-Santos-Acorda-Cidade-1-2.png 1199w, https:\/\/uploads.acordacidade.com.br\/2026\/09\/Carro-capota-apos-colidir-com-viatura-da-PM-no-Anel-de-Contorno-em-Feira-de-Santana-Foto-ED-Santos-Acorda-Cidade-1-2-750x437.png 750w, https:\/\/uploads.acordacidade.com.br\/2026\/09\/Carro-capota-apos-colidir-com-viatura-da-PM-no-Anel-de-Contorno-em-Feira-de-Santana-Foto-ED-Santos-Acorda-Cidade-1-2-1000x582.png 1000w, https:\/\/uploads.acordacidade.com.br\/2026\/09\/Carro-capota-apos-colidir-com-viatura-da-PM-no-Anel-de-Contorno-em-Feira-de-Santana-Foto-ED-Santos-Acorda-Cidade-1-2-450x262.png 450w, https:\/\/uploads.acordacidade.com.br\/2026\/09\/Carro-capota-apos-colidir-com-viatura-da-PM-no-Anel-de-Contorno-em-Feira-de-Santana-Foto-ED-Santos-Acorda-Cidade-1-2-150x87.png 150w\" sizes=\"(max-width: 1199px) 100vw, 1199px\"><\/figure>\n<p class=\"wp-block-paragraph\">O motorista do Celta, que trabalha como pedreiro, sofreu apenas escoria\u00e7\u00f5es no ombro. Ele permaneceu consciente no local, foi socorrido por um equipe do Servi\u00e7o de Atendimento M\u00f3vel de Urg\u00eancia (Samu) mas n\u00e3o precisou ser socorrido para uma unidade hospitalar. Ainda conforme a PM, o acidente teria acontecido ap\u00f3s uma falta de aten\u00e7\u00e3o do condutor do Celta ao acessar a Avenida Marginal.<\/p>\n<figure class=\"wp-block-image size-full\"><img decoding=\"async\" width=\"1200\" height=\"698\" src=\"http:\/\/noticiasbahia360.com.br\/wp-content\/uploads\/2026\/09\/viatura-da-PM-25-BPM-que-se-envolveu-em-acidente-de-transito-em-Feira-de-Santana-Foto-Ed-Santos-Acorda-cidade-.jpg\" alt=\"Carro capota ap\u00f3s colidir com viatura da PM no Anel de Contorno, em Feira de Santana\" class=\"wp-image-687489\" srcset=\"http:\/\/noticiasbahia360.com.br\/wp-content\/uploads\/2026\/09\/viatura-da-PM-25-BPM-que-se-envolveu-em-acidente-de-transito-em-Feira-de-Santana-Foto-Ed-Santos-Acorda-cidade-.jpg 1200w, https:\/\/uploads.acordacidade.com.br\/2026\/09\/viatura-da-PM-25-BPM-que-se-envolveu-em-acidente-de-transito-em-Feira-de-Santana-Foto-Ed-Santos-Acorda-cidade--750x436.jpg 750w, https:\/\/uploads.acordacidade.com.br\/2026\/09\/viatura-da-PM-25-BPM-que-se-envolveu-em-acidente-de-transito-em-Feira-de-Santana-Foto-Ed-Santos-Acorda-cidade--1000x582.jpg 1000w, https:\/\/uploads.acordacidade.com.br\/2026\/09\/viatura-da-PM-25-BPM-que-se-envolveu-em-acidente-de-transito-em-Feira-de-Santana-Foto-Ed-Santos-Acorda-cidade--450x262.jpg 450w, https:\/\/uploads.acordacidade.com.br\/2026\/09\/viatura-da-PM-25-BPM-que-se-envolveu-em-acidente-de-transito-em-Feira-de-Santana-Foto-Ed-Santos-Acorda-cidade--150x87.jpg 150w\" sizes=\"(max-width: 1200px) 100vw, 1200px\"><figcaption class=\"wp-element-caption\">Foto: Ed Santos \/ Acorda Cidade <\/figcaption><\/figure>\n<p class=\"wp-block-paragraph\"><em>Com informa\u00e7\u00f5es do rep\u00f3rter Ed Santos, do Acorda Cidade <\/em><\/p>\n<p class=\"wp-block-paragraph\"><em>Siga o Acorda Cidade no<a href=\"https:\/\/news.google.com\/search?q=acorda%20cidade&amp;hl=pt-BR&amp;gl=BR&amp;ceid=BR%3Apt-419\" target=\"_blank\" rel=\"noreferrer noopener\">\u00a0Google Not\u00edcias<\/a>\u00a0e receba os principais destaques do dia.\u00a0Participe tamb\u00e9m dos nossos grupos no\u00a0<a href=\"https:\/\/chat.whatsapp.com\/Fj2agnR6CdwLEb9Uqew8QI\" target=\"_blank\" rel=\"noreferrer noopener\">WhatsApp<\/a>\u00a0e\u00a0<a href=\"https:\/\/t.me\/+sSz0khrgARA0ZmRh\" target=\"_blank\" rel=\"noreferrer noopener\">Telegram<\/a><\/em><a href=\"https:\/\/www.acordacidade.com.br\/colunas\/dilton-e-feito\/\"><\/a><\/p>\n<\/div>\n","protected":false},"excerpt":{"rendered":"<p>Foto: Ed Santos \/ Acorda Cidade Um carro modelo Chevrolet Celta, de cor preta, capotou<\/p>\n","protected":false},"author":1,"featured_media":148630,"comment_status":"closed","ping_status":"closed","sticky":false,"template":"","format":"gallery","meta":{"footnotes":""},"categories":[8,9,6,57,56,10],"tags":[],"class_list":["post-148629","post","type-post","status-publish","format-gallery","has-post-thumbnail","hentry","category-bahia","category-brasil","category-feira-de-santana","category-mundo","category-policia","category-politica","post_format-post-format-gallery"],"featured_image_urls":{"full":["https:\/\/noticiasbahia360.com.br\/wp-content\/uploads\/2026\/09\/Carro-capota-apos-colidir-com-viatura-da-PM-no-Anel-de-Contorno-em-Feira-de-Santana-Foto-ED-Santos-Acorda-Cidade-2.png",1200,698,false],"thumbnail":["https:\/\/noticiasbahia360.com.br\/wp-content\/uploads\/2026\/09\/Carro-capota-apos-colidir-com-viatura-da-PM-no-Anel-de-Contorno-em-Feira-de-Santana-Foto-ED-Santos-Acorda-Cidade-2-150x150.png",150,150,true],"medium":["https:\/\/noticiasbahia360.com.br\/wp-content\/uploads\/2026\/09\/Carro-capota-apos-colidir-com-viatura-da-PM-no-Anel-de-Contorno-em-Feira-de-Santana-Foto-ED-Santos-Acorda-Cidade-2-300x175.png",300,175,true],"medium_large":["https:\/\/noticiasbahia360.com.br\/wp-content\/uploads\/2026\/09\/Carro-capota-apos-colidir-com-viatura-da-PM-no-Anel-de-Contorno-em-Feira-de-Santana-Foto-ED-Santos-Acorda-Cidade-2-768x447.png",640,373,true],"large":["https:\/\/noticiasbahia360.com.br\/wp-content\/uploads\/2026\/09\/Carro-capota-apos-colidir-com-viatura-da-PM-no-Anel-de-Contorno-em-Feira-de-Santana-Foto-ED-Santos-Acorda-Cidade-2-1024x596.png",640,373,true],"1536x1536":["https:\/\/noticiasbahia360.com.br\/wp-content\/uploads\/2026\/09\/Carro-capota-apos-colidir-com-viatura-da-PM-no-Anel-de-Contorno-em-Feira-de-Santana-Foto-ED-Santos-Acorda-Cidade-2.png",1200,698,false],"2048x2048":["https:\/\/noticiasbahia360.com.br\/wp-content\/uploads\/2026\/09\/Carro-capota-apos-colidir-com-viatura-da-PM-no-Anel-de-Contorno-em-Feira-de-Santana-Foto-ED-Santos-Acorda-Cidade-2.png",1200,698,false],"chromenews-featured":["https:\/\/noticiasbahia360.com.br\/wp-content\/uploads\/2026\/09\/Carro-capota-apos-colidir-com-viatura-da-PM-no-Anel-de-Contorno-em-Feira-de-Santana-Foto-ED-Santos-Acorda-Cidade-2-1024x596.png",1024,596,true],"chromenews-large":["https:\/\/noticiasbahia360.com.br\/wp-content\/uploads\/2026\/09\/Carro-capota-apos-colidir-com-viatura-da-PM-no-Anel-de-Contorno-em-Feira-de-Santana-Foto-ED-Santos-Acorda-Cidade-2-825x575.png",825,575,true],"chromenews-medium":["https:\/\/noticiasbahia360.com.br\/wp-content\/uploads\/2026\/09\/Carro-capota-apos-colidir-com-viatura-da-PM-no-Anel-de-Contorno-em-Feira-de-Santana-Foto-ED-Santos-Acorda-Cidade-2-590x410.png",590,410,true]},"author_info":{"display_name":"noticiasbahia360.com.br","author_link":"https:\/\/noticiasbahia360.com.br\/?author=1"},"category_info":"<a href=\"https:\/\/noticiasbahia360.com.br\/?cat=8\" rel=\"category\">Bahia<\/a> <a href=\"https:\/\/noticiasbahia360.com.br\/?cat=9\" rel=\"category\">Brasil<\/a> <a href=\"https:\/\/noticiasbahia360.com.br\/?cat=6\" rel=\"category\">Feira de Santana<\/a> <a href=\"https:\/\/noticiasbahia360.com.br\/?cat=57\" rel=\"category\">Mundo<\/a> <a href=\"https:\/\/noticiasbahia360.com.br\/?cat=56\" rel=\"category\">Pol\u00edcia<\/a> <a href=\"https:\/\/noticiasbahia360.com.br\/?cat=10\" rel=\"category\">Pol\u00edtica<\/a>","tag_info":"Pol\u00edtica","comment_count":"0","_links":{"self":[{"href":"https:\/\/noticiasbahia360.com.br\/index.php?rest_route=\/wp\/v2\/posts\/148629","targetHints":{"allow":["GET"]}}],"collection":[{"href":"https:\/\/noticiasbahia360.com.br\/index.php?rest_route=\/wp\/v2\/posts"}],"about":[{"href":"https:\/\/noticiasbahia360.com.br\/index.php?rest_route=\/wp\/v2\/types\/post"}],"author":[{"embeddable":true,"href":"https:\/\/noticiasbahia360.com.br\/index.php?rest_route=\/wp\/v2\/users\/1"}],"replies":[{"embeddable":true,"href":"https:\/\/noticiasbahia360.com.br\/index.php?rest_route=%2Fwp%2Fv2%2Fcomments&post=148629"}],"version-history":[{"count":0,"href":"https:\/\/noticiasbahia360.com.br\/index.php?rest_route=\/wp\/v2\/posts\/148629\/revisions"}],"wp:featuredmedia":[{"embeddable":true,"href":"https:\/\/noticiasbahia360.com.br\/index.php?rest_route=\/wp\/v2\/media\/148630"}],"wp:attachment":[{"href":"https:\/\/noticiasbahia360.com.br\/index.php?rest_route=%2Fwp%2Fv2%2Fmedia&parent=148629"}],"wp:term":[{"taxonomy":"category","embeddable":true,"href":"https:\/\/noticiasbahia360.com.br\/index.php?rest_route=%2Fwp%2Fv2%2Fcategories&post=148629"},{"taxonomy":"post_tag","embeddable":true,"href":"https:\/\/noticiasbahia360.com.br\/index.php?rest_route=%2Fwp%2Fv2%2Ftags&post=148629"}],"curies":[{"name":"wp","href":"https:\/\/api.w.org\/{rel}","templated":true}]}}