{"id":148634,"date":"2026-09-03T10:05:03","date_gmt":"2026-09-03T13:05:03","guid":{"rendered":"https:\/\/noticiasbahia360.com.br\/?p=148634"},"modified":"2026-09-03T10:05:03","modified_gmt":"2026-09-03T13:05:03","slug":"acao-policial-intercepta-mais-de-255-kg-de-drogas-de-faccao-paulista-que-seguia-para-cidade-na-bahia","status":"publish","type":"post","link":"https:\/\/noticiasbahia360.com.br\/?p=148634","title":{"rendered":"A\u00e7\u00e3o policial intercepta mais de 255 kg de drogas de fac\u00e7\u00e3o paulista que seguia para cidade na Bahia"},"content":{"rendered":"<div>\n<div>\n<figure><img decoding=\"async\" src=\"http:\/\/noticiasbahia360.com.br\/wp-content\/uploads\/2026\/09\/Acao-policial-intercepta-250-kg-de-drogas-de-faccao-paulista-que-seguia-para-cidade-na-Bahia-Foto-Divulgacao.jpg\" alt=\"A\u00e7\u00e3o policial intercepta 250 kg de drogas de fac\u00e7\u00e3o paulista que seguia para cidade na Bahia\"><figcaption>Foto: Divulga\u00e7\u00e3o<\/figcaption><\/figure>\n<\/div>\n<p class=\"wp-block-paragraph\">Em mais uma a\u00e7\u00e3o integrada e norteada pela intelig\u00eancia, equipes da Secretaria da Seguran\u00e7a P\u00fablica (SSP), das Pol\u00edcias Federal (PF), Militar (PM), Civil (PC) e Rodovi\u00e1ria Federal (PRF), al\u00e9m da For\u00e7a Integrada de Combate ao Crime Organizado Bahia (Ficco) interceptaram na manh\u00e3 desta quinta-feira (3), pouco mais de 250 kg de drogas de uma fac\u00e7\u00e3o paulista.<\/p>\n<p class=\"wp-block-paragraph\">A ocorr\u00eancia foi registrada por volta das 5h40, durante fiscaliza\u00e7\u00e3o realizada na Unidade Operacional da PRF localizada no km 830 da BR-116. Os entorpecentes sa\u00edram de S\u00e3o Paulo e seriam entregues para membros da fac\u00e7\u00e3o na cidade baiana de Vit\u00f3ria da Conquista, na regi\u00e3o <a href=\"https:\/\/www.acordacidade.com.br\/?s=sudoeste\">sudoeste<\/a> do estado.<\/p>\n<p class=\"wp-block-paragraph\">Durante a opera\u00e7\u00e3o, as equipes abordaram uma carreta Iveco\/Tector e iniciaram os procedimentos de inspe\u00e7\u00e3o no compartimento de cargas. Na vistoria, foram encontradas diversas embalagens pl\u00e1sticas e caixas de papel\u00e3o ocultas entre mercadorias transportadas.<\/p>\n<p class=\"wp-block-paragraph\">No interior dos volumes, os policiais localizaram aproximadamente 197,55 kg de maconha, 54,1 kg de coca\u00edna e 3,6 kg de haxixe, totalizando cerca de 255,25 kg de entorpecentes. Tamb\u00e9m foram apreendidas 25 unidades de dispositivos eletr\u00f4nicos para fumar (DEFs), conhecidos popularmente como cigarros eletr\u00f4nicos, cuja comercializa\u00e7\u00e3o \u00e9 proibida no Brasil.<\/p>\n<figure class=\"wp-block-image size-full\"><img fetchpriority=\"high\" fetchpriority=\"high\" decoding=\"async\" width=\"1200\" height=\"675\" src=\"http:\/\/noticiasbahia360.com.br\/wp-content\/uploads\/2026\/09\/Acao-policial-intercepta-250-kg-de-drogas-de-faccao-paulista-que-seguia-para-cidade-na-Bahia-Foto-Divulgacao-2-rotated-1.jpg\" alt=\"A\u00e7\u00e3o policial intercepta 250 kg de drogas de fac\u00e7\u00e3o paulista que seguia para cidade na Bahia\" class=\"wp-image-687467\" srcset=\"http:\/\/noticiasbahia360.com.br\/wp-content\/uploads\/2026\/09\/Acao-policial-intercepta-250-kg-de-drogas-de-faccao-paulista-que-seguia-para-cidade-na-Bahia-Foto-Divulgacao-2-rotated-1.jpg 1200w, https:\/\/uploads.acordacidade.com.br\/2026\/09\/Acao-policial-intercepta-250-kg-de-drogas-de-faccao-paulista-que-seguia-para-cidade-na-Bahia-Foto-Divulgacao-2-750x422.jpg 750w, https:\/\/uploads.acordacidade.com.br\/2026\/09\/Acao-policial-intercepta-250-kg-de-drogas-de-faccao-paulista-que-seguia-para-cidade-na-Bahia-Foto-Divulgacao-2-1000x563.jpg 1000w, https:\/\/uploads.acordacidade.com.br\/2026\/09\/Acao-policial-intercepta-250-kg-de-drogas-de-faccao-paulista-que-seguia-para-cidade-na-Bahia-Foto-Divulgacao-2-450x253.jpg 450w, https:\/\/uploads.acordacidade.com.br\/2026\/09\/Acao-policial-intercepta-250-kg-de-drogas-de-faccao-paulista-que-seguia-para-cidade-na-Bahia-Foto-Divulgacao-2-150x84.jpg 150w\" sizes=\"(max-width: 1200px) 100vw, 1200px\"><figcaption class=\"wp-element-caption\">Foto: Divulga\u00e7\u00e3o<\/figcaption><\/figure>\n<p class=\"wp-block-paragraph\">O ve\u00edculo era conduzido por um homem que viajava acompanhado de seu filho adolescente. Diante da materialidade do crime e dos elementos constatados durante a fiscaliza\u00e7\u00e3o, o motorista foi preso em flagrante pelos crimes de tr\u00e1fico de drogas e contrabando.<\/p>\n<p class=\"wp-block-paragraph\">Ele e os entorpecentes foram apresentados na Delegacia da Pol\u00edcia Federal de Vit\u00f3ria da Conquista.<\/p>\n<p class=\"wp-block-paragraph\"><em>Siga o Acorda Cidade no\u00a0<\/em><a href=\"https:\/\/news.google.com\/search?q=acorda%20cidade&amp;hl=pt-BR&amp;gl=BR&amp;ceid=BR%3Apt-419\"><strong><em>Google Not\u00edcias<\/em><\/strong><\/a><em>\u00a0e receba os principais destaques do dia. Participe tamb\u00e9m dos nossos canais no\u00a0<\/em><a href=\"https:\/\/www.whatsapp.com\/channel\/0029Va6Rb4v3WHTNnsh8WI3N\"><strong><em>WhatsApp<\/em><\/strong><\/a><em>\u00a0e\u00a0<\/em><a href=\"https:\/\/www.youtube.com\/@acordacidadenoticias\/videos\"><strong>YouTube<\/strong><\/a><em>\u00a0e do grupo no\u00a0<\/em><a href=\"https:\/\/t.me\/+sSz0khrgARA0ZmRh\"><strong><em>Telegram<\/em><\/strong><\/a><em>.<\/em><\/p>\n<\/div>\n","protected":false},"excerpt":{"rendered":"<p>Foto: Divulga\u00e7\u00e3o Em mais uma a\u00e7\u00e3o integrada e norteada pela intelig\u00eancia, equipes da Secretaria da<\/p>\n","protected":false},"author":1,"featured_media":148635,"comment_status":"closed","ping_status":"closed","sticky":false,"template":"","format":"gallery","meta":{"footnotes":""},"categories":[8,9,6,57,56,10],"tags":[],"class_list":["post-148634","post","type-post","status-publish","format-gallery","has-post-thumbnail","hentry","category-bahia","category-brasil","category-feira-de-santana","category-mundo","category-policia","category-politica","post_format-post-format-gallery"],"featured_image_urls":{"full":["https:\/\/noticiasbahia360.com.br\/wp-content\/uploads\/2026\/09\/Acao-policial-intercepta-250-kg-de-drogas-de-faccao-paulista-que-seguia-para-cidade-na-Bahia-Foto-Divulgacao.jpg",1200,675,false],"thumbnail":["https:\/\/noticiasbahia360.com.br\/wp-content\/uploads\/2026\/09\/Acao-policial-intercepta-250-kg-de-drogas-de-faccao-paulista-que-seguia-para-cidade-na-Bahia-Foto-Divulgacao-150x150.jpg",150,150,true],"medium":["https:\/\/noticiasbahia360.com.br\/wp-content\/uploads\/2026\/09\/Acao-policial-intercepta-250-kg-de-drogas-de-faccao-paulista-que-seguia-para-cidade-na-Bahia-Foto-Divulgacao-300x169.jpg",300,169,true],"medium_large":["https:\/\/noticiasbahia360.com.br\/wp-content\/uploads\/2026\/09\/Acao-policial-intercepta-250-kg-de-drogas-de-faccao-paulista-que-seguia-para-cidade-na-Bahia-Foto-Divulgacao-768x432.jpg",640,360,true],"large":["https:\/\/noticiasbahia360.com.br\/wp-content\/uploads\/2026\/09\/Acao-policial-intercepta-250-kg-de-drogas-de-faccao-paulista-que-seguia-para-cidade-na-Bahia-Foto-Divulgacao-1024x576.jpg",640,360,true],"1536x1536":["https:\/\/noticiasbahia360.com.br\/wp-content\/uploads\/2026\/09\/Acao-policial-intercepta-250-kg-de-drogas-de-faccao-paulista-que-seguia-para-cidade-na-Bahia-Foto-Divulgacao.jpg",1200,675,false],"2048x2048":["https:\/\/noticiasbahia360.com.br\/wp-content\/uploads\/2026\/09\/Acao-policial-intercepta-250-kg-de-drogas-de-faccao-paulista-que-seguia-para-cidade-na-Bahia-Foto-Divulgacao.jpg",1200,675,false],"chromenews-featured":["https:\/\/noticiasbahia360.com.br\/wp-content\/uploads\/2026\/09\/Acao-policial-intercepta-250-kg-de-drogas-de-faccao-paulista-que-seguia-para-cidade-na-Bahia-Foto-Divulgacao-1024x576.jpg",1024,576,true],"chromenews-large":["https:\/\/noticiasbahia360.com.br\/wp-content\/uploads\/2026\/09\/Acao-policial-intercepta-250-kg-de-drogas-de-faccao-paulista-que-seguia-para-cidade-na-Bahia-Foto-Divulgacao-825x575.jpg",825,575,true],"chromenews-medium":["https:\/\/noticiasbahia360.com.br\/wp-content\/uploads\/2026\/09\/Acao-policial-intercepta-250-kg-de-drogas-de-faccao-paulista-que-seguia-para-cidade-na-Bahia-Foto-Divulgacao-590x410.jpg",590,410,true]},"author_info":{"display_name":"noticiasbahia360.com.br","author_link":"https:\/\/noticiasbahia360.com.br\/?author=1"},"category_info":"<a href=\"https:\/\/noticiasbahia360.com.br\/?cat=8\" rel=\"category\">Bahia<\/a> <a href=\"https:\/\/noticiasbahia360.com.br\/?cat=9\" rel=\"category\">Brasil<\/a> <a href=\"https:\/\/noticiasbahia360.com.br\/?cat=6\" rel=\"category\">Feira de Santana<\/a> <a href=\"https:\/\/noticiasbahia360.com.br\/?cat=57\" rel=\"category\">Mundo<\/a> <a href=\"https:\/\/noticiasbahia360.com.br\/?cat=56\" rel=\"category\">Pol\u00edcia<\/a> <a href=\"https:\/\/noticiasbahia360.com.br\/?cat=10\" rel=\"category\">Pol\u00edtica<\/a>","tag_info":"Pol\u00edtica","comment_count":"0","_links":{"self":[{"href":"https:\/\/noticiasbahia360.com.br\/index.php?rest_route=\/wp\/v2\/posts\/148634","targetHints":{"allow":["GET"]}}],"collection":[{"href":"https:\/\/noticiasbahia360.com.br\/index.php?rest_route=\/wp\/v2\/posts"}],"about":[{"href":"https:\/\/noticiasbahia360.com.br\/index.php?rest_route=\/wp\/v2\/types\/post"}],"author":[{"embeddable":true,"href":"https:\/\/noticiasbahia360.com.br\/index.php?rest_route=\/wp\/v2\/users\/1"}],"replies":[{"embeddable":true,"href":"https:\/\/noticiasbahia360.com.br\/index.php?rest_route=%2Fwp%2Fv2%2Fcomments&post=148634"}],"version-history":[{"count":0,"href":"https:\/\/noticiasbahia360.com.br\/index.php?rest_route=\/wp\/v2\/posts\/148634\/revisions"}],"wp:featuredmedia":[{"embeddable":true,"href":"https:\/\/noticiasbahia360.com.br\/index.php?rest_route=\/wp\/v2\/media\/148635"}],"wp:attachment":[{"href":"https:\/\/noticiasbahia360.com.br\/index.php?rest_route=%2Fwp%2Fv2%2Fmedia&parent=148634"}],"wp:term":[{"taxonomy":"category","embeddable":true,"href":"https:\/\/noticiasbahia360.com.br\/index.php?rest_route=%2Fwp%2Fv2%2Fcategories&post=148634"},{"taxonomy":"post_tag","embeddable":true,"href":"https:\/\/noticiasbahia360.com.br\/index.php?rest_route=%2Fwp%2Fv2%2Ftags&post=148634"}],"curies":[{"name":"wp","href":"https:\/\/api.w.org\/{rel}","templated":true}]}}