{"id":148641,"date":"2026-09-03T11:03:34","date_gmt":"2026-09-03T14:03:34","guid":{"rendered":"https:\/\/noticiasbahia360.com.br\/?p=148641"},"modified":"2026-09-03T11:03:34","modified_gmt":"2026-09-03T14:03:34","slug":"confira-a-agenda-dos-candidatos-a-presidencia-nesta-quinta-3","status":"publish","type":"post","link":"https:\/\/noticiasbahia360.com.br\/?p=148641","title":{"rendered":"Confira a agenda dos candidatos \u00e0 Presid\u00eancia nesta quinta (3)"},"content":{"rendered":"<div>\n<div>\n<figure><img decoding=\"async\" src=\"http:\/\/noticiasbahia360.com.br\/wp-content\/uploads\/2026\/09\/Agenda-dos-presidenciaveis-Eleicoes-2026-Foto-Arte-Acorda-Cidade-260826-1.jpg\" alt=\"Confira a agenda dos presidenci\u00e1veis nesta quarta-feira (26)\"><figcaption>Foto: Arte\/ Acorda Cidade <\/figcaption><\/figure>\n<\/div>\n<p class=\"wp-block-paragraph\">Ag\u00eancia Brasil- A agenda dos presidenci\u00e1veis inclui entrevistas e sabatinas em ve\u00edculos de comunica\u00e7\u00e3o, encontros com lideran\u00e7as religiosas, visitas a institui\u00e7\u00f5es e obras sociais. Tamb\u00e9m est\u00e3o previstas panfletagem e apresenta\u00e7\u00e3o de programa eleitoral, al\u00e9m de atividades partid\u00e1rias.<img decoding=\"async\" src=\"https:\/\/agenciabrasil.ebc.com.br\/ebc.png?id=1701402&amp;o=node\"><img decoding=\"async\" src=\"https:\/\/agenciabrasil.ebc.com.br\/ebc.gif?id=1701402&amp;o=node\"><\/p>\n<p class=\"wp-block-paragraph\"><strong>Clariana Bar\u00e3o (Democracia Crist\u00e3)\u00a0<\/strong><br \/>Concede entrevista para o canal Leo Dias\u00a0<\/p>\n<p class=\"wp-block-paragraph\"><strong>Edmilson Costa (PCB)<\/strong><br \/>Cumpre agenda da secretaria-geral do PCB em Lisboa.\u00a0<\/p>\n<p class=\"wp-block-paragraph\"><strong>Fl\u00e1vio Bolsonaro (PL)<\/strong><br \/>Faz transmiss\u00e3o ao vivo pelas redes sociais, \u00e0s 19h.<\/p>\n<p class=\"wp-block-paragraph\"><strong>Hertz Dias (PSTU)<\/strong><br \/>Em Aracaju (SE), participa de panfletagem no Cal\u00e7ad\u00e3o da rua Jo\u00e3o Pessoa e de conversa de apresenta\u00e7\u00e3o do Programa Eleitoral\u00a0\u00a0do PSTU na sede do Sindipetro.\u00a0<\/p>\n<p class=\"wp-block-paragraph\"><strong>Renan Santos (Miss\u00e3o)<\/strong><br \/>Concede entrevista para CNN Brasil, \u00e0s 21h<\/p>\n<p class=\"wp-block-paragraph\"><strong>Romeu Zema (Novo)\u00a0<\/strong><br \/>Participa de sabatina no programa Jornal da Manh\u00e3, da Jovem Pan, das 8h \u00e0s 9h.\u00a0<\/p>\n<p class=\"wp-block-paragraph\"><strong>Ronaldo Caiado (PSD)<\/strong><br \/>Concede entrevista para o jornal O Estado de S. Paulo. \u00c0 tarde, visita a obra social Dol Bosco, em S\u00e3o Paulo (SP).\u00a0<\/p>\n<p class=\"wp-block-paragraph\"><strong>Wilson Grassi (Democrata)<\/strong><br \/>Pela manh\u00e3, visita o Hospital e Centro de Reabilita\u00e7\u00e3o da Fauna Silvestre e o Hospital Veterin\u00e1rio Anclivepa, ambos em Taguatinga (DF). \u00c0 tarde, participa de protesto pac\u00edfico contra a suspens\u00e3o de seus canais digitais de campanha. \u00a0<\/p>\n<p class=\"wp-block-paragraph\"><strong>Augusto Cury (Avante)<\/strong><br \/>Participa de reuni\u00e3o na Assembleia de Deus de S\u00e3o Paulo (SP). \u00c0 noite, participa de evento para casais da Igreja Carvalhos de Justi\u00e7a, em Ribeir\u00e3o Preto (SP).\u00a0<\/p>\n<p class=\"wp-block-paragraph\">O candidatos\u00a0<strong>Luiz In\u00e1cio Lula da Silva (PT)<\/strong>\u00a0n\u00e3o tem agenda p\u00fablica de campanha nesta quinta-feira.\u00a0<strong>Rui Costa Pimenta (PCO)\u00a0<\/strong>e\u00a0<strong>Samara Martins (UP)\u00a0<\/strong>n\u00e3o divulgaram a agenda at\u00e9 o momento desta publica\u00e7\u00e3o.\u00a0<\/p>\n<p class=\"wp-block-paragraph\">A ordem de apresenta\u00e7\u00e3o da cobertura da agenda dos candidatos a presidente segue rod\u00edzio di\u00e1rio em ordem alfab\u00e9tica.<\/p>\n<p class=\"wp-block-paragraph\"><em>Siga o Acorda Cidade no\u00a0<\/em><a href=\"https:\/\/news.google.com\/search?q=acorda%20cidade&amp;hl=pt-BR&amp;gl=BR&amp;ceid=BR%3Apt-419\"><strong><em>Google Not\u00edcias<\/em><\/strong><\/a><em>\u00a0e receba os principais destaques do dia. Participe tamb\u00e9m dos nossos canais no\u00a0<\/em><a href=\"https:\/\/whatsapp.com\/channel\/0029Va6Rb4v3WHTNnsh8WI3N\"><strong><em>WhatsApp<\/em><\/strong><\/a><em>\u00a0e\u00a0<\/em><a href=\"https:\/\/www.youtube.com\/@acordacidadenoticias\/videos\"><strong>YouTube<\/strong><\/a><em>\u00a0e do grupo no\u00a0<\/em><a href=\"https:\/\/t.me\/+sSz0khrgARA0ZmRh\"><strong><em>Telegram<\/em><\/strong><\/a><em>.<\/em><\/p>\n<\/div>\n","protected":false},"excerpt":{"rendered":"<p>Foto: Arte\/ Acorda Cidade Ag\u00eancia Brasil- A agenda dos presidenci\u00e1veis inclui entrevistas e sabatinas em<\/p>\n","protected":false},"author":1,"featured_media":148642,"comment_status":"closed","ping_status":"closed","sticky":false,"template":"","format":"gallery","meta":{"footnotes":""},"categories":[8,9,6,57,56,10],"tags":[],"class_list":["post-148641","post","type-post","status-publish","format-gallery","has-post-thumbnail","hentry","category-bahia","category-brasil","category-feira-de-santana","category-mundo","category-policia","category-politica","post_format-post-format-gallery"],"featured_image_urls":{"full":["https:\/\/noticiasbahia360.com.br\/wp-content\/uploads\/2026\/09\/Agenda-dos-presidenciaveis-Eleicoes-2026-Foto-Arte-Acorda-Cidade-260826-1.jpg",1250,703,false],"thumbnail":["https:\/\/noticiasbahia360.com.br\/wp-content\/uploads\/2026\/09\/Agenda-dos-presidenciaveis-Eleicoes-2026-Foto-Arte-Acorda-Cidade-260826-1-150x150.jpg",150,150,true],"medium":["https:\/\/noticiasbahia360.com.br\/wp-content\/uploads\/2026\/09\/Agenda-dos-presidenciaveis-Eleicoes-2026-Foto-Arte-Acorda-Cidade-260826-1-300x169.jpg",300,169,true],"medium_large":["https:\/\/noticiasbahia360.com.br\/wp-content\/uploads\/2026\/09\/Agenda-dos-presidenciaveis-Eleicoes-2026-Foto-Arte-Acorda-Cidade-260826-1-768x432.jpg",640,360,true],"large":["https:\/\/noticiasbahia360.com.br\/wp-content\/uploads\/2026\/09\/Agenda-dos-presidenciaveis-Eleicoes-2026-Foto-Arte-Acorda-Cidade-260826-1-1024x576.jpg",640,360,true],"1536x1536":["https:\/\/noticiasbahia360.com.br\/wp-content\/uploads\/2026\/09\/Agenda-dos-presidenciaveis-Eleicoes-2026-Foto-Arte-Acorda-Cidade-260826-1.jpg",1250,703,false],"2048x2048":["https:\/\/noticiasbahia360.com.br\/wp-content\/uploads\/2026\/09\/Agenda-dos-presidenciaveis-Eleicoes-2026-Foto-Arte-Acorda-Cidade-260826-1.jpg",1250,703,false],"chromenews-featured":["https:\/\/noticiasbahia360.com.br\/wp-content\/uploads\/2026\/09\/Agenda-dos-presidenciaveis-Eleicoes-2026-Foto-Arte-Acorda-Cidade-260826-1-1024x576.jpg",1024,576,true],"chromenews-large":["https:\/\/noticiasbahia360.com.br\/wp-content\/uploads\/2026\/09\/Agenda-dos-presidenciaveis-Eleicoes-2026-Foto-Arte-Acorda-Cidade-260826-1-825x575.jpg",825,575,true],"chromenews-medium":["https:\/\/noticiasbahia360.com.br\/wp-content\/uploads\/2026\/09\/Agenda-dos-presidenciaveis-Eleicoes-2026-Foto-Arte-Acorda-Cidade-260826-1-590x410.jpg",590,410,true]},"author_info":{"display_name":"noticiasbahia360.com.br","author_link":"https:\/\/noticiasbahia360.com.br\/?author=1"},"category_info":"<a href=\"https:\/\/noticiasbahia360.com.br\/?cat=8\" rel=\"category\">Bahia<\/a> <a href=\"https:\/\/noticiasbahia360.com.br\/?cat=9\" rel=\"category\">Brasil<\/a> <a href=\"https:\/\/noticiasbahia360.com.br\/?cat=6\" rel=\"category\">Feira de Santana<\/a> <a href=\"https:\/\/noticiasbahia360.com.br\/?cat=57\" rel=\"category\">Mundo<\/a> <a href=\"https:\/\/noticiasbahia360.com.br\/?cat=56\" rel=\"category\">Pol\u00edcia<\/a> <a href=\"https:\/\/noticiasbahia360.com.br\/?cat=10\" rel=\"category\">Pol\u00edtica<\/a>","tag_info":"Pol\u00edtica","comment_count":"0","_links":{"self":[{"href":"https:\/\/noticiasbahia360.com.br\/index.php?rest_route=\/wp\/v2\/posts\/148641","targetHints":{"allow":["GET"]}}],"collection":[{"href":"https:\/\/noticiasbahia360.com.br\/index.php?rest_route=\/wp\/v2\/posts"}],"about":[{"href":"https:\/\/noticiasbahia360.com.br\/index.php?rest_route=\/wp\/v2\/types\/post"}],"author":[{"embeddable":true,"href":"https:\/\/noticiasbahia360.com.br\/index.php?rest_route=\/wp\/v2\/users\/1"}],"replies":[{"embeddable":true,"href":"https:\/\/noticiasbahia360.com.br\/index.php?rest_route=%2Fwp%2Fv2%2Fcomments&post=148641"}],"version-history":[{"count":0,"href":"https:\/\/noticiasbahia360.com.br\/index.php?rest_route=\/wp\/v2\/posts\/148641\/revisions"}],"wp:featuredmedia":[{"embeddable":true,"href":"https:\/\/noticiasbahia360.com.br\/index.php?rest_route=\/wp\/v2\/media\/148642"}],"wp:attachment":[{"href":"https:\/\/noticiasbahia360.com.br\/index.php?rest_route=%2Fwp%2Fv2%2Fmedia&parent=148641"}],"wp:term":[{"taxonomy":"category","embeddable":true,"href":"https:\/\/noticiasbahia360.com.br\/index.php?rest_route=%2Fwp%2Fv2%2Fcategories&post=148641"},{"taxonomy":"post_tag","embeddable":true,"href":"https:\/\/noticiasbahia360.com.br\/index.php?rest_route=%2Fwp%2Fv2%2Ftags&post=148641"}],"curies":[{"name":"wp","href":"https:\/\/api.w.org\/{rel}","templated":true}]}}