{"id":148643,"date":"2026-09-03T11:03:35","date_gmt":"2026-09-03T14:03:35","guid":{"rendered":"https:\/\/noticiasbahia360.com.br\/?p=148643"},"modified":"2026-09-03T11:03:35","modified_gmt":"2026-09-03T14:03:35","slug":"homem-e-encontrado-morto-com-maos-amarradas-em-serra-preta","status":"publish","type":"post","link":"https:\/\/noticiasbahia360.com.br\/?p=148643","title":{"rendered":"Homem \u00e9 encontrado morto com m\u00e3os amarradas em Serra Preta"},"content":{"rendered":"<div>\n<div>\n<figure><img decoding=\"async\" src=\"http:\/\/noticiasbahia360.com.br\/wp-content\/uploads\/2026\/09\/dpt-BR-116-acidente-rabecao-700x411-1.webp\" alt=\"Adolescente morre ap\u00f3s carro atingir motocicleta na BR-116\"><figcaption>Foto: Raimundo Mascarenhas\/ Arquivo<\/figcaption><\/figure>\n<\/div>\n<p class=\"wp-block-paragraph\">Um homem foi encontrado morto na tarde de quarta-feira (2), na zona rural do munic\u00edpio de Serra Preta. O corpo foi localizado em uma estrada vicinal, no povoado Soraia, por volta das 13h.<\/p>\n<p class=\"wp-block-paragraph\">Segundo informa\u00e7\u00f5es registradas pela Pol\u00edcia Civil, a v\u00edtima apresentava ferimentos compat\u00edveis com os provocados por disparos de arma de fogo. O homem estava usando uma bermuda tactel azul, sem sand\u00e1lias, e tinha as m\u00e3os amarradas para tr\u00e1s com cordas el\u00e1sticas de cor azul.<\/p>\n<p class=\"wp-block-paragraph\">A equipe da Delegacia Territorial de Serra Preta realizou o levantamento cadav\u00e9rico no local. At\u00e9 o momento da publica\u00e7\u00e3o desta mat\u00e9ria, a identidade da v\u00edtima e a autoria do crime n\u00e3o foram informadas.<\/p>\n<p class=\"wp-block-paragraph\"><em>Com informa\u00e7\u00f5es do rep\u00f3rter Ed Santos, do Acorda Cidade<\/em>.<\/p>\n<p class=\"wp-block-paragraph\"><em>Siga o Acorda Cidade no<a href=\"https:\/\/news.google.com\/search?q=acorda%20cidade&amp;hl=pt-BR&amp;gl=BR&amp;ceid=BR%3Apt-419\" target=\"_blank\" rel=\"noreferrer noopener\">\u00a0Google Not\u00edcias<\/a>\u00a0e receba os principais destaques do dia.\u00a0Participe tamb\u00e9m dos nossos grupos no\u00a0<a href=\"https:\/\/chat.whatsapp.com\/Fj2agnR6CdwLEb9Uqew8QI\" target=\"_blank\" rel=\"noreferrer noopener\">WhatsApp<\/a>\u00a0e\u00a0<a href=\"https:\/\/t.me\/+sSz0khrgARA0ZmRh\" target=\"_blank\" rel=\"noreferrer noopener\">Telegram<\/a><\/em><a href=\"https:\/\/www.acordacidade.com.br\/colunas\/dilton-e-feito\/\"><\/a><\/p>\n<\/div>\n","protected":false},"excerpt":{"rendered":"<p>Foto: Raimundo Mascarenhas\/ Arquivo Um homem foi encontrado morto na tarde de quarta-feira (2), na<\/p>\n","protected":false},"author":1,"featured_media":148644,"comment_status":"closed","ping_status":"closed","sticky":false,"template":"","format":"gallery","meta":{"footnotes":""},"categories":[8,9,6,57,56,10],"tags":[],"class_list":["post-148643","post","type-post","status-publish","format-gallery","has-post-thumbnail","hentry","category-bahia","category-brasil","category-feira-de-santana","category-mundo","category-policia","category-politica","post_format-post-format-gallery"],"featured_image_urls":{"full":["https:\/\/noticiasbahia360.com.br\/wp-content\/uploads\/2026\/09\/dpt-BR-116-acidente-rabecao-700x411-1.webp",1200,705,false],"thumbnail":["https:\/\/noticiasbahia360.com.br\/wp-content\/uploads\/2026\/09\/dpt-BR-116-acidente-rabecao-700x411-1-150x150.webp",150,150,true],"medium":["https:\/\/noticiasbahia360.com.br\/wp-content\/uploads\/2026\/09\/dpt-BR-116-acidente-rabecao-700x411-1-300x176.webp",300,176,true],"medium_large":["https:\/\/noticiasbahia360.com.br\/wp-content\/uploads\/2026\/09\/dpt-BR-116-acidente-rabecao-700x411-1-768x451.webp",640,376,true],"large":["https:\/\/noticiasbahia360.com.br\/wp-content\/uploads\/2026\/09\/dpt-BR-116-acidente-rabecao-700x411-1-1024x602.webp",640,376,true],"1536x1536":["https:\/\/noticiasbahia360.com.br\/wp-content\/uploads\/2026\/09\/dpt-BR-116-acidente-rabecao-700x411-1.webp",1200,705,false],"2048x2048":["https:\/\/noticiasbahia360.com.br\/wp-content\/uploads\/2026\/09\/dpt-BR-116-acidente-rabecao-700x411-1.webp",1200,705,false],"chromenews-featured":["https:\/\/noticiasbahia360.com.br\/wp-content\/uploads\/2026\/09\/dpt-BR-116-acidente-rabecao-700x411-1-1024x602.webp",1024,602,true],"chromenews-large":["https:\/\/noticiasbahia360.com.br\/wp-content\/uploads\/2026\/09\/dpt-BR-116-acidente-rabecao-700x411-1-825x575.webp",825,575,true],"chromenews-medium":["https:\/\/noticiasbahia360.com.br\/wp-content\/uploads\/2026\/09\/dpt-BR-116-acidente-rabecao-700x411-1-590x410.webp",590,410,true]},"author_info":{"display_name":"noticiasbahia360.com.br","author_link":"https:\/\/noticiasbahia360.com.br\/?author=1"},"category_info":"<a href=\"https:\/\/noticiasbahia360.com.br\/?cat=8\" rel=\"category\">Bahia<\/a> <a href=\"https:\/\/noticiasbahia360.com.br\/?cat=9\" rel=\"category\">Brasil<\/a> <a href=\"https:\/\/noticiasbahia360.com.br\/?cat=6\" rel=\"category\">Feira de Santana<\/a> <a href=\"https:\/\/noticiasbahia360.com.br\/?cat=57\" rel=\"category\">Mundo<\/a> <a href=\"https:\/\/noticiasbahia360.com.br\/?cat=56\" rel=\"category\">Pol\u00edcia<\/a> <a href=\"https:\/\/noticiasbahia360.com.br\/?cat=10\" rel=\"category\">Pol\u00edtica<\/a>","tag_info":"Pol\u00edtica","comment_count":"0","_links":{"self":[{"href":"https:\/\/noticiasbahia360.com.br\/index.php?rest_route=\/wp\/v2\/posts\/148643","targetHints":{"allow":["GET"]}}],"collection":[{"href":"https:\/\/noticiasbahia360.com.br\/index.php?rest_route=\/wp\/v2\/posts"}],"about":[{"href":"https:\/\/noticiasbahia360.com.br\/index.php?rest_route=\/wp\/v2\/types\/post"}],"author":[{"embeddable":true,"href":"https:\/\/noticiasbahia360.com.br\/index.php?rest_route=\/wp\/v2\/users\/1"}],"replies":[{"embeddable":true,"href":"https:\/\/noticiasbahia360.com.br\/index.php?rest_route=%2Fwp%2Fv2%2Fcomments&post=148643"}],"version-history":[{"count":0,"href":"https:\/\/noticiasbahia360.com.br\/index.php?rest_route=\/wp\/v2\/posts\/148643\/revisions"}],"wp:featuredmedia":[{"embeddable":true,"href":"https:\/\/noticiasbahia360.com.br\/index.php?rest_route=\/wp\/v2\/media\/148644"}],"wp:attachment":[{"href":"https:\/\/noticiasbahia360.com.br\/index.php?rest_route=%2Fwp%2Fv2%2Fmedia&parent=148643"}],"wp:term":[{"taxonomy":"category","embeddable":true,"href":"https:\/\/noticiasbahia360.com.br\/index.php?rest_route=%2Fwp%2Fv2%2Fcategories&post=148643"},{"taxonomy":"post_tag","embeddable":true,"href":"https:\/\/noticiasbahia360.com.br\/index.php?rest_route=%2Fwp%2Fv2%2Ftags&post=148643"}],"curies":[{"name":"wp","href":"https:\/\/api.w.org\/{rel}","templated":true}]}}