{"id":148648,"date":"2026-09-03T11:03:38","date_gmt":"2026-09-03T14:03:38","guid":{"rendered":"https:\/\/noticiasbahia360.com.br\/?p=148648"},"modified":"2026-09-03T11:03:38","modified_gmt":"2026-09-03T14:03:38","slug":"copa-de-bairros-apos-7-anos-competicao-de-futebol-amador-voltara-a-movimentar-feira-de-santana","status":"publish","type":"post","link":"https:\/\/noticiasbahia360.com.br\/?p=148648","title":{"rendered":"Copa de bairros: ap\u00f3s 7 anos, competi\u00e7\u00e3o de futebol amador voltar\u00e1 a movimentar Feira de Santana"},"content":{"rendered":"<div>\n<div>\n<figure><img decoding=\"async\" src=\"http:\/\/noticiasbahia360.com.br\/wp-content\/uploads\/2026\/09\/copa-de-Bairro.jpg\" alt=\"Copa de Bairro\"><figcaption>Foto: Valdenir Lima <\/figcaption><\/figure>\n<\/div>\n<p class=\"wp-block-paragraph\">Depois de sete anos sem ser realizada, a tradicional Copa de Bairros est\u00e1 de volta ao calend\u00e1rio esportivo de Feira de Santana. A competi\u00e7\u00e3o, considerada um dos maiores eventos do futebol amador do munic\u00edpio e uma das mais importantes da Bahia, retorna por determina\u00e7\u00e3o da Prefeitura, reunindo atletas, dirigentes, torcedores e comunidades em torno da paix\u00e3o pelo futebol de bairro.<\/p>\n<p class=\"wp-block-paragraph\">A edi\u00e7\u00e3o deste ano contar\u00e1 com a participa\u00e7\u00e3o de 30 equipes e cerca de 900 jogadores, que disputar\u00e3o 54 partidas ao longo de aproximadamente tr\u00eas meses de competi\u00e7\u00e3o. O torneio promete fortalecer o esporte amador, incentivar a integra\u00e7\u00e3o entre os bairros e revelar talentos do futebol feirense.<\/p>\n<p class=\"wp-block-paragraph\">A abertura oficial acontece no pr\u00f3ximo domingo, 6 de setembro, a partir das 9h. O destaque da rodada ser\u00e1 o jogo principal no Campo da Esta\u00e7\u00e3o Nova, que ser\u00e1 reinaugurado e devolvido \u00e0 comunidade ap\u00f3s passar por melhorias. A entrega do equipamento esportivo marca um novo momento para um dos campos mais tradicionais da cidade.<\/p>\n<p class=\"wp-block-paragraph\">Al\u00e9m da Esta\u00e7\u00e3o Nova, a rodada de abertura tamb\u00e9m ter\u00e1 partidas no Campo do Beira Riacho e no Campo do George Am\u00e9rico, levando a competi\u00e7\u00e3o para diferentes regi\u00f5es do munic\u00edpio e ampliando a participa\u00e7\u00e3o das comunidades.<\/p>\n<p class=\"wp-block-paragraph\">Com o retorno da competi\u00e7\u00e3o, Feira de Santana volta a viver a emo\u00e7\u00e3o do futebol raiz, marcado pela rivalidade saud\u00e1vel, pela participa\u00e7\u00e3o popular e pelo orgulho de representar cada comunidade dentro de campo.<\/p>\n<p class=\"wp-block-paragraph\">A Copa de Bairros \u00e9 uma realiza\u00e7\u00e3o da Prefeitura de Feira de Santana, em parceria com a Uni\u00e3o das Entidades Esportivas de Feira de Santana (Ueefs).<\/p>\n<p class=\"wp-block-paragraph\"><em>As informa\u00e7\u00f5es s\u00e3o da Secretaria de Comunica\u00e7\u00e3o Social de Feira de Santana (Secom).<\/em><\/p>\n<p class=\"wp-block-paragraph\"><em>Siga o Acorda Cidade no\u00a0<\/em><a href=\"https:\/\/news.google.com\/search?q=acorda%20cidade&amp;hl=pt-BR&amp;gl=BR&amp;ceid=BR%3Apt-419\"><strong><em>Google Not\u00edcias<\/em><\/strong><\/a><em>\u00a0e receba os principais destaques do dia. Participe tamb\u00e9m dos nossos canais no\u00a0<\/em><a href=\"https:\/\/whatsapp.com\/channel\/0029Va6Rb4v3WHTNnsh8WI3N\"><strong><em>WhatsApp<\/em><\/strong><\/a><em>\u00a0e\u00a0<\/em><a href=\"https:\/\/www.youtube.com\/@acordacidadenoticias\/videos\"><strong>YouTube<\/strong><\/a><em>\u00a0e do grupo no\u00a0<\/em><a href=\"https:\/\/t.me\/+sSz0khrgARA0ZmRh\"><strong><em>Telegram<\/em><\/strong><\/a><em>.<\/em><\/p>\n<\/div>\n","protected":false},"excerpt":{"rendered":"<p>Foto: Valdenir Lima Depois de sete anos sem ser realizada, a tradicional Copa de Bairros<\/p>\n","protected":false},"author":1,"featured_media":148649,"comment_status":"closed","ping_status":"closed","sticky":false,"template":"","format":"gallery","meta":{"footnotes":""},"categories":[8,9,6,57,56,10],"tags":[],"class_list":["post-148648","post","type-post","status-publish","format-gallery","has-post-thumbnail","hentry","category-bahia","category-brasil","category-feira-de-santana","category-mundo","category-policia","category-politica","post_format-post-format-gallery"],"featured_image_urls":{"full":["https:\/\/noticiasbahia360.com.br\/wp-content\/uploads\/2026\/09\/copa-de-Bairro.jpg",1200,800,false],"thumbnail":["https:\/\/noticiasbahia360.com.br\/wp-content\/uploads\/2026\/09\/copa-de-Bairro-150x150.jpg",150,150,true],"medium":["https:\/\/noticiasbahia360.com.br\/wp-content\/uploads\/2026\/09\/copa-de-Bairro-300x200.jpg",300,200,true],"medium_large":["https:\/\/noticiasbahia360.com.br\/wp-content\/uploads\/2026\/09\/copa-de-Bairro-768x512.jpg",640,427,true],"large":["https:\/\/noticiasbahia360.com.br\/wp-content\/uploads\/2026\/09\/copa-de-Bairro-1024x683.jpg",640,427,true],"1536x1536":["https:\/\/noticiasbahia360.com.br\/wp-content\/uploads\/2026\/09\/copa-de-Bairro.jpg",1200,800,false],"2048x2048":["https:\/\/noticiasbahia360.com.br\/wp-content\/uploads\/2026\/09\/copa-de-Bairro.jpg",1200,800,false],"chromenews-featured":["https:\/\/noticiasbahia360.com.br\/wp-content\/uploads\/2026\/09\/copa-de-Bairro-1024x683.jpg",1024,683,true],"chromenews-large":["https:\/\/noticiasbahia360.com.br\/wp-content\/uploads\/2026\/09\/copa-de-Bairro-825x575.jpg",825,575,true],"chromenews-medium":["https:\/\/noticiasbahia360.com.br\/wp-content\/uploads\/2026\/09\/copa-de-Bairro-590x410.jpg",590,410,true]},"author_info":{"display_name":"noticiasbahia360.com.br","author_link":"https:\/\/noticiasbahia360.com.br\/?author=1"},"category_info":"<a href=\"https:\/\/noticiasbahia360.com.br\/?cat=8\" rel=\"category\">Bahia<\/a> <a href=\"https:\/\/noticiasbahia360.com.br\/?cat=9\" rel=\"category\">Brasil<\/a> <a href=\"https:\/\/noticiasbahia360.com.br\/?cat=6\" rel=\"category\">Feira de Santana<\/a> <a href=\"https:\/\/noticiasbahia360.com.br\/?cat=57\" rel=\"category\">Mundo<\/a> <a href=\"https:\/\/noticiasbahia360.com.br\/?cat=56\" rel=\"category\">Pol\u00edcia<\/a> <a href=\"https:\/\/noticiasbahia360.com.br\/?cat=10\" rel=\"category\">Pol\u00edtica<\/a>","tag_info":"Pol\u00edtica","comment_count":"0","_links":{"self":[{"href":"https:\/\/noticiasbahia360.com.br\/index.php?rest_route=\/wp\/v2\/posts\/148648","targetHints":{"allow":["GET"]}}],"collection":[{"href":"https:\/\/noticiasbahia360.com.br\/index.php?rest_route=\/wp\/v2\/posts"}],"about":[{"href":"https:\/\/noticiasbahia360.com.br\/index.php?rest_route=\/wp\/v2\/types\/post"}],"author":[{"embeddable":true,"href":"https:\/\/noticiasbahia360.com.br\/index.php?rest_route=\/wp\/v2\/users\/1"}],"replies":[{"embeddable":true,"href":"https:\/\/noticiasbahia360.com.br\/index.php?rest_route=%2Fwp%2Fv2%2Fcomments&post=148648"}],"version-history":[{"count":0,"href":"https:\/\/noticiasbahia360.com.br\/index.php?rest_route=\/wp\/v2\/posts\/148648\/revisions"}],"wp:featuredmedia":[{"embeddable":true,"href":"https:\/\/noticiasbahia360.com.br\/index.php?rest_route=\/wp\/v2\/media\/148649"}],"wp:attachment":[{"href":"https:\/\/noticiasbahia360.com.br\/index.php?rest_route=%2Fwp%2Fv2%2Fmedia&parent=148648"}],"wp:term":[{"taxonomy":"category","embeddable":true,"href":"https:\/\/noticiasbahia360.com.br\/index.php?rest_route=%2Fwp%2Fv2%2Fcategories&post=148648"},{"taxonomy":"post_tag","embeddable":true,"href":"https:\/\/noticiasbahia360.com.br\/index.php?rest_route=%2Fwp%2Fv2%2Ftags&post=148648"}],"curies":[{"name":"wp","href":"https:\/\/api.w.org\/{rel}","templated":true}]}}