{"id":148654,"date":"2026-09-03T11:03:41","date_gmt":"2026-09-03T14:03:41","guid":{"rendered":"https:\/\/noticiasbahia360.com.br\/?p=148654"},"modified":"2026-09-03T11:03:41","modified_gmt":"2026-09-03T14:03:41","slug":"cbf-divulga-datas-e-horarios-dos-amistosos-da-selecao-contra-japao-e-singapura","status":"publish","type":"post","link":"https:\/\/noticiasbahia360.com.br\/?p=148654","title":{"rendered":"CBF divulga datas e hor\u00e1rios dos amistosos da Sele\u00e7\u00e3o contra Jap\u00e3o e Singapura"},"content":{"rendered":"<div>\n<div>\n<figure><img decoding=\"async\" src=\"http:\/\/noticiasbahia360.com.br\/wp-content\/uploads\/2026\/09\/brasil_x_japao_houston_.jpg\" alt=\"brasil_x_japao_houston_\"><figcaption>Foto: Divulga\u00e7\u00e3o\/CBF<\/figcaption><\/figure>\n<\/div>\n<p class=\"wp-block-paragraph\">A Sele\u00e7\u00e3o Brasileira disputar\u00e1 dois amistosos internacionais em Singapura durante a Data FIFA de novembro. O Brasil enfrentar\u00e1 o Jap\u00e3o no dia 14, \u00e0s 7h15 (hor\u00e1rio de Bras\u00edlia), e a sele\u00e7\u00e3o de Singapura no dia 17, \u00e0s 7h. As duas partidas ser\u00e3o realizadas no Est\u00e1dio Nacional de Singapura. O confronto com o Jap\u00e3o marcar\u00e1 o reencontro entre as sele\u00e7\u00f5es ap\u00f3s a Copa do Mundo FIFA 2026, enquanto a partida diante de Singapura ser\u00e1 o primeiro encontro entre as duas sele\u00e7\u00f5es principais.<\/p>\n<p class=\"wp-block-paragraph\">As partidas ser\u00e3o disputadas no Est\u00e1dio Nacional, com capacidade para 55.000 pessoas. O est\u00e1dio foi inaugurado em 2014 e caracteriza-se pelas modernas instala\u00e7\u00f5es, que incluem um teto retr\u00e1til.<\/p>\n<p class=\"wp-block-paragraph\">A defini\u00e7\u00e3o dos compromissos considera o cen\u00e1rio do calend\u00e1rio internacional. No per\u00edodo, as principais sele\u00e7\u00f5es europeias estar\u00e3o envolvidas em compromissos oficiais da UEFA, o que restringe a disponibilidade de advers\u00e1rios daquele continente para a realiza\u00e7\u00e3o de amistosos. Fato similar ocorre com o continente africano.<\/p>\n<p class=\"wp-block-paragraph\">Diante desse cen\u00e1rio, a CBF estruturou sua programa\u00e7\u00e3o buscando proporcionar \u00e0 Sele\u00e7\u00e3o Brasileira enfrentamentos com diferentes escolas de futebol.<\/p>\n<p class=\"wp-block-paragraph\">Os amistosos representam oportunidades para treinamento, observa\u00e7\u00e3o de atletas, ganho de minutagem, desenvolvimento de conceitos e amplia\u00e7\u00e3o das alternativas da comiss\u00e3o t\u00e9cnica.<\/p>\n<p class=\"wp-block-paragraph\">A presen\u00e7a do Brasil no sudeste da \u00c1sia dar\u00e1 sequ\u00eancia ao trabalho de Carlo Ancelotti na forma\u00e7\u00e3o da equipe visando aos objetivos dos pr\u00f3ximos anos, que s\u00e3o a Copa Am\u00e9rica de 2028 e a Copa do Mundo de 2030. Ancelotti tem fortalecido a integra\u00e7\u00e3o da Sele\u00e7\u00e3o Principal com as de base, trabalho que j\u00e1 foi iniciado com a sua chegada e que agora j\u00e1 acontece em maior intensidade, de olho tamb\u00e9m nos compromissos dessas sele\u00e7\u00f5es, como a Copa do Mundo Sub-17, em novembro, no Qatar, e a constru\u00e7\u00e3o de uma base para o pr\u00f3ximo ciclo ol\u00edmpico, cuja tarefa est\u00e1 nas m\u00e3os de Paulo Victor, treinador tamb\u00e9m da Sele\u00e7\u00e3o Sub-20.<\/p>\n<p class=\"wp-block-paragraph\">\u201cOs amistosos em Singapura representam mais um passo importante na constru\u00e7\u00e3o da Sele\u00e7\u00e3o Brasileira para os pr\u00f3ximos anos. Enfrentar Jap\u00e3o e Singapura nos permitir\u00e1 observar o comportamento da equipe em contextos diferentes, algo fundamental neste in\u00edcio de ciclo. Estamos trabalhando para fortalecer nossa identidade e ampliar nossas alternativas. O objetivo \u00e9 evoluir com equil\u00edbrio, preparando o grupo para os desafios maiores que teremos pela frente\u201d, disse Ancelotti.<\/p>\n<p class=\"wp-block-paragraph\">Rodrigo Caetano, coordenador geral de sele\u00e7\u00f5es masculinas, reitera a import\u00e2ncia dos amistosos no contexto de observa\u00e7\u00e3o e renova\u00e7\u00e3o da sele\u00e7\u00e3o. \u201cSempre priorizamos o que \u00e9 melhor para a Sele\u00e7\u00e3o Brasileira. Os amistosos s\u00e3o importantes pelos enfrentamentos com diferentes escolas, equipes de estilos distintos e cada uma com suas caracter\u00edsticas e realidades. \u00c9 mais uma oportunidade de nos reunirmos, de estarmos juntos, ter esse conv\u00edvio, que \u00e9 de fundamental import\u00e2ncia para o nosso ciclo. As Datas FIFA s\u00e3o oportunidades valiosas para inserirmos nossos princ\u00edpios, n\u00e3o s\u00f3 de jogo, mas tamb\u00e9m dessa nova ideia de Sele\u00e7\u00e3o. Temos que otimizar os per\u00edodos em que estamos juntos, que s\u00e3o sempre muito importantes.\u201d<\/p>\n<p class=\"wp-block-paragraph\"><strong>DATA FIFA DE NOVEMBRO<\/strong><\/p>\n<p class=\"wp-block-paragraph\">14\/11 \u2013 Jap\u00e3o x Brasil<\/p>\n<p class=\"wp-block-paragraph\">7h15 (Bras\u00edlia) | Est\u00e1dio Nacional de Singapura<\/p>\n<p class=\"wp-block-paragraph\">17\/11 \u2013 Singapura x Brasil<\/p>\n<p class=\"wp-block-paragraph\">7h (Bras\u00edlia) | Est\u00e1dio Nacional de Singapura<\/p>\n<p class=\"wp-block-paragraph\"><em>Siga o Acorda Cidade no\u00a0<\/em><a href=\"https:\/\/news.google.com\/search?q=acorda%20cidade&amp;hl=pt-BR&amp;gl=BR&amp;ceid=BR%3Apt-419\"><strong><em>Google Not\u00edcias<\/em><\/strong><\/a><em>\u00a0e receba os principais destaques do dia. Participe tamb\u00e9m dos nossos canais no\u00a0<\/em><a href=\"https:\/\/www.whatsapp.com\/channel\/0029Va6Rb4v3WHTNnsh8WI3N\"><strong><em>WhatsApp<\/em><\/strong><\/a><em>\u00a0e\u00a0<\/em><a href=\"https:\/\/www.youtube.com\/@acordacidadenoticias\/videos\"><strong>YouTube<\/strong><\/a><em>\u00a0e grupo de\u00a0<\/em><a href=\"https:\/\/t.me\/+sSz0khrgARA0ZmRh\"><strong><em>Telegram<\/em><\/strong><\/a><em>.<\/em><\/p>\n<\/div>\n","protected":false},"excerpt":{"rendered":"<p>Foto: Divulga\u00e7\u00e3o\/CBF A Sele\u00e7\u00e3o Brasileira disputar\u00e1 dois amistosos internacionais em Singapura durante a Data FIFA<\/p>\n","protected":false},"author":1,"featured_media":148655,"comment_status":"closed","ping_status":"closed","sticky":false,"template":"","format":"gallery","meta":{"footnotes":""},"categories":[8,9,6,57,56,10],"tags":[],"class_list":["post-148654","post","type-post","status-publish","format-gallery","has-post-thumbnail","hentry","category-bahia","category-brasil","category-feira-de-santana","category-mundo","category-policia","category-politica","post_format-post-format-gallery"],"featured_image_urls":{"full":["https:\/\/noticiasbahia360.com.br\/wp-content\/uploads\/2026\/09\/brasil_x_japao_houston_.jpg",1200,800,false],"thumbnail":["https:\/\/noticiasbahia360.com.br\/wp-content\/uploads\/2026\/09\/brasil_x_japao_houston_-150x150.jpg",150,150,true],"medium":["https:\/\/noticiasbahia360.com.br\/wp-content\/uploads\/2026\/09\/brasil_x_japao_houston_-300x200.jpg",300,200,true],"medium_large":["https:\/\/noticiasbahia360.com.br\/wp-content\/uploads\/2026\/09\/brasil_x_japao_houston_-768x512.jpg",640,427,true],"large":["https:\/\/noticiasbahia360.com.br\/wp-content\/uploads\/2026\/09\/brasil_x_japao_houston_-1024x683.jpg",640,427,true],"1536x1536":["https:\/\/noticiasbahia360.com.br\/wp-content\/uploads\/2026\/09\/brasil_x_japao_houston_.jpg",1200,800,false],"2048x2048":["https:\/\/noticiasbahia360.com.br\/wp-content\/uploads\/2026\/09\/brasil_x_japao_houston_.jpg",1200,800,false],"chromenews-featured":["https:\/\/noticiasbahia360.com.br\/wp-content\/uploads\/2026\/09\/brasil_x_japao_houston_-1024x683.jpg",1024,683,true],"chromenews-large":["https:\/\/noticiasbahia360.com.br\/wp-content\/uploads\/2026\/09\/brasil_x_japao_houston_-825x575.jpg",825,575,true],"chromenews-medium":["https:\/\/noticiasbahia360.com.br\/wp-content\/uploads\/2026\/09\/brasil_x_japao_houston_-590x410.jpg",590,410,true]},"author_info":{"display_name":"noticiasbahia360.com.br","author_link":"https:\/\/noticiasbahia360.com.br\/?author=1"},"category_info":"<a href=\"https:\/\/noticiasbahia360.com.br\/?cat=8\" rel=\"category\">Bahia<\/a> <a href=\"https:\/\/noticiasbahia360.com.br\/?cat=9\" rel=\"category\">Brasil<\/a> <a href=\"https:\/\/noticiasbahia360.com.br\/?cat=6\" rel=\"category\">Feira de Santana<\/a> <a href=\"https:\/\/noticiasbahia360.com.br\/?cat=57\" rel=\"category\">Mundo<\/a> <a href=\"https:\/\/noticiasbahia360.com.br\/?cat=56\" rel=\"category\">Pol\u00edcia<\/a> <a href=\"https:\/\/noticiasbahia360.com.br\/?cat=10\" rel=\"category\">Pol\u00edtica<\/a>","tag_info":"Pol\u00edtica","comment_count":"0","_links":{"self":[{"href":"https:\/\/noticiasbahia360.com.br\/index.php?rest_route=\/wp\/v2\/posts\/148654","targetHints":{"allow":["GET"]}}],"collection":[{"href":"https:\/\/noticiasbahia360.com.br\/index.php?rest_route=\/wp\/v2\/posts"}],"about":[{"href":"https:\/\/noticiasbahia360.com.br\/index.php?rest_route=\/wp\/v2\/types\/post"}],"author":[{"embeddable":true,"href":"https:\/\/noticiasbahia360.com.br\/index.php?rest_route=\/wp\/v2\/users\/1"}],"replies":[{"embeddable":true,"href":"https:\/\/noticiasbahia360.com.br\/index.php?rest_route=%2Fwp%2Fv2%2Fcomments&post=148654"}],"version-history":[{"count":0,"href":"https:\/\/noticiasbahia360.com.br\/index.php?rest_route=\/wp\/v2\/posts\/148654\/revisions"}],"wp:featuredmedia":[{"embeddable":true,"href":"https:\/\/noticiasbahia360.com.br\/index.php?rest_route=\/wp\/v2\/media\/148655"}],"wp:attachment":[{"href":"https:\/\/noticiasbahia360.com.br\/index.php?rest_route=%2Fwp%2Fv2%2Fmedia&parent=148654"}],"wp:term":[{"taxonomy":"category","embeddable":true,"href":"https:\/\/noticiasbahia360.com.br\/index.php?rest_route=%2Fwp%2Fv2%2Fcategories&post=148654"},{"taxonomy":"post_tag","embeddable":true,"href":"https:\/\/noticiasbahia360.com.br\/index.php?rest_route=%2Fwp%2Fv2%2Ftags&post=148654"}],"curies":[{"name":"wp","href":"https:\/\/api.w.org\/{rel}","templated":true}]}}