{"id":148656,"date":"2026-09-03T11:03:42","date_gmt":"2026-09-03T14:03:42","guid":{"rendered":"https:\/\/noticiasbahia360.com.br\/?p=148656"},"modified":"2026-09-03T11:03:42","modified_gmt":"2026-09-03T14:03:42","slug":"mp-denuncia-oito-por-lavagem-de-dinheiro-por-meio-de-bets-esquema-ocultou-r-52-milhoes","status":"publish","type":"post","link":"https:\/\/noticiasbahia360.com.br\/?p=148656","title":{"rendered":"MP denuncia oito por lavagem de dinheiro por meio de bets; esquema ocultou R$ 5,2 milh\u00f5es"},"content":{"rendered":"<div>\n<div>\n<figure><img decoding=\"async\" src=\"http:\/\/noticiasbahia360.com.br\/wp-content\/uploads\/2026\/09\/Ministerio-Publico-do-Rio-de-Janeiro-Foto-Fernando-Frazao-Agencia-Brasil.jpg\" alt=\"Minist\u00e9rio P\u00fablico do Rio de Janeiro\"><figcaption>Foto: Fernando Fraz\u00e3o\/ Ag\u00eancia Brasil<\/figcaption><\/figure>\n<\/div>\n<p class=\"wp-block-paragraph\">Ag\u00eancia Brasil \u2014 O Minist\u00e9rio P\u00fablico do Rio de Janeiro (MPRJ) denunciou oito pessoas por envolvimento em um esquema de lavagem de dinheiro do jogo do bicho por meio de empresas de apostas esportivas\u00a0online, as bets.<\/p>\n<p class=\"wp-block-paragraph\"><strong>As investiga\u00e7\u00f5es do N\u00facleo de Combate aos Crimes Cibern\u00e9ticos do Grupo de Atua\u00e7\u00e3o Especializada de Combate ao Crime Organizado do Minist\u00e9rio P\u00fablico (Gaeco) mostram\u00a0que os denunciados dissimularam e ocultaram ilicitamente pelo menos R$ 5,2 milh\u00f5es.<\/strong><\/p>\n<p class=\"wp-block-paragraph\">A Coordenadoria de Seguran\u00e7a e Intelig\u00eancia (CSI) cumpriu mandados de busca e apreens\u00e3o em endere\u00e7os na Barra da Tijuca, Freguesia, Botafogo e centro\u00a0do\u00a0Rio, al\u00e9m dos estados do Paran\u00e1 e de Goi\u00e1s.<\/p>\n<p class=\"wp-block-paragraph\"><strong>A pedido do MPRJ, a Justi\u00e7a tamb\u00e9m determinou a suspens\u00e3o das atividades e dos cadastros nacionais de Pessoas Jur\u00eddicas (CNPJs) de duas empresas. As buscas\u00a0fora do Rio de Janeiro contaram com o apoio dos minist\u00e9rios p\u00fablicos do Paran\u00e1 e de Goi\u00e1s. A den\u00fancia foi recebida pela 2\u00aa Vara Especializada em Organiza\u00e7\u00e3o Criminosa do Rio.<\/strong><\/p>\n<p class=\"wp-block-paragraph\">De acordo com a den\u00fancia, recursos provenientes da contraven\u00e7\u00e3o eram inseridos na economia formal por meio de uma casa de apostas. Para viabilizar o esquema, o grupo utilizava diferentes empresas, al\u00e9m de pessoas apontadas como laranjas.<\/p>\n<p class=\"wp-block-paragraph\">O rastreamento financeiro identificou que, em 6 de maio de 2024, a empresa que operava a casa de apostas\u00a0recebeu dois aportes de R$ 2,5 milh\u00f5es cada, provenientes de um dos denunciados e outro de uma das empresas, de titularidade de um dos envolvidos. No mesmo dia, a operadora transferiu R$ 5,2 milh\u00f5es \u00e0 Loteria do Estado do Rio de Janeiro (Loterj) como pagamento da outorga necess\u00e1ria \u00e0 explora\u00e7\u00e3o de apostas de cota fixa.<\/p>\n<p class=\"wp-block-paragraph\"><em>Siga o Acorda Cidade no\u00a0<\/em><a href=\"https:\/\/news.google.com\/search?q=acorda%20cidade&amp;hl=pt-BR&amp;gl=BR&amp;ceid=BR%3Apt-419\"><strong><em>Google Not\u00edcias<\/em><\/strong><\/a><em>\u00a0e receba os principais destaques do dia. Participe tamb\u00e9m dos nossos canais no\u00a0<\/em><a href=\"https:\/\/whatsapp.com\/channel\/0029Va6Rb4v3WHTNnsh8WI3N\"><strong><em>WhatsApp<\/em><\/strong><\/a><em>\u00a0e\u00a0<\/em><a href=\"https:\/\/www.youtube.com\/@acordacidadenoticias\/videos\"><strong>YouTube<\/strong><\/a><em>\u00a0e do grupo no\u00a0<\/em><a href=\"https:\/\/t.me\/+sSz0khrgARA0ZmRh\"><strong><em>Telegram<\/em><\/strong><\/a><em>.<\/em><\/p>\n<\/div>\n","protected":false},"excerpt":{"rendered":"<p>Foto: Fernando Fraz\u00e3o\/ Ag\u00eancia Brasil Ag\u00eancia Brasil \u2014 O Minist\u00e9rio P\u00fablico do Rio de Janeiro<\/p>\n","protected":false},"author":1,"featured_media":148657,"comment_status":"closed","ping_status":"closed","sticky":false,"template":"","format":"gallery","meta":{"footnotes":""},"categories":[8,9,6,57,56,10],"tags":[],"class_list":["post-148656","post","type-post","status-publish","format-gallery","has-post-thumbnail","hentry","category-bahia","category-brasil","category-feira-de-santana","category-mundo","category-policia","category-politica","post_format-post-format-gallery"],"featured_image_urls":{"full":["https:\/\/noticiasbahia360.com.br\/wp-content\/uploads\/2026\/09\/Ministerio-Publico-do-Rio-de-Janeiro-Foto-Fernando-Frazao-Agencia-Brasil.jpg",1200,718,false],"thumbnail":["https:\/\/noticiasbahia360.com.br\/wp-content\/uploads\/2026\/09\/Ministerio-Publico-do-Rio-de-Janeiro-Foto-Fernando-Frazao-Agencia-Brasil-150x150.jpg",150,150,true],"medium":["https:\/\/noticiasbahia360.com.br\/wp-content\/uploads\/2026\/09\/Ministerio-Publico-do-Rio-de-Janeiro-Foto-Fernando-Frazao-Agencia-Brasil-300x180.jpg",300,180,true],"medium_large":["https:\/\/noticiasbahia360.com.br\/wp-content\/uploads\/2026\/09\/Ministerio-Publico-do-Rio-de-Janeiro-Foto-Fernando-Frazao-Agencia-Brasil-768x460.jpg",640,383,true],"large":["https:\/\/noticiasbahia360.com.br\/wp-content\/uploads\/2026\/09\/Ministerio-Publico-do-Rio-de-Janeiro-Foto-Fernando-Frazao-Agencia-Brasil-1024x613.jpg",640,383,true],"1536x1536":["https:\/\/noticiasbahia360.com.br\/wp-content\/uploads\/2026\/09\/Ministerio-Publico-do-Rio-de-Janeiro-Foto-Fernando-Frazao-Agencia-Brasil.jpg",1200,718,false],"2048x2048":["https:\/\/noticiasbahia360.com.br\/wp-content\/uploads\/2026\/09\/Ministerio-Publico-do-Rio-de-Janeiro-Foto-Fernando-Frazao-Agencia-Brasil.jpg",1200,718,false],"chromenews-featured":["https:\/\/noticiasbahia360.com.br\/wp-content\/uploads\/2026\/09\/Ministerio-Publico-do-Rio-de-Janeiro-Foto-Fernando-Frazao-Agencia-Brasil-1024x613.jpg",1024,613,true],"chromenews-large":["https:\/\/noticiasbahia360.com.br\/wp-content\/uploads\/2026\/09\/Ministerio-Publico-do-Rio-de-Janeiro-Foto-Fernando-Frazao-Agencia-Brasil-825x575.jpg",825,575,true],"chromenews-medium":["https:\/\/noticiasbahia360.com.br\/wp-content\/uploads\/2026\/09\/Ministerio-Publico-do-Rio-de-Janeiro-Foto-Fernando-Frazao-Agencia-Brasil-590x410.jpg",590,410,true]},"author_info":{"display_name":"noticiasbahia360.com.br","author_link":"https:\/\/noticiasbahia360.com.br\/?author=1"},"category_info":"<a href=\"https:\/\/noticiasbahia360.com.br\/?cat=8\" rel=\"category\">Bahia<\/a> <a href=\"https:\/\/noticiasbahia360.com.br\/?cat=9\" rel=\"category\">Brasil<\/a> <a href=\"https:\/\/noticiasbahia360.com.br\/?cat=6\" rel=\"category\">Feira de Santana<\/a> <a href=\"https:\/\/noticiasbahia360.com.br\/?cat=57\" rel=\"category\">Mundo<\/a> <a href=\"https:\/\/noticiasbahia360.com.br\/?cat=56\" rel=\"category\">Pol\u00edcia<\/a> <a href=\"https:\/\/noticiasbahia360.com.br\/?cat=10\" rel=\"category\">Pol\u00edtica<\/a>","tag_info":"Pol\u00edtica","comment_count":"0","_links":{"self":[{"href":"https:\/\/noticiasbahia360.com.br\/index.php?rest_route=\/wp\/v2\/posts\/148656","targetHints":{"allow":["GET"]}}],"collection":[{"href":"https:\/\/noticiasbahia360.com.br\/index.php?rest_route=\/wp\/v2\/posts"}],"about":[{"href":"https:\/\/noticiasbahia360.com.br\/index.php?rest_route=\/wp\/v2\/types\/post"}],"author":[{"embeddable":true,"href":"https:\/\/noticiasbahia360.com.br\/index.php?rest_route=\/wp\/v2\/users\/1"}],"replies":[{"embeddable":true,"href":"https:\/\/noticiasbahia360.com.br\/index.php?rest_route=%2Fwp%2Fv2%2Fcomments&post=148656"}],"version-history":[{"count":0,"href":"https:\/\/noticiasbahia360.com.br\/index.php?rest_route=\/wp\/v2\/posts\/148656\/revisions"}],"wp:featuredmedia":[{"embeddable":true,"href":"https:\/\/noticiasbahia360.com.br\/index.php?rest_route=\/wp\/v2\/media\/148657"}],"wp:attachment":[{"href":"https:\/\/noticiasbahia360.com.br\/index.php?rest_route=%2Fwp%2Fv2%2Fmedia&parent=148656"}],"wp:term":[{"taxonomy":"category","embeddable":true,"href":"https:\/\/noticiasbahia360.com.br\/index.php?rest_route=%2Fwp%2Fv2%2Fcategories&post=148656"},{"taxonomy":"post_tag","embeddable":true,"href":"https:\/\/noticiasbahia360.com.br\/index.php?rest_route=%2Fwp%2Fv2%2Ftags&post=148656"}],"curies":[{"name":"wp","href":"https:\/\/api.w.org\/{rel}","templated":true}]}}