{"id":148658,"date":"2026-09-03T11:03:43","date_gmt":"2026-09-03T14:03:43","guid":{"rendered":"https:\/\/noticiasbahia360.com.br\/?p=148658"},"modified":"2026-09-03T11:03:43","modified_gmt":"2026-09-03T14:03:43","slug":"feira-de-santana-lanca-projeto-que-usa-ia-para-apoiar-decisoes-clinicas-na-rede-municipal","status":"publish","type":"post","link":"https:\/\/noticiasbahia360.com.br\/?p=148658","title":{"rendered":"Feira de Santana lan\u00e7a projeto que usa IA para apoiar decis\u00f5es cl\u00ednicas na rede municipal"},"content":{"rendered":"<div>\n<div>\n<figure><img decoding=\"async\" src=\"http:\/\/noticiasbahia360.com.br\/wp-content\/uploads\/2026\/09\/Saude-de-Feira-passa-a-contar-com-inteligencia-artificial-para-apoiar-decisoes-clinicas.jpg\" alt=\"Sa\u00fade de Feira passa a contar com intelig\u00eancia artificial para apoiar decis\u00f5es cl\u00ednicas\"><figcaption>Foto: Endy Heloise<\/figcaption><\/figure>\n<\/div>\n<p class=\"wp-block-paragraph\">A Secretaria Municipal de Sa\u00fade lan\u00e7ou, nesta quarta-feira (2), o projeto cuidado em IA, que utiliza intelig\u00eancia artificial para apoiar decis\u00f5es cl\u00ednicas na rede municipal. A iniciativa apresentada a m\u00e9dicos e enfermeiros busca qualificar a assist\u00eancia e oferecer suporte aos profissionais de sa\u00fade.<\/p>\n<p class=\"wp-block-paragraph\">Desenvolvida pela startup Volts, a solu\u00e7\u00e3o auxilia profissionais de sa\u00fade \u2013 sobretudo m\u00e9dicos \u2013 na an\u00e1lise de informa\u00e7\u00f5es e na defini\u00e7\u00e3o de condutas cl\u00ednicas. A tecnologia poder\u00e1 ser utilizada em diferentes pontos da rede, contribuindo para decis\u00f5es mais assertivas e seguras.<\/p>\n<figure class=\"wp-block-image size-full\"><img fetchpriority=\"high\" fetchpriority=\"high\" decoding=\"async\" width=\"1200\" height=\"800\" src=\"http:\/\/noticiasbahia360.com.br\/wp-content\/uploads\/2026\/09\/Saude-de-Feira-passa-a-contar-com-inteligencia-artificial-para-apoiar-decisoes-clinicas-1.jpg\" alt=\"Sa\u00fade de Feira passa a contar com intelig\u00eancia artificial para apoiar decis\u00f5es cl\u00ednicas\" class=\"wp-image-687548\" srcset=\"http:\/\/noticiasbahia360.com.br\/wp-content\/uploads\/2026\/09\/Saude-de-Feira-passa-a-contar-com-inteligencia-artificial-para-apoiar-decisoes-clinicas-1.jpg 1200w, https:\/\/uploads.acordacidade.com.br\/2026\/09\/Saude-de-Feira-passa-a-contar-com-inteligencia-artificial-para-apoiar-decisoes-clinicas-1-750x500.jpg 750w, https:\/\/uploads.acordacidade.com.br\/2026\/09\/Saude-de-Feira-passa-a-contar-com-inteligencia-artificial-para-apoiar-decisoes-clinicas-1-1000x667.jpg 1000w, https:\/\/uploads.acordacidade.com.br\/2026\/09\/Saude-de-Feira-passa-a-contar-com-inteligencia-artificial-para-apoiar-decisoes-clinicas-1-450x300.jpg 450w, https:\/\/uploads.acordacidade.com.br\/2026\/09\/Saude-de-Feira-passa-a-contar-com-inteligencia-artificial-para-apoiar-decisoes-clinicas-1-150x100.jpg 150w\" sizes=\"(max-width: 1200px) 100vw, 1200px\"><figcaption class=\"wp-element-caption\">Foto: Endy Heloise<\/figcaption><\/figure>\n<p class=\"wp-block-paragraph\">O secret\u00e1rio municipal de Sa\u00fade, Rodrigo Matos, afirmou que a inova\u00e7\u00e3o deve estar voltada \u00e0 melhoria do atendimento. \u201cEssa \u00e9 uma ferramenta para prestar um servi\u00e7o de maior qualidade. N\u00e3o tenho d\u00favida de que, na implanta\u00e7\u00e3o, teremos desafios, mas esses desafios n\u00e3o podem ser desculpas para n\u00e3o implementar. Eles devem ser encarados como uma oportunidade para melhorar e fazer uma entrega melhor para quem mais precisa, que s\u00e3o as pessoas que buscam nossas unidades b\u00e1sicas de sa\u00fade\u201d, declarou.<\/p>\n<p class=\"wp-block-paragraph\">Rodrigo Matos tamb\u00e9m destacou a participa\u00e7\u00e3o de m\u00e9dicos e enfermeiros na implanta\u00e7\u00e3o do sistema e a import\u00e2ncia do acesso a informa\u00e7\u00f5es atualizadas. \u201cA ideia de trazer essa tecnologia \u00e9 justamente fazer com que a tomada de decis\u00e3o possa ser pautada na medicina baseada em evid\u00eancias. A gente tem que ter a humildade intelectual de perceber que n\u00e3o consegue acompanhar toda essa evolu\u00e7\u00e3o, principalmente quem trabalha na aten\u00e7\u00e3o prim\u00e1ria. Todas as ferramentas tecnol\u00f3gicas que possam apoiar o trabalho de voc\u00eas, a gente est\u00e1 disposto a investir\u201d, afirmou.<\/p>\n<p class=\"wp-block-paragraph\">Segundo a cofundadora da Volts, Clara Carvalho, m\u00e9dica emergencista formada pela Universidade de S\u00e3o Paulo (USP) e com experi\u00eancia em gest\u00e3o de servi\u00e7os de emerg\u00eancia, a ferramenta foi criada para apoiar os profissionais diante do avan\u00e7o da intelig\u00eancia artificial na sa\u00fade.<\/p>\n<p class=\"wp-block-paragraph\">\u201cO profissional poder\u00e1 contar com informa\u00e7\u00f5es qualificadas para auxiliar na defini\u00e7\u00e3o de diagn\u00f3sticos, condutas e encaminhamentos\u201d, acrescentou a idealizadora da plataforma.<\/p>\n<p class=\"wp-block-paragraph\">De acordo com a m\u00e9dica, o uso respons\u00e1vel da tecnologia tamb\u00e9m pode melhorar a experi\u00eancia dos usu\u00e1rios. \u201cEle ter\u00e1 um cuidado de sa\u00fade mais adequado, um diagn\u00f3stico e condutas mais assertivas, e encaminhamento quando necess\u00e1rio. Muitas vezes, o usu\u00e1rio fica perdido no sistema por conta de m\u00e1 gest\u00e3o das informa\u00e7\u00f5es\u201d, destacou.<\/p>\n<p class=\"wp-block-paragraph\">A plataforma oferece suporte ao racioc\u00ednio cl\u00ednico, ajudando a reduzir a carga cognitiva e apoiando a tomada de decis\u00f5es. Segundo Clara, a ferramenta funciona como uma esp\u00e9cie de \u201cpreceptor\u201d virtual para o m\u00e9dico.<\/p>\n<p class=\"wp-block-paragraph\">\u201cPara o profissional de sa\u00fade, h\u00e1 redu\u00e7\u00e3o de burnout e da carga cognitiva, porque hoje o m\u00e9dico tem v\u00e1rias coisas para pensar ao mesmo tempo e, \u00e0s vezes, n\u00e3o consegue parar para raciocinar de maneira adequada\u201d, afirmou.<\/p>\n<p class=\"wp-block-paragraph\">O sistema tamb\u00e9m re\u00fane recursos de atualiza\u00e7\u00e3o profissional, como aulas, curadoria de conte\u00fados e acesso a artigos cient\u00edficos recentes.<\/p>\n<p class=\"wp-block-paragraph\">Sistema presente em outros munic\u00edpios<\/p>\n<p class=\"wp-block-paragraph\">A tecnologia j\u00e1 \u00e9 utilizada em outros munic\u00edpios e servi\u00e7os de sa\u00fade. Na Bahia, segundo Clara Carvalho, a Volts est\u00e1 presente em Dom Bas\u00edlio, Vit\u00f3ria da Conquista e Salvador. O sistema tamb\u00e9m \u00e9 utilizado em cidades de S\u00e3o Paulo e do Rio de Janeiro.<\/p>\n<p class=\"wp-block-paragraph\">Atualmente, a plataforma conta com mais de 1,5 mil m\u00e9dicos. Para a cofundadora, um dos diferenciais \u00e9 o interesse dos pr\u00f3prios profissionais em utilizar a ferramenta para aprimorar a assist\u00eancia.<\/p>\n<p class=\"wp-block-paragraph\">\u201cIsso \u00e9 algo muito nobre: ver os colegas m\u00e9dicos querendo ter o sistema, n\u00e3o s\u00f3 sendo algo fornecido. Ent\u00e3o, \u00e9 de fato algo que muda muito a jornada do m\u00e9dico e do paciente\u201d, ressaltou.<\/p>\n<p class=\"wp-block-paragraph\"><em>As informa\u00e7\u00f5es s\u00e3o da Secretaria de Comunica\u00e7\u00e3o Social de Feira de Santana (Secom).<\/em><\/p>\n<p class=\"wp-block-paragraph\"><em>Siga o Acorda Cidade no\u00a0<\/em><a href=\"https:\/\/news.google.com\/search?q=acorda%20cidade&amp;hl=pt-BR&amp;gl=BR&amp;ceid=BR%3Apt-419\"><strong><em>Google Not\u00edcias<\/em><\/strong><\/a><em>\u00a0e receba os principais destaques do dia. Participe tamb\u00e9m dos nossos canais no\u00a0<\/em><a href=\"https:\/\/whatsapp.com\/channel\/0029Va6Rb4v3WHTNnsh8WI3N\"><strong><em>WhatsApp<\/em><\/strong><\/a><em>\u00a0e\u00a0<\/em><a href=\"https:\/\/www.youtube.com\/@acordacidadenoticias\/videos\"><strong>YouTube<\/strong><\/a><em>\u00a0e do grupo no\u00a0<\/em><a href=\"https:\/\/t.me\/+sSz0khrgARA0ZmRh\"><strong><em>Telegram<\/em><\/strong><\/a><em>.<\/em><\/p>\n<\/div>\n","protected":false},"excerpt":{"rendered":"<p>Foto: Endy Heloise A Secretaria Municipal de Sa\u00fade lan\u00e7ou, nesta quarta-feira (2), o projeto cuidado<\/p>\n","protected":false},"author":1,"featured_media":148659,"comment_status":"closed","ping_status":"closed","sticky":false,"template":"","format":"gallery","meta":{"footnotes":""},"categories":[8,9,6,57,56,10],"tags":[],"class_list":["post-148658","post","type-post","status-publish","format-gallery","has-post-thumbnail","hentry","category-bahia","category-brasil","category-feira-de-santana","category-mundo","category-policia","category-politica","post_format-post-format-gallery"],"featured_image_urls":{"full":["https:\/\/noticiasbahia360.com.br\/wp-content\/uploads\/2026\/09\/Saude-de-Feira-passa-a-contar-com-inteligencia-artificial-para-apoiar-decisoes-clinicas.jpg",1200,799,false],"thumbnail":["https:\/\/noticiasbahia360.com.br\/wp-content\/uploads\/2026\/09\/Saude-de-Feira-passa-a-contar-com-inteligencia-artificial-para-apoiar-decisoes-clinicas-150x150.jpg",150,150,true],"medium":["https:\/\/noticiasbahia360.com.br\/wp-content\/uploads\/2026\/09\/Saude-de-Feira-passa-a-contar-com-inteligencia-artificial-para-apoiar-decisoes-clinicas-300x200.jpg",300,200,true],"medium_large":["https:\/\/noticiasbahia360.com.br\/wp-content\/uploads\/2026\/09\/Saude-de-Feira-passa-a-contar-com-inteligencia-artificial-para-apoiar-decisoes-clinicas-768x511.jpg",640,426,true],"large":["https:\/\/noticiasbahia360.com.br\/wp-content\/uploads\/2026\/09\/Saude-de-Feira-passa-a-contar-com-inteligencia-artificial-para-apoiar-decisoes-clinicas-1024x682.jpg",640,426,true],"1536x1536":["https:\/\/noticiasbahia360.com.br\/wp-content\/uploads\/2026\/09\/Saude-de-Feira-passa-a-contar-com-inteligencia-artificial-para-apoiar-decisoes-clinicas.jpg",1200,799,false],"2048x2048":["https:\/\/noticiasbahia360.com.br\/wp-content\/uploads\/2026\/09\/Saude-de-Feira-passa-a-contar-com-inteligencia-artificial-para-apoiar-decisoes-clinicas.jpg",1200,799,false],"chromenews-featured":["https:\/\/noticiasbahia360.com.br\/wp-content\/uploads\/2026\/09\/Saude-de-Feira-passa-a-contar-com-inteligencia-artificial-para-apoiar-decisoes-clinicas-1024x682.jpg",1024,682,true],"chromenews-large":["https:\/\/noticiasbahia360.com.br\/wp-content\/uploads\/2026\/09\/Saude-de-Feira-passa-a-contar-com-inteligencia-artificial-para-apoiar-decisoes-clinicas-825x575.jpg",825,575,true],"chromenews-medium":["https:\/\/noticiasbahia360.com.br\/wp-content\/uploads\/2026\/09\/Saude-de-Feira-passa-a-contar-com-inteligencia-artificial-para-apoiar-decisoes-clinicas-590x410.jpg",590,410,true]},"author_info":{"display_name":"noticiasbahia360.com.br","author_link":"https:\/\/noticiasbahia360.com.br\/?author=1"},"category_info":"<a href=\"https:\/\/noticiasbahia360.com.br\/?cat=8\" rel=\"category\">Bahia<\/a> <a href=\"https:\/\/noticiasbahia360.com.br\/?cat=9\" rel=\"category\">Brasil<\/a> <a href=\"https:\/\/noticiasbahia360.com.br\/?cat=6\" rel=\"category\">Feira de Santana<\/a> <a href=\"https:\/\/noticiasbahia360.com.br\/?cat=57\" rel=\"category\">Mundo<\/a> <a href=\"https:\/\/noticiasbahia360.com.br\/?cat=56\" rel=\"category\">Pol\u00edcia<\/a> <a href=\"https:\/\/noticiasbahia360.com.br\/?cat=10\" rel=\"category\">Pol\u00edtica<\/a>","tag_info":"Pol\u00edtica","comment_count":"0","_links":{"self":[{"href":"https:\/\/noticiasbahia360.com.br\/index.php?rest_route=\/wp\/v2\/posts\/148658","targetHints":{"allow":["GET"]}}],"collection":[{"href":"https:\/\/noticiasbahia360.com.br\/index.php?rest_route=\/wp\/v2\/posts"}],"about":[{"href":"https:\/\/noticiasbahia360.com.br\/index.php?rest_route=\/wp\/v2\/types\/post"}],"author":[{"embeddable":true,"href":"https:\/\/noticiasbahia360.com.br\/index.php?rest_route=\/wp\/v2\/users\/1"}],"replies":[{"embeddable":true,"href":"https:\/\/noticiasbahia360.com.br\/index.php?rest_route=%2Fwp%2Fv2%2Fcomments&post=148658"}],"version-history":[{"count":0,"href":"https:\/\/noticiasbahia360.com.br\/index.php?rest_route=\/wp\/v2\/posts\/148658\/revisions"}],"wp:featuredmedia":[{"embeddable":true,"href":"https:\/\/noticiasbahia360.com.br\/index.php?rest_route=\/wp\/v2\/media\/148659"}],"wp:attachment":[{"href":"https:\/\/noticiasbahia360.com.br\/index.php?rest_route=%2Fwp%2Fv2%2Fmedia&parent=148658"}],"wp:term":[{"taxonomy":"category","embeddable":true,"href":"https:\/\/noticiasbahia360.com.br\/index.php?rest_route=%2Fwp%2Fv2%2Fcategories&post=148658"},{"taxonomy":"post_tag","embeddable":true,"href":"https:\/\/noticiasbahia360.com.br\/index.php?rest_route=%2Fwp%2Fv2%2Ftags&post=148658"}],"curies":[{"name":"wp","href":"https:\/\/api.w.org\/{rel}","templated":true}]}}