{"id":148661,"date":"2026-09-03T12:01:12","date_gmt":"2026-09-03T15:01:12","guid":{"rendered":"https:\/\/noticiasbahia360.com.br\/?p=148661"},"modified":"2026-09-03T12:01:12","modified_gmt":"2026-09-03T15:01:12","slug":"copa-do-brasil-vasco-e-palmeiras-avancam-e-se-enfrentam-na-semifinal","status":"publish","type":"post","link":"https:\/\/noticiasbahia360.com.br\/?p=148661","title":{"rendered":"Copa do Brasil: Vasco e Palmeiras avan\u00e7am e se enfrentam na semifinal"},"content":{"rendered":"<div>\n<div>\n<figure><img decoding=\"async\" src=\"http:\/\/noticiasbahia360.com.br\/wp-content\/uploads\/2026\/09\/Vasco-x-Vitoria-Foto-Matheus-Lima-Vasco.jpg\" alt=\"Vasco x Vit\u00f3ria\"><figcaption>Foto: Matheus Lima\/ Vasco<\/figcaption><\/figure>\n<\/div>\n<p class=\"wp-block-paragraph\">Ag\u00eancia Brasil \u2014 A noite dessa quarta-feira (2) definiu um dos confrontos das semifinais da Copa do Brasil: Vasco e Palmeiras. Os jogos est\u00e3o previstos para as duas primeiras semanas de novembro, em datas e hor\u00e1rios que ainda ser\u00e3o definidos pela Confedera\u00e7\u00e3o Brasileira de Futebol (CBF).<img decoding=\"async\" src=\"https:\/\/agenciabrasil.ebc.com.br\/ebc.png?id=1701417&amp;o=node\"><img decoding=\"async\" src=\"https:\/\/agenciabrasil.ebc.com.br\/ebc.gif?id=1701417&amp;o=node\"><\/p>\n<p class=\"wp-block-paragraph\"><strong>O Cruzmaltino derrotou o Vit\u00f3ria por 2 a 0 no Barrad\u00e3o, com transmiss\u00e3o da\u00a0R\u00e1dio Nacional. Na Vila Belmiro, o Verd\u00e3o n\u00e3o saiu do zero com o Santos, mas avan\u00e7ou gra\u00e7as ao triunfo no jogo de ida, por 3 a 0, no Nubank Parque, em S\u00e3o Paulo.<\/strong><\/p>\n<p class=\"wp-block-paragraph\"><strong>Esta \u00e9 a terceira vez seguida que o Gigante da Colina chega \u00e0s semifinais da Copa do Brasil.<\/strong>\u00a0Em 2025, a equipe carioca se classificou \u00e0 final eliminando o rival Fluminense. No ano anterior, foi superada pelo Atl\u00e9tico-MG. J\u00e1 o Alviverde n\u00e3o chegava a essa fase desde a campanha de 2020, quando foi campe\u00e3o.<\/p>\n<h2 id=\"h-vasco-segura-vitoria\" class=\"wp-block-heading\">Vasco segura Vit\u00f3ria<\/h2>\n<p class=\"wp-block-paragraph\">A etapa inicial em Salvador foi movimentada. O Vit\u00f3ria, tendo que ganhar ap\u00f3s a derrota por 1 a 0 no jogo de ida, h\u00e1 uma semana, em S\u00e3o Janu\u00e1rio, no Rio de Janeiro, foi quem chegou primeiro. Aos sete minutos, na sobra de um cruzamento que o zagueiro Carlos Cuesta n\u00e3o conseguiu afastar, o atacante Renato Kayzer cabeceou com perigo e mandou perto da trave esquerda.<\/p>\n<p class=\"wp-block-paragraph\">A resposta do Vasco foi ainda mais perigosa. Aos 29, o lateral Lucas Piton cruzou pela esquerda e o atacante Claudio Spinelli, de cabe\u00e7a, carimbou a trave direita.<\/p>\n<p class=\"wp-block-paragraph\">Os donos da casa fizeram L\u00e9o Jardim trabalhar aos 42 minutos, em cobran\u00e7a de falta do lateral Mateus Silva, da intermedi\u00e1ria pela esquerda. A bola quicou na pequena \u00e1rea e o goleiro vasca\u00edno fez a defesa no reflexo.<\/p>\n<p class=\"wp-block-paragraph\">No minuto seguinte, o Cruzmaltino ficou no quase com Ramon Rique. Ap\u00f3s cruzamento do lateral Puma Rodriguez pela esquerda, o meia apareceu na pequena \u00e1rea e cabeceou no cantinho, rente \u00e0 trave.<\/p>\n<p class=\"wp-block-paragraph\">Nos acr\u00e9scimos, aos 46, o atacante Andr\u00e9s G\u00f3mez invadiu a \u00e1rea pela esquerda com liberdade e driblou o zagueiro Cac\u00e1. Na hora da finaliza\u00e7\u00e3o, o equatoriano n\u00e3o pegou bem e mandou \u00e0\u00a0direita da meta rubro-negra.<\/p>\n<p class=\"wp-block-paragraph\">As redes do Barrad\u00e3o at\u00e9 balan\u00e7aram aos dez minutos, mas o gol foi anulado. O zagueiro Luan C\u00e2ndido, de cabe\u00e7a, completou o cruzamento do atacante Diego Tarzia. O defensor, por\u00e9m, teve a posi\u00e7\u00e3o irregular detectada pela tecnologia do impedimento semiautom\u00e1tico.<\/p>\n<p class=\"wp-block-paragraph\">O Vit\u00f3ria se lan\u00e7ou com tudo ao ataque, mas quem se deu bem foi o Vasco. Aos 35, G\u00f3mez disparou em contra-ataque, escapou da marca\u00e7\u00e3o do atacante Marinho e de Luan C\u00e2ndido e bateu da entrada da \u00e1rea, no canto esquerdo do goleiro Lucas Arcanjo.<\/p>\n<p class=\"wp-block-paragraph\">O gol abateu o time da casa, e o Cruzmaltino aproveitou para criar mais oportunidades. Aos 51, veio o golpe de miseric\u00f3rdia: Puma Rodr\u00edguez tabelou com o atacante Facundo Col\u00eddio na \u00e1rea e chutou cruzado para anotar o segundo e definir o confronto.<\/p>\n<h2 id=\"h-verdao-controla-peixe\" class=\"wp-block-heading\">Verd\u00e3o controla Peixe<\/h2>\n<p class=\"wp-block-paragraph\">Precisando diminuir o quanto antes a vantagem do Palmeiras, o Santos se lan\u00e7ou ao ataque, mas n\u00e3o transformou a press\u00e3o em oportunidades claras. A melhor chance veio na bola parada, aos 12 minutos, com Neymar. O atacante cobrou falta com for\u00e7a, da intermedi\u00e1ria, mas o goleiro Carlos Miguel se esticou no canto direito para defender.<\/p>\n<p class=\"wp-block-paragraph\">Nos contra-ataques, o Palmeiras teve as chances mais perigosas da primeira etapa. Aos 17, Maur\u00edcio recebeu do atacante Flaco L\u00f3pez, quase na pequena \u00e1rea, mas a batida de primeira foi por cima.<\/p>\n<p class=\"wp-block-paragraph\">Dez minutos depois, ap\u00f3s finaliza\u00e7\u00e3o do lateral Agust\u00edn Giay pela direita, salva pelo goleiro Gabriel Braz\u00e3o, Maur\u00edcio pegou o rebote. Apesar do gol vazio, o meia chutou novamente para fora.<\/p>\n<p class=\"wp-block-paragraph\"><strong>A miss\u00e3o santista ficou mais dif\u00edcil com a sa\u00edda de Neymar. Pouco antes do intervalo, o camisa 10 sentiu dores no posterior da coxa direita. Ele seguiu em campo at\u00e9 o fim do primeiro tempo, mas deu lugar ao atacante Rony na volta para a segunda etapa.<\/strong><\/p>\n<p class=\"wp-block-paragraph\">Sem que os anfitri\u00f5es conseguissem repetir o \u00edmpeto do in\u00edcio do jogo, o cl\u00e1ssico em Santos (SP) ficou morno. O \u00fanico susto da etapa final ocorreu aos 11 minutos, em cabe\u00e7ada perigosa de Vitor Roque ap\u00f3s cruzamento pela direita do lateral Khellven. O atacante palmeirense mandou \u00e0\u00a0esquerda do gol.<\/p>\n<p class=\"wp-block-paragraph\"><strong>Confort\u00e1vel com a vantagem do jogo de ida, o Palmeiras apenas controlou o empate e festejou a classifica\u00e7\u00e3o. Pela terceira vez (em tr\u00eas confrontos), o Verd\u00e3o leva a melhor sobre o Santos na Copa do Brasil, repetindo 1998 (semifinais) e 2015 (final).<\/strong><\/p>\n<h2 id=\"h-galo-aguarda-gauchos\" class=\"wp-block-heading\">Galo aguarda ga\u00fachos<\/h2>\n<p class=\"wp-block-paragraph\"><strong>O primeiro classificado \u00e0s semifinais foi o Atl\u00e9tico-MG. Na \u00faltima ter\u00e7a-feira (1\u00ba), o Galo bateu o Cruzeiro por 2 a 1, de virada, na Arena MRV.<\/strong>\u00a0Na semana anterior, os rivais tinham empatado por 1 a 1 no Mineir\u00e3o, tamb\u00e9m em Belo Horizonte.<\/p>\n<p class=\"wp-block-paragraph\">A Raposa saiu na frente aos 30 minutos do primeiro tempo, em p\u00eanalti convertido pelo atacante Kaio Jorge. Na etapa final, aos 32, o meia Victor Hugo deixou tudo igual. Dez minutos depois, o volante Fred, rec\u00e9m-contratado pelo time alvinegro, fez o gol da vit\u00f3ria.<\/p>\n<p class=\"wp-block-paragraph\"><strong>O advers\u00e1rio do Atl\u00e9tico-MG nas semifinais sai de outro cl\u00e1ssico, Nesta quinta-feira (3), Gr\u00eamio e Internacional se enfrentam em Porto Alegre, na Arena tricolor, \u00e0s 20h (hor\u00e1rio de Bras\u00edlia).<\/strong><\/p>\n<p class=\"wp-block-paragraph\"><em>Siga o Acorda Cidade no\u00a0<\/em><a href=\"https:\/\/news.google.com\/search?q=acorda%20cidade&amp;hl=pt-BR&amp;gl=BR&amp;ceid=BR%3Apt-419\"><strong><em>Google Not\u00edcias<\/em><\/strong><\/a><em>\u00a0e receba os principais destaques do dia. Participe tamb\u00e9m dos nossos canais no\u00a0<\/em><a href=\"https:\/\/www.whatsapp.com\/channel\/0029Va6Rb4v3WHTNnsh8WI3N\"><strong><em>WhatsApp<\/em><\/strong><\/a><em>\u00a0e\u00a0<\/em><a href=\"https:\/\/www.youtube.com\/@acordacidadenoticias\/videos\"><strong>YouTube<\/strong><\/a><em>\u00a0e do grupo no\u00a0<\/em><a href=\"https:\/\/t.me\/+sSz0khrgARA0ZmRh\"><strong><em>Telegram<\/em><\/strong><\/a><em>.<\/em><\/p>\n<\/div>\n","protected":false},"excerpt":{"rendered":"<p>Foto: Matheus Lima\/ Vasco Ag\u00eancia Brasil \u2014 A noite dessa quarta-feira (2) definiu um dos<\/p>\n","protected":false},"author":1,"featured_media":148662,"comment_status":"closed","ping_status":"closed","sticky":false,"template":"","format":"gallery","meta":{"footnotes":""},"categories":[8,9,6,57,56,10],"tags":[],"class_list":["post-148661","post","type-post","status-publish","format-gallery","has-post-thumbnail","hentry","category-bahia","category-brasil","category-feira-de-santana","category-mundo","category-policia","category-politica","post_format-post-format-gallery"],"featured_image_urls":{"full":["https:\/\/noticiasbahia360.com.br\/wp-content\/uploads\/2026\/09\/Vasco-x-Vitoria-Foto-Matheus-Lima-Vasco.jpg",1200,721,false],"thumbnail":["https:\/\/noticiasbahia360.com.br\/wp-content\/uploads\/2026\/09\/Vasco-x-Vitoria-Foto-Matheus-Lima-Vasco-150x150.jpg",150,150,true],"medium":["https:\/\/noticiasbahia360.com.br\/wp-content\/uploads\/2026\/09\/Vasco-x-Vitoria-Foto-Matheus-Lima-Vasco-300x180.jpg",300,180,true],"medium_large":["https:\/\/noticiasbahia360.com.br\/wp-content\/uploads\/2026\/09\/Vasco-x-Vitoria-Foto-Matheus-Lima-Vasco-768x461.jpg",640,384,true],"large":["https:\/\/noticiasbahia360.com.br\/wp-content\/uploads\/2026\/09\/Vasco-x-Vitoria-Foto-Matheus-Lima-Vasco-1024x615.jpg",640,384,true],"1536x1536":["https:\/\/noticiasbahia360.com.br\/wp-content\/uploads\/2026\/09\/Vasco-x-Vitoria-Foto-Matheus-Lima-Vasco.jpg",1200,721,false],"2048x2048":["https:\/\/noticiasbahia360.com.br\/wp-content\/uploads\/2026\/09\/Vasco-x-Vitoria-Foto-Matheus-Lima-Vasco.jpg",1200,721,false],"chromenews-featured":["https:\/\/noticiasbahia360.com.br\/wp-content\/uploads\/2026\/09\/Vasco-x-Vitoria-Foto-Matheus-Lima-Vasco-1024x615.jpg",1024,615,true],"chromenews-large":["https:\/\/noticiasbahia360.com.br\/wp-content\/uploads\/2026\/09\/Vasco-x-Vitoria-Foto-Matheus-Lima-Vasco-825x575.jpg",825,575,true],"chromenews-medium":["https:\/\/noticiasbahia360.com.br\/wp-content\/uploads\/2026\/09\/Vasco-x-Vitoria-Foto-Matheus-Lima-Vasco-590x410.jpg",590,410,true]},"author_info":{"display_name":"noticiasbahia360.com.br","author_link":"https:\/\/noticiasbahia360.com.br\/?author=1"},"category_info":"<a href=\"https:\/\/noticiasbahia360.com.br\/?cat=8\" rel=\"category\">Bahia<\/a> <a href=\"https:\/\/noticiasbahia360.com.br\/?cat=9\" rel=\"category\">Brasil<\/a> <a href=\"https:\/\/noticiasbahia360.com.br\/?cat=6\" rel=\"category\">Feira de Santana<\/a> <a href=\"https:\/\/noticiasbahia360.com.br\/?cat=57\" rel=\"category\">Mundo<\/a> <a href=\"https:\/\/noticiasbahia360.com.br\/?cat=56\" rel=\"category\">Pol\u00edcia<\/a> <a href=\"https:\/\/noticiasbahia360.com.br\/?cat=10\" rel=\"category\">Pol\u00edtica<\/a>","tag_info":"Pol\u00edtica","comment_count":"0","_links":{"self":[{"href":"https:\/\/noticiasbahia360.com.br\/index.php?rest_route=\/wp\/v2\/posts\/148661","targetHints":{"allow":["GET"]}}],"collection":[{"href":"https:\/\/noticiasbahia360.com.br\/index.php?rest_route=\/wp\/v2\/posts"}],"about":[{"href":"https:\/\/noticiasbahia360.com.br\/index.php?rest_route=\/wp\/v2\/types\/post"}],"author":[{"embeddable":true,"href":"https:\/\/noticiasbahia360.com.br\/index.php?rest_route=\/wp\/v2\/users\/1"}],"replies":[{"embeddable":true,"href":"https:\/\/noticiasbahia360.com.br\/index.php?rest_route=%2Fwp%2Fv2%2Fcomments&post=148661"}],"version-history":[{"count":0,"href":"https:\/\/noticiasbahia360.com.br\/index.php?rest_route=\/wp\/v2\/posts\/148661\/revisions"}],"wp:featuredmedia":[{"embeddable":true,"href":"https:\/\/noticiasbahia360.com.br\/index.php?rest_route=\/wp\/v2\/media\/148662"}],"wp:attachment":[{"href":"https:\/\/noticiasbahia360.com.br\/index.php?rest_route=%2Fwp%2Fv2%2Fmedia&parent=148661"}],"wp:term":[{"taxonomy":"category","embeddable":true,"href":"https:\/\/noticiasbahia360.com.br\/index.php?rest_route=%2Fwp%2Fv2%2Fcategories&post=148661"},{"taxonomy":"post_tag","embeddable":true,"href":"https:\/\/noticiasbahia360.com.br\/index.php?rest_route=%2Fwp%2Fv2%2Ftags&post=148661"}],"curies":[{"name":"wp","href":"https:\/\/api.w.org\/{rel}","templated":true}]}}