{"id":148665,"date":"2026-09-03T12:01:15","date_gmt":"2026-09-03T15:01:15","guid":{"rendered":"https:\/\/noticiasbahia360.com.br\/?p=148665"},"modified":"2026-09-03T12:01:15","modified_gmt":"2026-09-03T15:01:15","slug":"arrocha-que-passa-gabi-moraes-grava-primeiro-audiovisual-da-carreira","status":"publish","type":"post","link":"https:\/\/noticiasbahia360.com.br\/?p=148665","title":{"rendered":"\u201cArrocha Que Passa\u201d: Gabi Moraes grava primeiro audiovisual da carreira"},"content":{"rendered":"<div>\n<div>\n<figure><img decoding=\"async\" src=\"http:\/\/noticiasbahia360.com.br\/wp-content\/uploads\/2026\/09\/Gabi-Moraes-Foto-Angela-Cristina-030926.jpg\" alt=\"Gabi Moraes\"><figcaption>Gabi Moraes | Foto: \u00c2ngela Cristina <\/figcaption><\/figure>\n<\/div>\n<p class=\"wp-block-paragraph\">A cantora feirense Gabi Moraes gravou o primeiro audiovisual da carreira, chamado de \u201cArrocha Que Passa\u201d, na \u00faltima quarta-feira (2), em Feira de Santana. O momento especial reuniu f\u00e3s e contou com a participa\u00e7\u00e3o do cantor Rock Salles.<\/p>\n<p class=\"wp-block-paragraph\">\u201cTodo sonho come\u00e7a com um passo. Esse \u00e9 mais um passo constru\u00eddo com muito amor, dedica\u00e7\u00e3o, coragem e, acima de tudo, f\u00e9\u201d, declarou a artista nas redes sociais.<\/p>\n<figure class=\"wp-block-image size-full\"><img fetchpriority=\"high\" decoding=\"async\" width=\"1200\" height=\"858\" src=\"http:\/\/noticiasbahia360.com.br\/wp-content\/uploads\/2026\/09\/Gabi-Moraes-Foto-Angela-Cristina-3030926.jpg\" alt=\"Gabi Moraes\" class=\"wp-image-687563\" srcset=\"http:\/\/noticiasbahia360.com.br\/wp-content\/uploads\/2026\/09\/Gabi-Moraes-Foto-Angela-Cristina-3030926.jpg 1200w, https:\/\/uploads.acordacidade.com.br\/2026\/09\/Gabi-Moraes-Foto-Angela-Cristina-3030926-750x536.jpg 750w, https:\/\/uploads.acordacidade.com.br\/2026\/09\/Gabi-Moraes-Foto-Angela-Cristina-3030926-1000x715.jpg 1000w, https:\/\/uploads.acordacidade.com.br\/2026\/09\/Gabi-Moraes-Foto-Angela-Cristina-3030926-450x322.jpg 450w, https:\/\/uploads.acordacidade.com.br\/2026\/09\/Gabi-Moraes-Foto-Angela-Cristina-3030926-150x107.jpg 150w\" sizes=\"(max-width: 1200px) 100vw, 1200px\"><figcaption class=\"wp-element-caption\">Foto: \u00c2ngela Cristina <\/figcaption><\/figure>\n<p class=\"wp-block-paragraph\">A grava\u00e7\u00e3o de \u201cArrocha Que Passa\u201d foi exclusiva para convidados. Segundo Gabi Moraes, o pr\u00f3ximo projeto ser\u00e1 aberto ao p\u00fablico.<\/p>\n<p class=\"wp-block-paragraph\">O audiovisual re\u00fane um repert\u00f3rio envolvente, identidade e a for\u00e7a do arrocha em uma produ\u00e7\u00e3o pensada para marcar uma nova fase da artista. Um dos destaques da noite foi a interpreta\u00e7\u00e3o da m\u00fasica \u201cEu Levei Foi Gaia\u201d, hit da sofr\u00eancia que tem conquistado o p\u00fablico da cantora.<\/p>\n<p class=\"wp-block-paragraph\">Rock Salles, destaque do cen\u00e1rio musical, protagonizou um grande encontro com Gabi quando os dois cantaram \u201cSe Arrependeu\u201d.<\/p>\n<figure class=\"wp-block-image size-full\"><img decoding=\"async\" width=\"1200\" height=\"809\" src=\"http:\/\/noticiasbahia360.com.br\/wp-content\/uploads\/2026\/09\/Rock-Salles-e-Gabi-Moraes-Foto-Angela-Cristina-3030926.jpg\" alt=\"Rock Salles e Gabi Moraes \" class=\"wp-image-687565\" srcset=\"http:\/\/noticiasbahia360.com.br\/wp-content\/uploads\/2026\/09\/Rock-Salles-e-Gabi-Moraes-Foto-Angela-Cristina-3030926.jpg 1200w, https:\/\/uploads.acordacidade.com.br\/2026\/09\/Rock-Salles-e-Gabi-Moraes-Foto-Angela-Cristina-3030926-750x506.jpg 750w, https:\/\/uploads.acordacidade.com.br\/2026\/09\/Rock-Salles-e-Gabi-Moraes-Foto-Angela-Cristina-3030926-1000x674.jpg 1000w, https:\/\/uploads.acordacidade.com.br\/2026\/09\/Rock-Salles-e-Gabi-Moraes-Foto-Angela-Cristina-3030926-450x303.jpg 450w, https:\/\/uploads.acordacidade.com.br\/2026\/09\/Rock-Salles-e-Gabi-Moraes-Foto-Angela-Cristina-3030926-150x101.jpg 150w\" sizes=\"(max-width: 1200px) 100vw, 1200px\"><figcaption class=\"wp-element-caption\">Rock Salles e Gabi Moraes | Foto: \u00c2ngela Cristina <\/figcaption><\/figure>\n<p class=\"wp-block-paragraph\"><em>Siga o Acorda Cidade no\u00a0<\/em><a href=\"https:\/\/news.google.com\/search?q=acorda%20cidade&amp;hl=pt-BR&amp;gl=BR&amp;ceid=BR%3Apt-419\"><strong><em>Google Not\u00edcias<\/em><\/strong><\/a><em>\u00a0e receba os principais destaques do dia. Participe tamb\u00e9m dos nossos canais no\u00a0<\/em><a href=\"https:\/\/www.whatsapp.com\/channel\/0029Va6Rb4v3WHTNnsh8WI3N\"><strong><em>WhatsApp<\/em><\/strong><\/a><em>\u00a0e\u00a0<\/em><a href=\"https:\/\/www.youtube.com\/@acordacidadenoticias\/videos\"><strong>YouTube<\/strong><\/a><em>\u00a0e do grupo no\u00a0<\/em><a href=\"https:\/\/t.me\/+sSz0khrgARA0ZmRh\"><strong><em>Telegram<\/em><\/strong><\/a><em>.<\/em><\/p>\n<\/div>\n","protected":false},"excerpt":{"rendered":"<p>Gabi Moraes | Foto: \u00c2ngela Cristina A cantora feirense Gabi Moraes gravou o primeiro audiovisual<\/p>\n","protected":false},"author":1,"featured_media":148666,"comment_status":"closed","ping_status":"closed","sticky":false,"template":"","format":"gallery","meta":{"footnotes":""},"categories":[8,9,6,57,56,10],"tags":[],"class_list":["post-148665","post","type-post","status-publish","format-gallery","has-post-thumbnail","hentry","category-bahia","category-brasil","category-feira-de-santana","category-mundo","category-policia","category-politica","post_format-post-format-gallery"],"featured_image_urls":{"full":["https:\/\/noticiasbahia360.com.br\/wp-content\/uploads\/2026\/09\/Gabi-Moraes-Foto-Angela-Cristina-030926.jpg",1200,815,false],"thumbnail":["https:\/\/noticiasbahia360.com.br\/wp-content\/uploads\/2026\/09\/Gabi-Moraes-Foto-Angela-Cristina-030926-150x150.jpg",150,150,true],"medium":["https:\/\/noticiasbahia360.com.br\/wp-content\/uploads\/2026\/09\/Gabi-Moraes-Foto-Angela-Cristina-030926-300x204.jpg",300,204,true],"medium_large":["https:\/\/noticiasbahia360.com.br\/wp-content\/uploads\/2026\/09\/Gabi-Moraes-Foto-Angela-Cristina-030926-768x522.jpg",640,435,true],"large":["https:\/\/noticiasbahia360.com.br\/wp-content\/uploads\/2026\/09\/Gabi-Moraes-Foto-Angela-Cristina-030926-1024x695.jpg",640,434,true],"1536x1536":["https:\/\/noticiasbahia360.com.br\/wp-content\/uploads\/2026\/09\/Gabi-Moraes-Foto-Angela-Cristina-030926.jpg",1200,815,false],"2048x2048":["https:\/\/noticiasbahia360.com.br\/wp-content\/uploads\/2026\/09\/Gabi-Moraes-Foto-Angela-Cristina-030926.jpg",1200,815,false],"chromenews-featured":["https:\/\/noticiasbahia360.com.br\/wp-content\/uploads\/2026\/09\/Gabi-Moraes-Foto-Angela-Cristina-030926-1024x695.jpg",1024,695,true],"chromenews-large":["https:\/\/noticiasbahia360.com.br\/wp-content\/uploads\/2026\/09\/Gabi-Moraes-Foto-Angela-Cristina-030926-825x575.jpg",825,575,true],"chromenews-medium":["https:\/\/noticiasbahia360.com.br\/wp-content\/uploads\/2026\/09\/Gabi-Moraes-Foto-Angela-Cristina-030926-590x410.jpg",590,410,true]},"author_info":{"display_name":"noticiasbahia360.com.br","author_link":"https:\/\/noticiasbahia360.com.br\/?author=1"},"category_info":"<a href=\"https:\/\/noticiasbahia360.com.br\/?cat=8\" rel=\"category\">Bahia<\/a> <a href=\"https:\/\/noticiasbahia360.com.br\/?cat=9\" rel=\"category\">Brasil<\/a> <a href=\"https:\/\/noticiasbahia360.com.br\/?cat=6\" rel=\"category\">Feira de Santana<\/a> <a href=\"https:\/\/noticiasbahia360.com.br\/?cat=57\" rel=\"category\">Mundo<\/a> <a href=\"https:\/\/noticiasbahia360.com.br\/?cat=56\" rel=\"category\">Pol\u00edcia<\/a> <a href=\"https:\/\/noticiasbahia360.com.br\/?cat=10\" rel=\"category\">Pol\u00edtica<\/a>","tag_info":"Pol\u00edtica","comment_count":"0","_links":{"self":[{"href":"https:\/\/noticiasbahia360.com.br\/index.php?rest_route=\/wp\/v2\/posts\/148665","targetHints":{"allow":["GET"]}}],"collection":[{"href":"https:\/\/noticiasbahia360.com.br\/index.php?rest_route=\/wp\/v2\/posts"}],"about":[{"href":"https:\/\/noticiasbahia360.com.br\/index.php?rest_route=\/wp\/v2\/types\/post"}],"author":[{"embeddable":true,"href":"https:\/\/noticiasbahia360.com.br\/index.php?rest_route=\/wp\/v2\/users\/1"}],"replies":[{"embeddable":true,"href":"https:\/\/noticiasbahia360.com.br\/index.php?rest_route=%2Fwp%2Fv2%2Fcomments&post=148665"}],"version-history":[{"count":0,"href":"https:\/\/noticiasbahia360.com.br\/index.php?rest_route=\/wp\/v2\/posts\/148665\/revisions"}],"wp:featuredmedia":[{"embeddable":true,"href":"https:\/\/noticiasbahia360.com.br\/index.php?rest_route=\/wp\/v2\/media\/148666"}],"wp:attachment":[{"href":"https:\/\/noticiasbahia360.com.br\/index.php?rest_route=%2Fwp%2Fv2%2Fmedia&parent=148665"}],"wp:term":[{"taxonomy":"category","embeddable":true,"href":"https:\/\/noticiasbahia360.com.br\/index.php?rest_route=%2Fwp%2Fv2%2Fcategories&post=148665"},{"taxonomy":"post_tag","embeddable":true,"href":"https:\/\/noticiasbahia360.com.br\/index.php?rest_route=%2Fwp%2Fv2%2Ftags&post=148665"}],"curies":[{"name":"wp","href":"https:\/\/api.w.org\/{rel}","templated":true}]}}