{"id":148669,"date":"2026-09-03T12:01:17","date_gmt":"2026-09-03T15:01:17","guid":{"rendered":"https:\/\/noticiasbahia360.com.br\/?p=148669"},"modified":"2026-09-03T12:01:17","modified_gmt":"2026-09-03T15:01:17","slug":"granizo-e-ventos-de-ate-80-km-h-causam-estragos-e-derrubam-cobertura-de-posto-apos-tempestade-em-vitoria-da-conquista","status":"publish","type":"post","link":"https:\/\/noticiasbahia360.com.br\/?p=148669","title":{"rendered":"Granizo e ventos de at\u00e9 80 km\/h causam estragos e derrubam cobertura de posto ap\u00f3s tempestade em Vit\u00f3ria da Conquista"},"content":{"rendered":"<div>\n<div>\n<figure><img decoding=\"async\" src=\"http:\/\/noticiasbahia360.com.br\/wp-content\/uploads\/2026\/09\/Temporal-causa-estragos-em-Vitoria-da-Conquista-1-1.webp\" alt=\"Granizo e ventos de at\u00e9 80 km\/h causam estragos e derrubam cobertura de posto ap\u00f3s tempestade em Vit\u00f3ria da Conquista\"><figcaption>Foto: Reprodu\u00e7\u00e3o\/Blog do Anderson<\/figcaption><\/figure>\n<\/div>\n<p class=\"wp-block-paragraph\">Uma forte tempestade provocou estragos e assustou moradores da cidade de Vit\u00f3ria da Conquista, no sudoeste da Bahia, no fim da tarde e in\u00edcio da noite desta quarta-feira (2). <strong>O temporal veio acompanhado de chuva de granizo e ventos intensos, ap\u00f3s um forte dia de calor, quando as temperaturas ultrapassaram os 35\u00b0C.<\/strong><\/p>\n<p class=\"wp-block-paragraph\">Entre os danos registrados est\u00e3o a queda de placas publicit\u00e1rias, destelhamento de im\u00f3veis residenciais e o desabamento da estrutura da cobertura de um posto de combust\u00edveis na Avenida Presidente Dutra, no bairro Brasil, na Zona Oeste da cidade. A estrutura atingiu uma caminhonete que estava no local, deixando o ve\u00edculo sob os destro\u00e7os no in\u00edcio da madrugada desta quinta-feira (3). A \u00e1rea do estabelecimento foi isolada.<\/p>\n<figure class=\"wp-block-image size-full\"><img fetchpriority=\"high\" decoding=\"async\" width=\"1200\" height=\"797\" src=\"http:\/\/noticiasbahia360.com.br\/wp-content\/uploads\/2026\/09\/Temporal-causa-estragos-em-Vitoria-da-Conquista-.webp\" alt=\"Granizo e ventos de at\u00e9 80 km\/h causam estragos e derrubam cobertura de posto ap\u00f3s tempestade em Vit\u00f3ria da Conquista\" class=\"wp-image-687572\" srcset=\"http:\/\/noticiasbahia360.com.br\/wp-content\/uploads\/2026\/09\/Temporal-causa-estragos-em-Vitoria-da-Conquista-.webp 1200w, https:\/\/uploads.acordacidade.com.br\/2026\/09\/Temporal-causa-estragos-em-Vitoria-da-Conquista--750x498.webp 750w, https:\/\/uploads.acordacidade.com.br\/2026\/09\/Temporal-causa-estragos-em-Vitoria-da-Conquista--1000x664.webp 1000w, https:\/\/uploads.acordacidade.com.br\/2026\/09\/Temporal-causa-estragos-em-Vitoria-da-Conquista--450x299.webp 450w, https:\/\/uploads.acordacidade.com.br\/2026\/09\/Temporal-causa-estragos-em-Vitoria-da-Conquista--150x100.webp 150w\" sizes=\"(max-width: 1200px) 100vw, 1200px\"><figcaption class=\"wp-element-caption\">Foto: Reprodu\u00e7\u00e3o\/Blog do Anderson<\/figcaption><\/figure>\n<p class=\"wp-block-paragraph\">De acordo com dados do Instituto Nacional de Meteorologia (Inmet) divulgado pelo Blog do Anderson, site parceiro do Acorda Cidade, as rajadas de vento na regi\u00e3o chegaram a velocidades estimadas entre 60 e 80 km\/h. A ventania foi provocada pela forma\u00e7\u00e3o de nuvens de tempestade associadas \u00e0 combina\u00e7\u00e3o do forte calor com a alta umidade.<\/p>\n<p class=\"wp-block-paragraph\">Imagens registradas e compartilhadas nas redes sociais mostraram a intensidade do temporal e a dimens\u00e3o dos estragos causados na cidade.<\/p>\n<figure class=\"wp-block-image size-full\"><img decoding=\"async\" width=\"1200\" height=\"797\" src=\"http:\/\/noticiasbahia360.com.br\/wp-content\/uploads\/2026\/09\/Temporal-causa-estragos-em-Vitoria-da-Conquista-1.webp\" alt=\"Granizo e ventos de at\u00e9 80 km\/h causam estragos e derrubam cobertura de posto ap\u00f3s tempestade em Vit\u00f3ria da Conquista\" class=\"wp-image-687571\" srcset=\"http:\/\/noticiasbahia360.com.br\/wp-content\/uploads\/2026\/09\/Temporal-causa-estragos-em-Vitoria-da-Conquista-1.webp 1200w, https:\/\/uploads.acordacidade.com.br\/2026\/09\/Temporal-causa-estragos-em-Vitoria-da-Conquista-1-750x498.webp 750w, https:\/\/uploads.acordacidade.com.br\/2026\/09\/Temporal-causa-estragos-em-Vitoria-da-Conquista-1-1000x664.webp 1000w, https:\/\/uploads.acordacidade.com.br\/2026\/09\/Temporal-causa-estragos-em-Vitoria-da-Conquista-1-450x299.webp 450w, https:\/\/uploads.acordacidade.com.br\/2026\/09\/Temporal-causa-estragos-em-Vitoria-da-Conquista-1-150x100.webp 150w\" sizes=\"(max-width: 1200px) 100vw, 1200px\"><figcaption class=\"wp-element-caption\">Foto: Reprodu\u00e7\u00e3o\/Blog do Anderson<\/figcaption><\/figure>\n<p class=\"wp-block-paragraph\">Ainda segundo o site parceiro, para os pr\u00f3ximos tr\u00eas dias, a previs\u00e3o indica que o tempo continuar\u00e1 inst\u00e1vel em Vit\u00f3ria da Conquista, com possibilidade de pancadas de chuva isoladas e varia\u00e7\u00e3o de nebulosidade. Tamb\u00e9m \u00e9 esperada uma queda gradual nas temperaturas, reduzindo o calor registrado durante a semana. A popula\u00e7\u00e3o deve acompanhar os alertas meteorol\u00f3gicos e as atualiza\u00e7\u00f5es da previs\u00e3o do tempo para se precaver.<\/p>\n<p class=\"wp-block-paragraph\"><em>Siga o Acorda Cidade no\u00a0<\/em><a href=\"https:\/\/news.google.com\/search?q=acorda%20cidade&amp;hl=pt-BR&amp;gl=BR&amp;ceid=BR%3Apt-419\"><strong><em>Google Not\u00edcias<\/em><\/strong><\/a><em>\u00a0e receba os principais destaques do dia. Participe tamb\u00e9m dos nossos canais no\u00a0<\/em><a href=\"https:\/\/www.whatsapp.com\/channel\/0029Va6Rb4v3WHTNnsh8WI3N\"><strong><em>WhatsApp<\/em><\/strong><\/a><em>\u00a0e\u00a0<\/em><a href=\"https:\/\/www.youtube.com\/@acordacidadenoticias\/videos\"><strong>YouTube<\/strong><\/a><em>\u00a0e do grupo no\u00a0<\/em><a href=\"https:\/\/t.me\/+sSz0khrgARA0ZmRh\"><strong><em>Telegram<\/em><\/strong><\/a><em>.<\/em><\/p>\n<\/div>\n","protected":false},"excerpt":{"rendered":"<p>Foto: Reprodu\u00e7\u00e3o\/Blog do Anderson Uma forte tempestade provocou estragos e assustou moradores da cidade de<\/p>\n","protected":false},"author":1,"featured_media":148670,"comment_status":"closed","ping_status":"closed","sticky":false,"template":"","format":"gallery","meta":{"footnotes":""},"categories":[8,9,6,57,56,10],"tags":[],"class_list":["post-148669","post","type-post","status-publish","format-gallery","has-post-thumbnail","hentry","category-bahia","category-brasil","category-feira-de-santana","category-mundo","category-policia","category-politica","post_format-post-format-gallery"],"featured_image_urls":{"full":["https:\/\/noticiasbahia360.com.br\/wp-content\/uploads\/2026\/09\/Temporal-causa-estragos-em-Vitoria-da-Conquista-1-1.webp",1200,802,false],"thumbnail":["https:\/\/noticiasbahia360.com.br\/wp-content\/uploads\/2026\/09\/Temporal-causa-estragos-em-Vitoria-da-Conquista-1-1-150x150.webp",150,150,true],"medium":["https:\/\/noticiasbahia360.com.br\/wp-content\/uploads\/2026\/09\/Temporal-causa-estragos-em-Vitoria-da-Conquista-1-1-300x201.webp",300,201,true],"medium_large":["https:\/\/noticiasbahia360.com.br\/wp-content\/uploads\/2026\/09\/Temporal-causa-estragos-em-Vitoria-da-Conquista-1-1-768x513.webp",640,428,true],"large":["https:\/\/noticiasbahia360.com.br\/wp-content\/uploads\/2026\/09\/Temporal-causa-estragos-em-Vitoria-da-Conquista-1-1-1024x684.webp",640,428,true],"1536x1536":["https:\/\/noticiasbahia360.com.br\/wp-content\/uploads\/2026\/09\/Temporal-causa-estragos-em-Vitoria-da-Conquista-1-1.webp",1200,802,false],"2048x2048":["https:\/\/noticiasbahia360.com.br\/wp-content\/uploads\/2026\/09\/Temporal-causa-estragos-em-Vitoria-da-Conquista-1-1.webp",1200,802,false],"chromenews-featured":["https:\/\/noticiasbahia360.com.br\/wp-content\/uploads\/2026\/09\/Temporal-causa-estragos-em-Vitoria-da-Conquista-1-1-1024x684.webp",1024,684,true],"chromenews-large":["https:\/\/noticiasbahia360.com.br\/wp-content\/uploads\/2026\/09\/Temporal-causa-estragos-em-Vitoria-da-Conquista-1-1-825x575.webp",825,575,true],"chromenews-medium":["https:\/\/noticiasbahia360.com.br\/wp-content\/uploads\/2026\/09\/Temporal-causa-estragos-em-Vitoria-da-Conquista-1-1-590x410.webp",590,410,true]},"author_info":{"display_name":"noticiasbahia360.com.br","author_link":"https:\/\/noticiasbahia360.com.br\/?author=1"},"category_info":"<a href=\"https:\/\/noticiasbahia360.com.br\/?cat=8\" rel=\"category\">Bahia<\/a> <a href=\"https:\/\/noticiasbahia360.com.br\/?cat=9\" rel=\"category\">Brasil<\/a> <a href=\"https:\/\/noticiasbahia360.com.br\/?cat=6\" rel=\"category\">Feira de Santana<\/a> <a href=\"https:\/\/noticiasbahia360.com.br\/?cat=57\" rel=\"category\">Mundo<\/a> <a href=\"https:\/\/noticiasbahia360.com.br\/?cat=56\" rel=\"category\">Pol\u00edcia<\/a> <a href=\"https:\/\/noticiasbahia360.com.br\/?cat=10\" rel=\"category\">Pol\u00edtica<\/a>","tag_info":"Pol\u00edtica","comment_count":"0","_links":{"self":[{"href":"https:\/\/noticiasbahia360.com.br\/index.php?rest_route=\/wp\/v2\/posts\/148669","targetHints":{"allow":["GET"]}}],"collection":[{"href":"https:\/\/noticiasbahia360.com.br\/index.php?rest_route=\/wp\/v2\/posts"}],"about":[{"href":"https:\/\/noticiasbahia360.com.br\/index.php?rest_route=\/wp\/v2\/types\/post"}],"author":[{"embeddable":true,"href":"https:\/\/noticiasbahia360.com.br\/index.php?rest_route=\/wp\/v2\/users\/1"}],"replies":[{"embeddable":true,"href":"https:\/\/noticiasbahia360.com.br\/index.php?rest_route=%2Fwp%2Fv2%2Fcomments&post=148669"}],"version-history":[{"count":0,"href":"https:\/\/noticiasbahia360.com.br\/index.php?rest_route=\/wp\/v2\/posts\/148669\/revisions"}],"wp:featuredmedia":[{"embeddable":true,"href":"https:\/\/noticiasbahia360.com.br\/index.php?rest_route=\/wp\/v2\/media\/148670"}],"wp:attachment":[{"href":"https:\/\/noticiasbahia360.com.br\/index.php?rest_route=%2Fwp%2Fv2%2Fmedia&parent=148669"}],"wp:term":[{"taxonomy":"category","embeddable":true,"href":"https:\/\/noticiasbahia360.com.br\/index.php?rest_route=%2Fwp%2Fv2%2Fcategories&post=148669"},{"taxonomy":"post_tag","embeddable":true,"href":"https:\/\/noticiasbahia360.com.br\/index.php?rest_route=%2Fwp%2Fv2%2Ftags&post=148669"}],"curies":[{"name":"wp","href":"https:\/\/api.w.org\/{rel}","templated":true}]}}