{"id":148673,"date":"2026-09-03T12:01:19","date_gmt":"2026-09-03T15:01:19","guid":{"rendered":"https:\/\/noticiasbahia360.com.br\/?p=148673"},"modified":"2026-09-03T12:01:19","modified_gmt":"2026-09-03T15:01:19","slug":"em-sessao-solene-camara-homenageia-administrador-de-empresas-e-delegado-com-titulo-de-cidadao-feirense","status":"publish","type":"post","link":"https:\/\/noticiasbahia360.com.br\/?p=148673","title":{"rendered":"Em sess\u00e3o solene, C\u00e2mara homenageia administrador de empresas e delegado com T\u00edtulo de Cidad\u00e3o Feirense"},"content":{"rendered":"<div>\n<div>\n<figure><img decoding=\"async\" src=\"http:\/\/noticiasbahia360.com.br\/wp-content\/uploads\/2026\/09\/Antonio-Fagner-dos-Santos-Nogueira-e-Fabricio-de-Alencar-Linard-.jpg\" alt=\"Ant\u00f4nio Fagner dos Santos Nogueira e Fabr\u00edcio de Alencar Linard recebendo T\u00edtulo de Cidad\u00e3o Feirense\"><figcaption>Foto: Reprodu\u00e7\u00e3o\/ Re<\/figcaption><\/figure>\n<\/div>\n<p class=\"wp-block-paragraph\">Ant\u00f4nio Fagner dos Santos Nogueira e Fabr\u00edcio de Alencar Linard. Estes foram os homenageados, na noite desta quarta-feira (2), na C\u00e2mara Municipal, em sess\u00e3o solene realizada com a entrega de t\u00edtulos de Cidadania Feirense. A solenidade aconteceu em atendimento aos Projetos de Decreto Legislativo n\u00ba 36\/2025 e n\u00ba 33\/2026, ambos de autoria do vereador Marcos Lima (Uni\u00e3o Brasil), presidente da Casa Legislativa.<\/p>\n<p class=\"wp-block-paragraph\">\u201cEsses dois jovens t\u00eam contribu\u00eddo com o nosso Munic\u00edpio e hoje estamos apenas reconhecendo e propondo essas justas homenagens. \u00c9 com muita alegria que estou aqui tendo a oportunidade de conceder essas honrarias. Parab\u00e9ns aos dois, e espero que possam desfrutar desse reconhecimento que Feira de Santana d\u00e1 a cada um de voc\u00eas a partir desta data\u201d, disse o parlamentar.<\/p>\n<h2 id=\"h-receber-este-titulo-e-uma-das-maiores-emocoes-da-minha-vida\" class=\"wp-block-heading\">\u201cReceber este t\u00edtulo \u00e9 uma das maiores emo\u00e7\u00f5es da minha vida\u201d<\/h2>\n<p class=\"wp-block-paragraph\">O primeiro homenageado da noite foi o administrador de empresas Ant\u00f4nio Fagner dos Santos Nogueira, fundador da Nogpack Ind\u00fastria e Com\u00e9rcio de Embalagens e natural de Queimadas, Bahia. Reside em Feira de Santana h\u00e1 20 anos e, atrav\u00e9s da sua profiss\u00e3o, contribui com o desenvolvimento local. Em discurso, o homenageado afirmou: \u201cMinhas primeiras palavras s\u00e3o de profundo agradecimento. Receber o T\u00edtulo de Cidad\u00e3o Feirense \u00e9 uma das maiores emo\u00e7\u00f5es da minha vida. Embora eu n\u00e3o tenha nascido geograficamente nesta terra, meu cora\u00e7\u00e3o, minhas escolhas e minha trajet\u00f3ria j\u00e1 fincaram ra\u00edzes profundas aqui\u201d. O homenageado lembrou que foi acolhido pela cidade de bra\u00e7os abertos, aqui conquistou tudo que tem e construiu a fam\u00edlia.<\/p>\n<p class=\"wp-block-paragraph\">\u201cFeira de Santana se tornou parte de mim e, por isso, esse reconhecimento tem valor imensur\u00e1vel\u201d, disse o novo cidad\u00e3o feirense, ressaltando que j\u00e1 era feirense de fato e agora \u00e9 por direito. Ao finalizar, citou um verso do Hino \u00e0 Feira de Santana, que, segundo ele, expressa bem o que sente por esta terra: Salve, \u00f3, terra, formosa e bendita, para\u00edso com nome de Feira (\u2026)<\/p>\n<h2 id=\"h-do-ceara-para-feira-de-santana\" class=\"wp-block-heading\">Do Cear\u00e1 para Feira de Santana<\/h2>\n<p class=\"wp-block-paragraph\">Natural do Crato, no Estado do Cear\u00e1, Fabr\u00edcio de Alencar Linard \u00e9 delegado e vive h\u00e1 12 anos em Feira de Santana, \u201cesta terra acolhedora\u201d, conforme definiu. Veio para a cidade a fim de \u201cassumir o compromisso solene de proteger os cidad\u00e3os desta terra atrav\u00e9s do meu trabalho na Pol\u00edcia Civil\u201d, afirmou. Durante pouco mais de uma d\u00e9cada, dedicou seus dias e suas noites, principalmente, \u00e0 investiga\u00e7\u00e3o e ao combate aos crimes de homic\u00eddio.<\/p>\n<p class=\"wp-block-paragraph\">Conforme declarou Fabr\u00edcio Linard, \u201cenfrentar a viol\u00eancia e defender a vida humana \u00e9 uma miss\u00e3o \u00e1rdua, por vezes dolorosa, mas essencial para que a justi\u00e7a prevale\u00e7a e para que as fam\u00edlias feirenses possam viver em paz\u201d. Ao longo desse tempo, Feira de Santana deixou de ser apenas o seu local de trabalho para se tornar o seu lar. \u201cFoi aqui que lancei ra\u00edzes firmes e profundas, vi minha fam\u00edlia crescer e prosperar, cercado pelo carinho e pela generosidade deste povo batalhador e acolhedor\u201d, contou.<\/p>\n<p class=\"wp-block-paragraph\">Por fim, o homenageado disse: \u201cEsta honraria n\u00e3o representa praa mim um ponto de chegada ou um descanso no dever cumprido. Pelo contr\u00e1rio: recebo este t\u00edtulo com o \u00e2nimo renovado e revigorado. Ele aumenta a minha responsabilidade e fortalece o meu compromisso de continuar trabalhando firme, com determina\u00e7\u00e3o, \u00e9tica e empenho na seguran\u00e7a p\u00fablica e na defesa do povo feirense\u201d.<\/p>\n<h2 id=\"h-mesa-de-honra\" class=\"wp-block-heading\">Mesa de honra<\/h2>\n<p class=\"wp-block-paragraph\">Al\u00e9m de Marcos Lima e dos homenageados, compuseram a Mesa de Honra da solenidade desta noite M\u00e1rio Borges, chefe de gabinete prefeito Jos\u00e9 Ronaldo \u2013 na ocasi\u00e3o representando-o; \u00cdtala Bezerra Linard, esposa do homenageado Fabr\u00edcio de Alencar Linard, e Yara de Azevedo Santos, esposa do homenageado Ant\u00f4nio Fagner dos Santos Nogueira. Familiares e amigos dos homenageados tamb\u00e9m marcaram presen\u00e7a no plen\u00e1rio e na galeria da Casa Legislativa.<\/p>\n<p class=\"wp-block-paragraph\"><em>As informa\u00e7\u00f5es s\u00e3o da C\u00e2mara Municipal de Feira de Santana<\/em>.<\/p>\n<p class=\"wp-block-paragraph\"><em>Siga o Acorda Cidade no\u00a0<\/em><a href=\"https:\/\/news.google.com\/search?q=acorda%20cidade&amp;hl=pt-BR&amp;gl=BR&amp;ceid=BR%3Apt-419\"><strong><em>Google Not\u00edcias<\/em><\/strong><\/a><em>\u00a0e receba os principais destaques do dia. Participe tamb\u00e9m dos nossos canais no\u00a0<\/em><a href=\"https:\/\/www.whatsapp.com\/channel\/0029Va6Rb4v3WHTNnsh8WI3N\"><strong><em>WhatsApp<\/em><\/strong><\/a><em>\u00a0e\u00a0<\/em><a href=\"https:\/\/www.youtube.com\/@acordacidadenoticias\/videos\"><strong>YouTube<\/strong><\/a><em>\u00a0e do grupo no\u00a0<\/em><a href=\"https:\/\/t.me\/+sSz0khrgARA0ZmRh\"><strong><em>Telegram<\/em><\/strong><\/a><em>.<\/em><\/p>\n<\/div>\n","protected":false},"excerpt":{"rendered":"<p>Foto: Reprodu\u00e7\u00e3o\/ Re Ant\u00f4nio Fagner dos Santos Nogueira e Fabr\u00edcio de Alencar Linard. Estes foram<\/p>\n","protected":false},"author":1,"featured_media":148674,"comment_status":"closed","ping_status":"closed","sticky":false,"template":"","format":"gallery","meta":{"footnotes":""},"categories":[8,9,6,57,56,10],"tags":[],"class_list":["post-148673","post","type-post","status-publish","format-gallery","has-post-thumbnail","hentry","category-bahia","category-brasil","category-feira-de-santana","category-mundo","category-policia","category-politica","post_format-post-format-gallery"],"featured_image_urls":{"full":["https:\/\/noticiasbahia360.com.br\/wp-content\/uploads\/2026\/09\/Antonio-Fagner-dos-Santos-Nogueira-e-Fabricio-de-Alencar-Linard-.jpg",1200,675,false],"thumbnail":["https:\/\/noticiasbahia360.com.br\/wp-content\/uploads\/2026\/09\/Antonio-Fagner-dos-Santos-Nogueira-e-Fabricio-de-Alencar-Linard--150x150.jpg",150,150,true],"medium":["https:\/\/noticiasbahia360.com.br\/wp-content\/uploads\/2026\/09\/Antonio-Fagner-dos-Santos-Nogueira-e-Fabricio-de-Alencar-Linard--300x169.jpg",300,169,true],"medium_large":["https:\/\/noticiasbahia360.com.br\/wp-content\/uploads\/2026\/09\/Antonio-Fagner-dos-Santos-Nogueira-e-Fabricio-de-Alencar-Linard--768x432.jpg",640,360,true],"large":["https:\/\/noticiasbahia360.com.br\/wp-content\/uploads\/2026\/09\/Antonio-Fagner-dos-Santos-Nogueira-e-Fabricio-de-Alencar-Linard--1024x576.jpg",640,360,true],"1536x1536":["https:\/\/noticiasbahia360.com.br\/wp-content\/uploads\/2026\/09\/Antonio-Fagner-dos-Santos-Nogueira-e-Fabricio-de-Alencar-Linard-.jpg",1200,675,false],"2048x2048":["https:\/\/noticiasbahia360.com.br\/wp-content\/uploads\/2026\/09\/Antonio-Fagner-dos-Santos-Nogueira-e-Fabricio-de-Alencar-Linard-.jpg",1200,675,false],"chromenews-featured":["https:\/\/noticiasbahia360.com.br\/wp-content\/uploads\/2026\/09\/Antonio-Fagner-dos-Santos-Nogueira-e-Fabricio-de-Alencar-Linard--1024x576.jpg",1024,576,true],"chromenews-large":["https:\/\/noticiasbahia360.com.br\/wp-content\/uploads\/2026\/09\/Antonio-Fagner-dos-Santos-Nogueira-e-Fabricio-de-Alencar-Linard--825x575.jpg",825,575,true],"chromenews-medium":["https:\/\/noticiasbahia360.com.br\/wp-content\/uploads\/2026\/09\/Antonio-Fagner-dos-Santos-Nogueira-e-Fabricio-de-Alencar-Linard--590x410.jpg",590,410,true]},"author_info":{"display_name":"noticiasbahia360.com.br","author_link":"https:\/\/noticiasbahia360.com.br\/?author=1"},"category_info":"<a href=\"https:\/\/noticiasbahia360.com.br\/?cat=8\" rel=\"category\">Bahia<\/a> <a href=\"https:\/\/noticiasbahia360.com.br\/?cat=9\" rel=\"category\">Brasil<\/a> <a href=\"https:\/\/noticiasbahia360.com.br\/?cat=6\" rel=\"category\">Feira de Santana<\/a> <a href=\"https:\/\/noticiasbahia360.com.br\/?cat=57\" rel=\"category\">Mundo<\/a> <a href=\"https:\/\/noticiasbahia360.com.br\/?cat=56\" rel=\"category\">Pol\u00edcia<\/a> <a href=\"https:\/\/noticiasbahia360.com.br\/?cat=10\" rel=\"category\">Pol\u00edtica<\/a>","tag_info":"Pol\u00edtica","comment_count":"0","_links":{"self":[{"href":"https:\/\/noticiasbahia360.com.br\/index.php?rest_route=\/wp\/v2\/posts\/148673","targetHints":{"allow":["GET"]}}],"collection":[{"href":"https:\/\/noticiasbahia360.com.br\/index.php?rest_route=\/wp\/v2\/posts"}],"about":[{"href":"https:\/\/noticiasbahia360.com.br\/index.php?rest_route=\/wp\/v2\/types\/post"}],"author":[{"embeddable":true,"href":"https:\/\/noticiasbahia360.com.br\/index.php?rest_route=\/wp\/v2\/users\/1"}],"replies":[{"embeddable":true,"href":"https:\/\/noticiasbahia360.com.br\/index.php?rest_route=%2Fwp%2Fv2%2Fcomments&post=148673"}],"version-history":[{"count":0,"href":"https:\/\/noticiasbahia360.com.br\/index.php?rest_route=\/wp\/v2\/posts\/148673\/revisions"}],"wp:featuredmedia":[{"embeddable":true,"href":"https:\/\/noticiasbahia360.com.br\/index.php?rest_route=\/wp\/v2\/media\/148674"}],"wp:attachment":[{"href":"https:\/\/noticiasbahia360.com.br\/index.php?rest_route=%2Fwp%2Fv2%2Fmedia&parent=148673"}],"wp:term":[{"taxonomy":"category","embeddable":true,"href":"https:\/\/noticiasbahia360.com.br\/index.php?rest_route=%2Fwp%2Fv2%2Fcategories&post=148673"},{"taxonomy":"post_tag","embeddable":true,"href":"https:\/\/noticiasbahia360.com.br\/index.php?rest_route=%2Fwp%2Fv2%2Ftags&post=148673"}],"curies":[{"name":"wp","href":"https:\/\/api.w.org\/{rel}","templated":true}]}}