{"id":148675,"date":"2026-09-03T12:01:20","date_gmt":"2026-09-03T15:01:20","guid":{"rendered":"https:\/\/noticiasbahia360.com.br\/?p=148675"},"modified":"2026-09-03T12:01:20","modified_gmt":"2026-09-03T15:01:20","slug":"associacao-coleirinho-da-bahia-se-torna-pontao-de-cultura-e-lanca-projeto-com-shows-na-matinha","status":"publish","type":"post","link":"https:\/\/noticiasbahia360.com.br\/?p=148675","title":{"rendered":"Associa\u00e7\u00e3o Coleirinho da Bahia se torna Pont\u00e3o de Cultura e lan\u00e7a projeto com shows na Matinha"},"content":{"rendered":"<div>\n<div>\n<figure><img decoding=\"async\" src=\"http:\/\/noticiasbahia360.com.br\/wp-content\/uploads\/2026\/09\/Associacao-Coleirinho.jpg\" alt=\"Associa\u00e7\u00e3o Coleirinho da Bahia\"><figcaption>Foto: Divulga\u00e7\u00e3o<\/figcaption><\/figure>\n<\/div>\n<p class=\"wp-block-paragraph\">Evento de lan\u00e7amento re\u00fane Quixabeira da Matinha e Unidos Pelo Samba e apresenta projeto de articula\u00e7\u00e3o entre comunidades quilombolas, grupos de samba de roda e Pontos de Cultura do Centro-Norte e Nordeste da Bahia.<\/p>\n<p class=\"wp-block-paragraph\">Depois de 18 anos atuando na preserva\u00e7\u00e3o do samba de roda, a Associa\u00e7\u00e3o Cultural Coleirinho da Bahia (ACCB), de Feira de Santana, foi reconhecida como Pont\u00e3o de Cultura e agora passa a desempenhar formalmente o papel de entidade articuladora cultural no interior do estado. <\/p>\n<p class=\"wp-block-paragraph\">O evento de lan\u00e7amento do Pont\u00e3o acontece neste domingo, 6 de setembro, \u00e0s 14h, na sede da institui\u00e7\u00e3o, localizada na comunidade quilombola Matinha dos Pretos. A programa\u00e7\u00e3o \u00e9 gratuita e inclui shows do grupo Quixabeira da Matinha e do Coletivo Unidos Pelo Samba.<\/p>\n<p class=\"wp-block-paragraph\">Ao longo dos pr\u00f3ximos 12 meses, o Pont\u00e3o ter\u00e1 a fun\u00e7\u00e3o de aproximar grupos culturais, comunidades quilombolas, associa\u00e7\u00f5es, mestres, mestras, sambadores e sambadeiras de diferentes territ\u00f3rios baianos para estruturar as Rede de Pontos de Cultura Quilombolas e de Pontos de Cultura de Samba de Roda na Bahia. O projeto vai mapear iniciativas culturais, identificar suas principais necessidades e oferecer forma\u00e7\u00e3o e apoio para que esses grupos tenham mais acesso a editais, recursos p\u00fablicos e oportunidades de atua\u00e7\u00e3o conjunta.<\/p>\n<p class=\"wp-block-paragraph\">\u201cPara n\u00f3s, assumir essa miss\u00e3o \u00e9 uma responsabilidade e tamb\u00e9m um reconhecimento do trabalho que j\u00e1 realizamos h\u00e1 tantos anos como associa\u00e7\u00e3o. O contato com grupos, outras associa\u00e7\u00f5es e Pontos de Cultura aqui da Bahia faz parte do nosso trabalho da vida inteira, para fortalecer a nossa cultura e o nosso samba de roda. Sempre foi assim\u201d, afirma o presidente da Associa\u00e7\u00e3o Cultural Coleirinho da Bahia, Zez\u00e9 da Quixabeira.<\/p>\n<p class=\"wp-block-paragraph\">A iniciativa foi aprovada no Edital Pont\u00f5es de Cultura \u2013 Qualicultura Viva Ano II (Edital n\u00ba 06\/2026). Ao longo dos pr\u00f3ximos 12 meses, o projeto atuar\u00e1 nos macroterrit\u00f3rios Centro-Norte e Nordeste Baiano e contribuir\u00e1 para a estrutura\u00e7\u00e3o de duas redes tem\u00e1ticas: a Rede de Pontos de Cultura Quilombolas e a Rede de Pontos de Cultura de Samba de Roda.<\/p>\n<h2 id=\"h-uma-trajetoria-construida-na-matinha\" class=\"wp-block-heading\">Uma trajet\u00f3ria constru\u00edda na Matinha<\/h2>\n<p class=\"wp-block-paragraph\">Fundada em 17 de mar\u00e7o de 2008, a Associa\u00e7\u00e3o Cultural Coleirinho da Bahia atua h\u00e1 quase duas d\u00e9cadas pela preserva\u00e7\u00e3o e fortalecimento da cultura popular da Matinha dos Pretos. Reconhecida como Ponto de Cultura desde 2018, a entidade realiza atividades gratuitas ligadas ao samba de roda, aos festejos juninos, aos reisados, aos brinquedos populares, \u00e0 mem\u00f3ria e ao patrim\u00f4nio cultural.<\/p>\n<p class=\"wp-block-paragraph\">Entre as a\u00e7\u00f5es desenvolvidas pela associa\u00e7\u00e3o est\u00e3o o Saudade de S\u00e3o Jo\u00e3o, o Samba de Candeeiro, o Bloco Cultural Quixabeira da Matinha e o Dia Municipal do Samba de Roda.<\/p>\n<p class=\"wp-block-paragraph\">A hist\u00f3ria da entidade tamb\u00e9m est\u00e1 ligada \u00e0 Quixabeira da Matinha, grupo cultural com mais de 35 anos de atua\u00e7\u00e3o. Nascida no territ\u00f3rio quilombola, a Quixabeira mant\u00e9m uma tradi\u00e7\u00e3o transmitida entre gera\u00e7\u00f5es, reunindo m\u00fasica, dan\u00e7a, oralidade, trabalho na terra e mem\u00f3ria comunit\u00e1ria. O grupo j\u00e1 circulou por diferentes regi\u00f5es do Brasil e participou de interc\u00e2mbio cultural em Portugal.<\/p>\n<p class=\"wp-block-paragraph\">Com o novo Pont\u00e3o, essa experi\u00eancia ser\u00e1 compartilhada com outras comunidades e iniciativas culturais. A proposta \u00e9 ampliar o acesso \u00e0s pol\u00edticas p\u00fablicas e contribuir para que grupos tradicionais permane\u00e7am ativos, organizados e sustent\u00e1veis em seus pr\u00f3prios territ\u00f3rios.<\/p>\n<p class=\"wp-block-paragraph\">Este projeto foi contemplado nos Editais da Pol\u00edtica Nacional Aldir Blanc de Fomento \u00e0 Cultura na Bahia, realizados com recursos do Governo Federal, repassados pelo Minist\u00e9rio da Cultura, e executados pelo Estado da Bahia, por meio da Secretaria de Cultura do Estado.<\/p>\n<h2 id=\"h-servico\" class=\"wp-block-heading\">Servi\u00e7o<\/h2>\n<p class=\"wp-block-paragraph\">O qu\u00ea: lan\u00e7amento do Pont\u00e3o Territ\u00f3rios Quilombolas e Rede de Samba de Roda da Bahia<br \/>Quando: domingo, 6 de setembro de 2026, \u00e0s 14h<br \/>Onde: sede da Associa\u00e7\u00e3o Cultural Coleirinho da Bahia \u2014 Estrada da Quixabeira, 430, Matinha dos Pretos, Feira de Santana<br \/>Atra\u00e7\u00f5es: Quixabeira da Matinha e Coletivo Unidos pelo Samba<br \/>Entrada: gratuita e aberta ao p\u00fablico<\/p>\n<p class=\"is-style-default wp-block-paragraph\"><em>Siga o Acorda Cidade no\u00a0<\/em><a href=\"https:\/\/news.google.com\/search?q=acorda%20cidade&amp;hl=pt-BR&amp;gl=BR&amp;ceid=BR%3Apt-419\"><strong><em>Google Not\u00edcias<\/em><\/strong><\/a><em>\u00a0e receba os principais destaques do dia. Participe tamb\u00e9m dos nossos canais no\u00a0<\/em><a href=\"https:\/\/www.whatsapp.com\/channel\/0029Va6Rb4v3WHTNnsh8WI3N\"><strong><em>WhatsApp<\/em><\/strong><\/a><em>\u00a0e\u00a0<\/em><a href=\"https:\/\/www.youtube.com\/@acordacidadenoticias\/videos\"><strong>YouTube<\/strong><\/a><em>\u00a0e grupo de\u00a0<\/em><a href=\"https:\/\/t.me\/+sSz0khrgARA0ZmRh\"><strong><em>Telegram<\/em><\/strong><\/a><em>.<\/em><\/p>\n<\/div>\n","protected":false},"excerpt":{"rendered":"<p>Foto: Divulga\u00e7\u00e3o Evento de lan\u00e7amento re\u00fane Quixabeira da Matinha e Unidos Pelo Samba e apresenta<\/p>\n","protected":false},"author":1,"featured_media":148676,"comment_status":"closed","ping_status":"closed","sticky":false,"template":"","format":"gallery","meta":{"footnotes":""},"categories":[8,9,6,57,56,10],"tags":[],"class_list":["post-148675","post","type-post","status-publish","format-gallery","has-post-thumbnail","hentry","category-bahia","category-brasil","category-feira-de-santana","category-mundo","category-policia","category-politica","post_format-post-format-gallery"],"featured_image_urls":{"full":["https:\/\/noticiasbahia360.com.br\/wp-content\/uploads\/2026\/09\/Associacao-Coleirinho.jpg",1200,799,false],"thumbnail":["https:\/\/noticiasbahia360.com.br\/wp-content\/uploads\/2026\/09\/Associacao-Coleirinho-150x150.jpg",150,150,true],"medium":["https:\/\/noticiasbahia360.com.br\/wp-content\/uploads\/2026\/09\/Associacao-Coleirinho-300x200.jpg",300,200,true],"medium_large":["https:\/\/noticiasbahia360.com.br\/wp-content\/uploads\/2026\/09\/Associacao-Coleirinho-768x511.jpg",640,426,true],"large":["https:\/\/noticiasbahia360.com.br\/wp-content\/uploads\/2026\/09\/Associacao-Coleirinho-1024x682.jpg",640,426,true],"1536x1536":["https:\/\/noticiasbahia360.com.br\/wp-content\/uploads\/2026\/09\/Associacao-Coleirinho.jpg",1200,799,false],"2048x2048":["https:\/\/noticiasbahia360.com.br\/wp-content\/uploads\/2026\/09\/Associacao-Coleirinho.jpg",1200,799,false],"chromenews-featured":["https:\/\/noticiasbahia360.com.br\/wp-content\/uploads\/2026\/09\/Associacao-Coleirinho-1024x682.jpg",1024,682,true],"chromenews-large":["https:\/\/noticiasbahia360.com.br\/wp-content\/uploads\/2026\/09\/Associacao-Coleirinho-825x575.jpg",825,575,true],"chromenews-medium":["https:\/\/noticiasbahia360.com.br\/wp-content\/uploads\/2026\/09\/Associacao-Coleirinho-590x410.jpg",590,410,true]},"author_info":{"display_name":"noticiasbahia360.com.br","author_link":"https:\/\/noticiasbahia360.com.br\/?author=1"},"category_info":"<a href=\"https:\/\/noticiasbahia360.com.br\/?cat=8\" rel=\"category\">Bahia<\/a> <a href=\"https:\/\/noticiasbahia360.com.br\/?cat=9\" rel=\"category\">Brasil<\/a> <a href=\"https:\/\/noticiasbahia360.com.br\/?cat=6\" rel=\"category\">Feira de Santana<\/a> <a href=\"https:\/\/noticiasbahia360.com.br\/?cat=57\" rel=\"category\">Mundo<\/a> <a href=\"https:\/\/noticiasbahia360.com.br\/?cat=56\" rel=\"category\">Pol\u00edcia<\/a> <a href=\"https:\/\/noticiasbahia360.com.br\/?cat=10\" rel=\"category\">Pol\u00edtica<\/a>","tag_info":"Pol\u00edtica","comment_count":"0","_links":{"self":[{"href":"https:\/\/noticiasbahia360.com.br\/index.php?rest_route=\/wp\/v2\/posts\/148675","targetHints":{"allow":["GET"]}}],"collection":[{"href":"https:\/\/noticiasbahia360.com.br\/index.php?rest_route=\/wp\/v2\/posts"}],"about":[{"href":"https:\/\/noticiasbahia360.com.br\/index.php?rest_route=\/wp\/v2\/types\/post"}],"author":[{"embeddable":true,"href":"https:\/\/noticiasbahia360.com.br\/index.php?rest_route=\/wp\/v2\/users\/1"}],"replies":[{"embeddable":true,"href":"https:\/\/noticiasbahia360.com.br\/index.php?rest_route=%2Fwp%2Fv2%2Fcomments&post=148675"}],"version-history":[{"count":0,"href":"https:\/\/noticiasbahia360.com.br\/index.php?rest_route=\/wp\/v2\/posts\/148675\/revisions"}],"wp:featuredmedia":[{"embeddable":true,"href":"https:\/\/noticiasbahia360.com.br\/index.php?rest_route=\/wp\/v2\/media\/148676"}],"wp:attachment":[{"href":"https:\/\/noticiasbahia360.com.br\/index.php?rest_route=%2Fwp%2Fv2%2Fmedia&parent=148675"}],"wp:term":[{"taxonomy":"category","embeddable":true,"href":"https:\/\/noticiasbahia360.com.br\/index.php?rest_route=%2Fwp%2Fv2%2Fcategories&post=148675"},{"taxonomy":"post_tag","embeddable":true,"href":"https:\/\/noticiasbahia360.com.br\/index.php?rest_route=%2Fwp%2Fv2%2Ftags&post=148675"}],"curies":[{"name":"wp","href":"https:\/\/api.w.org\/{rel}","templated":true}]}}