{"id":148677,"date":"2026-09-03T12:01:21","date_gmt":"2026-09-03T15:01:21","guid":{"rendered":"https:\/\/noticiasbahia360.com.br\/?p=148677"},"modified":"2026-09-03T12:01:21","modified_gmt":"2026-09-03T15:01:21","slug":"prefeito-assina-ordem-de-servico-para-reforma-da-praca-do-nordestino-espaco-tera-novo-estacionamento","status":"publish","type":"post","link":"https:\/\/noticiasbahia360.com.br\/?p=148677","title":{"rendered":"Prefeito assina ordem de servi\u00e7o para reforma da Pra\u00e7a do Nordestino; espa\u00e7o ter\u00e1 novo estacionamento"},"content":{"rendered":"<div>\n<div>\n<figure><img decoding=\"async\" src=\"http:\/\/noticiasbahia360.com.br\/wp-content\/uploads\/2026\/09\/Praca-do-Nordestino-Foto-Ney-Silva-Acorda-Cidade-.jpg\" alt=\"Pra\u00e7a do Nordestino\"><figcaption>Foto: Ney Silva\/ Acorda Cidade <\/figcaption><\/figure>\n<\/div>\n<p class=\"wp-block-paragraph\">Na manh\u00e3 desta quinta-feira (3), o prefeito Jos\u00e9 Ronaldo de Carvalho assinou a ordem de servi\u00e7o que d\u00e1 in\u00edcio \u00e0s obras na Pra\u00e7a Dom Pedro II, mais conhecida como Pra\u00e7a do Nordestino. Como j\u00e1 divulgado pelo Acorda Cidade, a medida faz parte de uma s\u00e9rie de reformas em v\u00e1rias pra\u00e7as de Feira de Santana.\u00a0<\/p>\n<p class=\"wp-block-paragraph\">O espa\u00e7o passar\u00e1 por uma estrutura\u00e7\u00e3o completa, com melhorias na infraestrutura, moderniza\u00e7\u00e3o da pra\u00e7a e implanta\u00e7\u00e3o de condi\u00e7\u00f5es que proporcionem mais conforto, seguran\u00e7a e qualidade de vida para os moradores.<\/p>\n<p class=\"wp-block-paragraph\">O prefeito afirmou, ao Acorda Cidade, que ser\u00e1 feita uma pra\u00e7a totalmente nova, com piso intertravado, estacionamento em fila e ilumina\u00e7\u00e3o nova. Segundo ele, a previs\u00e3o de conclus\u00e3o das obras desta e de outras pra\u00e7as \u00e9 entre 4 a 5 meses.\u00a0<\/p>\n<figure class=\"wp-block-image size-full\"><img fetchpriority=\"high\" decoding=\"async\" width=\"1200\" height=\"900\" src=\"http:\/\/noticiasbahia360.com.br\/wp-content\/uploads\/2026\/09\/Jose-Ronaldo-Foto-Ney-Silva-Acorda-Cidade-.jpg\" alt=\"Jos\u00e9 Ronaldo\" class=\"wp-image-687523\" srcset=\"http:\/\/noticiasbahia360.com.br\/wp-content\/uploads\/2026\/09\/Jose-Ronaldo-Foto-Ney-Silva-Acorda-Cidade-.jpg 1200w, https:\/\/uploads.acordacidade.com.br\/2026\/09\/Jose-Ronaldo-Foto-Ney-Silva-Acorda-Cidade--750x563.jpg 750w, https:\/\/uploads.acordacidade.com.br\/2026\/09\/Jose-Ronaldo-Foto-Ney-Silva-Acorda-Cidade--1000x750.jpg 1000w, https:\/\/uploads.acordacidade.com.br\/2026\/09\/Jose-Ronaldo-Foto-Ney-Silva-Acorda-Cidade--450x338.jpg 450w, https:\/\/uploads.acordacidade.com.br\/2026\/09\/Jose-Ronaldo-Foto-Ney-Silva-Acorda-Cidade--150x113.jpg 150w\" sizes=\"(max-width: 1200px) 100vw, 1200px\"><figcaption class=\"wp-element-caption\">Jos\u00e9 Ronaldo | Foto: Ney Silva\/ Acorda Cidade <\/figcaption><\/figure>\n<blockquote class=\"wp-block-quote is-layout-flow wp-block-quote-is-layout-flow\">\n<p class=\"has-medium-font-size wp-block-paragraph\">Aqui ser\u00e1 uma pra\u00e7a 100% nova. Haver\u00e1 um estacionamento, que vai poder parar aqui mais ou menos 7 a 8 carros. \u00c9 uma pra\u00e7a nova dentro do estilo que n\u00f3s estamos fazendo de deixar a cidade mais bonita, mais arrumada, n\u00e3o s\u00f3 no centro da cidade, mas nos bairros e tamb\u00e9m nos distritos de Feira de Santana.\u201d<\/p>\n<\/blockquote>\n<p class=\"wp-block-paragraph\">Sobre a hist\u00f3ria do local, Jos\u00e9 Ronaldo contou que o nome da pra\u00e7a tem origem no Abrigo Nordestino. De acordo com o prefeito, o cantor pernambucano Luiz Gonzaga, conhecido Rei do Bai\u00e3o, j\u00e1 se apresentou no espa\u00e7o.\u00a0<\/p>\n<blockquote class=\"wp-block-quote has-medium-font-size is-layout-flow wp-block-quote-is-layout-flow\">\n<p class=\"wp-block-paragraph\">\u00c9 uma \u00e1rea extremamente comercial, todos os pontos aqui ocupados com o com\u00e9rcio funcionando. Eu adoro ver o com\u00e9rcio funcionar. Ent\u00e3o eu acho que a gente t\u00e1 fazendo um trabalho de preserva\u00e7\u00e3o e de conserva\u00e7\u00e3o da cidade e de amplia\u00e7\u00e3o dos espa\u00e7os p\u00fablicos para nossa comunidade.\u201d<\/p>\n<\/blockquote>\n<figure data-gallery-id=\"fancybox_6a998986e7b0d\" class=\"wp-block-gallery has-nested-images columns-default is-cropped wp-block-gallery-1 is-layout-flex wp-block-gallery-is-layout-flex\">\n<figure class=\"wp-block-image size-large\"><a data-fancybox=\"fancybox_6a998986e7b0d\" href=\"http:\/\/noticiasbahia360.com.br\/wp-content\/uploads\/2026\/09\/Prefeito-assina-ordem-de-servico-para-a-Praca-do-Nordestino-Foto-Ney-Silva-Acorda-Cidade-.jpg\" data-caption=\"Foto: Ney Silva\/ Acorda Cidade \"><img decoding=\"async\" width=\"1200\" height=\"900\" data-id=\"687521\" src=\"http:\/\/noticiasbahia360.com.br\/wp-content\/uploads\/2026\/09\/Prefeito-assina-ordem-de-servico-para-a-Praca-do-Nordestino-Foto-Ney-Silva-Acorda-Cidade-.jpg\" alt=\"Prefeito assina ordem de servi\u00e7o para a Pra\u00e7a do Nordestino\" class=\"wp-image-687521\" srcset=\"http:\/\/noticiasbahia360.com.br\/wp-content\/uploads\/2026\/09\/Prefeito-assina-ordem-de-servico-para-a-Praca-do-Nordestino-Foto-Ney-Silva-Acorda-Cidade-.jpg 1200w, https:\/\/uploads.acordacidade.com.br\/2026\/09\/Prefeito-assina-ordem-de-servico-para-a-Praca-do-Nordestino-Foto-Ney-Silva-Acorda-Cidade--750x563.jpg 750w, https:\/\/uploads.acordacidade.com.br\/2026\/09\/Prefeito-assina-ordem-de-servico-para-a-Praca-do-Nordestino-Foto-Ney-Silva-Acorda-Cidade--1000x750.jpg 1000w, https:\/\/uploads.acordacidade.com.br\/2026\/09\/Prefeito-assina-ordem-de-servico-para-a-Praca-do-Nordestino-Foto-Ney-Silva-Acorda-Cidade--450x338.jpg 450w, https:\/\/uploads.acordacidade.com.br\/2026\/09\/Prefeito-assina-ordem-de-servico-para-a-Praca-do-Nordestino-Foto-Ney-Silva-Acorda-Cidade--150x113.jpg 150w\" sizes=\"(max-width: 1200px) 100vw, 1200px\"><\/a><i><\/i><figcaption class=\"wp-element-caption\">Foto: Ney Silva\/ Acorda Cidade <\/figcaption><\/figure>\n<figure class=\"wp-block-image size-large\"><a data-fancybox=\"fancybox_6a998986e7b0d\" href=\"http:\/\/noticiasbahia360.com.br\/wp-content\/uploads\/2026\/09\/Praca-do-Nordestino-Foto-Ney-Silva-Acorda-Cidade-3.jpg\" data-caption=\"Foto: Ney Silva\/ Acorda Cidade \"><img decoding=\"async\" width=\"1200\" height=\"900\" data-id=\"687518\" src=\"http:\/\/noticiasbahia360.com.br\/wp-content\/uploads\/2026\/09\/Praca-do-Nordestino-Foto-Ney-Silva-Acorda-Cidade-3.jpg\" alt=\"Pra\u00e7a do Nordestino\" class=\"wp-image-687518\" srcset=\"http:\/\/noticiasbahia360.com.br\/wp-content\/uploads\/2026\/09\/Praca-do-Nordestino-Foto-Ney-Silva-Acorda-Cidade-3.jpg 1200w, https:\/\/uploads.acordacidade.com.br\/2026\/09\/Praca-do-Nordestino-Foto-Ney-Silva-Acorda-Cidade-3-750x563.jpg 750w, https:\/\/uploads.acordacidade.com.br\/2026\/09\/Praca-do-Nordestino-Foto-Ney-Silva-Acorda-Cidade-3-1000x750.jpg 1000w, https:\/\/uploads.acordacidade.com.br\/2026\/09\/Praca-do-Nordestino-Foto-Ney-Silva-Acorda-Cidade-3-450x338.jpg 450w, https:\/\/uploads.acordacidade.com.br\/2026\/09\/Praca-do-Nordestino-Foto-Ney-Silva-Acorda-Cidade-3-150x113.jpg 150w\" sizes=\"(max-width: 1200px) 100vw, 1200px\"><\/a><i><\/i><figcaption class=\"wp-element-caption\">Foto: Ney Silva\/ Acorda Cidade <\/figcaption><\/figure>\n<\/figure>\n<p class=\"wp-block-paragraph\">O prefeito afirmou que o transporte de \u00f4nibus continuar\u00e1 funcionando da mesma forma. Al\u00e9m disso, destacou que haver\u00e1 um espa\u00e7o para os transportes por aplicativo, na \u00e1rea interna da pra\u00e7a.<\/p>\n<h2 id=\"h-secretaria-de-infraestrutura\" class=\"wp-block-heading\">Secretaria de Infraestrutura <\/h2>\n<p class=\"wp-block-paragraph\">O secret\u00e1rio de Infraestrutura de Feira de Santana, Jo\u00e3o Vianney, destacou a requalifica\u00e7\u00e3o completa da pra\u00e7a. Ele refor\u00e7ou que haver\u00e1 uma adequa\u00e7\u00e3o lateral para estacionamento e ponto de t\u00e1xi.\u00a0<\/p>\n<figure class=\"wp-block-image size-full\"><img loading=\"lazy\" decoding=\"async\" width=\"1200\" height=\"900\" src=\"http:\/\/noticiasbahia360.com.br\/wp-content\/uploads\/2026\/09\/Secretario-de-Infraestrutura-de-Feira-de-Santana-Joao-Vianey-Foto-Ney-Silva-Acorda-Cidade.jpg\" alt=\"Secret\u00e1rio de Infraestrutura de Feira de Santana, Jo\u00e3o Vianey\" class=\"wp-image-687522\" srcset=\"http:\/\/noticiasbahia360.com.br\/wp-content\/uploads\/2026\/09\/Secretario-de-Infraestrutura-de-Feira-de-Santana-Joao-Vianey-Foto-Ney-Silva-Acorda-Cidade.jpg 1200w, https:\/\/uploads.acordacidade.com.br\/2026\/09\/Secretario-de-Infraestrutura-de-Feira-de-Santana-Joao-Vianey-Foto-Ney-Silva-Acorda-Cidade-750x563.jpg 750w, https:\/\/uploads.acordacidade.com.br\/2026\/09\/Secretario-de-Infraestrutura-de-Feira-de-Santana-Joao-Vianey-Foto-Ney-Silva-Acorda-Cidade-1000x750.jpg 1000w, https:\/\/uploads.acordacidade.com.br\/2026\/09\/Secretario-de-Infraestrutura-de-Feira-de-Santana-Joao-Vianey-Foto-Ney-Silva-Acorda-Cidade-450x338.jpg 450w, https:\/\/uploads.acordacidade.com.br\/2026\/09\/Secretario-de-Infraestrutura-de-Feira-de-Santana-Joao-Vianey-Foto-Ney-Silva-Acorda-Cidade-150x113.jpg 150w\" sizes=\"(max-width: 1200px) 100vw, 1200px\"><figcaption class=\"wp-element-caption\">Secret\u00e1rio de Infraestrutura de Feira de Santana, Jo\u00e3o Vianey | Foto: Ney Silva\/ Acorda Cidade <\/figcaption><\/figure>\n<blockquote class=\"wp-block-quote is-layout-flow wp-block-quote-is-layout-flow\">\n<p class=\"has-medium-font-size wp-block-paragraph\">Faremos a adequa\u00e7\u00e3o do p\u00e1tio central, uma requalifica\u00e7\u00e3o completa com piso intertravado, uma nova ilumina\u00e7\u00e3o, j\u00e1 toda em LED, com a rede el\u00e9trica totalmente refeita. O paisagismo com grama, inclusive, nos espa\u00e7os de canteiro, dando um espa\u00e7o requalificado, mais moderno e muito mais agrad\u00e1vel numa \u00e1rea t\u00e3o importante da cidade.\u201d<\/p>\n<\/blockquote>\n<p class=\"wp-block-paragraph\">Segundo ele, o piso de pedra portuguesa ser\u00e1 totalmente remodelado. Tamb\u00e9m ser\u00e3o instalados novos bancos e os canteiros ser\u00e3o requalificados com o plantio de grama.<\/p>\n<blockquote class=\"wp-block-quote has-medium-font-size is-layout-flow wp-block-quote-is-layout-flow\">\n<p class=\"wp-block-paragraph\">Com essa readequa\u00e7\u00e3o, a pra\u00e7a ter\u00e1 todo o seu p\u00e1tio central em pavimento intertravado e com recuos laterais internos, para que haja o ponto de parada, reordenando essa configura\u00e7\u00e3o da pra\u00e7a.\u201d, explicou o secret\u00e1rio.<\/p>\n<\/blockquote>\n<figure data-gallery-id=\"fancybox_6a998986e86e4\" class=\"wp-block-gallery has-nested-images columns-default is-cropped wp-block-gallery-2 is-layout-flex wp-block-gallery-is-layout-flex\">\n<figure class=\"wp-block-image size-large\"><a data-fancybox=\"fancybox_6a998986e86e4\" href=\"http:\/\/noticiasbahia360.com.br\/wp-content\/uploads\/2026\/09\/Praca-do-Nordestino-Foto-Ney-Silva-Acorda-Cidade-2.jpg\" data-caption=\"Foto: Ney Silva\/ Acorda Cidade \"><img loading=\"lazy\" decoding=\"async\" width=\"1200\" height=\"900\" data-id=\"687520\" src=\"http:\/\/noticiasbahia360.com.br\/wp-content\/uploads\/2026\/09\/Praca-do-Nordestino-Foto-Ney-Silva-Acorda-Cidade-2.jpg\" alt=\"Pra\u00e7a do Nordestino\" class=\"wp-image-687520\" srcset=\"http:\/\/noticiasbahia360.com.br\/wp-content\/uploads\/2026\/09\/Praca-do-Nordestino-Foto-Ney-Silva-Acorda-Cidade-2.jpg 1200w, https:\/\/uploads.acordacidade.com.br\/2026\/09\/Praca-do-Nordestino-Foto-Ney-Silva-Acorda-Cidade-2-750x563.jpg 750w, https:\/\/uploads.acordacidade.com.br\/2026\/09\/Praca-do-Nordestino-Foto-Ney-Silva-Acorda-Cidade-2-1000x750.jpg 1000w, https:\/\/uploads.acordacidade.com.br\/2026\/09\/Praca-do-Nordestino-Foto-Ney-Silva-Acorda-Cidade-2-450x338.jpg 450w, https:\/\/uploads.acordacidade.com.br\/2026\/09\/Praca-do-Nordestino-Foto-Ney-Silva-Acorda-Cidade-2-150x113.jpg 150w\" sizes=\"(max-width: 1200px) 100vw, 1200px\"><\/a><i><\/i><figcaption class=\"wp-element-caption\">Foto: Ney Silva\/ Acorda Cidade <\/figcaption><\/figure>\n<figure class=\"wp-block-image size-large\"><a data-fancybox=\"fancybox_6a998986e86e4\" href=\"http:\/\/noticiasbahia360.com.br\/wp-content\/uploads\/2026\/09\/Praca-do-Nordestino-Foto-Ney-Silva-Acorda-Cidade-4.jpg\" data-caption=\"Foto: Ney Silva\/ Acorda Cidade \"><img loading=\"lazy\" decoding=\"async\" width=\"1200\" height=\"900\" data-id=\"687517\" src=\"http:\/\/noticiasbahia360.com.br\/wp-content\/uploads\/2026\/09\/Praca-do-Nordestino-Foto-Ney-Silva-Acorda-Cidade-4.jpg\" alt=\"Pra\u00e7a do Nordestino\" class=\"wp-image-687517\" srcset=\"http:\/\/noticiasbahia360.com.br\/wp-content\/uploads\/2026\/09\/Praca-do-Nordestino-Foto-Ney-Silva-Acorda-Cidade-4.jpg 1200w, https:\/\/uploads.acordacidade.com.br\/2026\/09\/Praca-do-Nordestino-Foto-Ney-Silva-Acorda-Cidade-4-750x563.jpg 750w, https:\/\/uploads.acordacidade.com.br\/2026\/09\/Praca-do-Nordestino-Foto-Ney-Silva-Acorda-Cidade-4-1000x750.jpg 1000w, https:\/\/uploads.acordacidade.com.br\/2026\/09\/Praca-do-Nordestino-Foto-Ney-Silva-Acorda-Cidade-4-450x338.jpg 450w, https:\/\/uploads.acordacidade.com.br\/2026\/09\/Praca-do-Nordestino-Foto-Ney-Silva-Acorda-Cidade-4-150x113.jpg 150w\" sizes=\"(max-width: 1200px) 100vw, 1200px\"><\/a><i><\/i><figcaption class=\"wp-element-caption\">Foto: Ney Silva\/ Acorda Cidade <\/figcaption><\/figure>\n<\/figure>\n<p class=\"wp-block-paragraph\"><em>Com informa\u00e7\u00f5es do rep\u00f3rter Ney Silva, do Acorda Cidade.<\/em><\/p>\n<p class=\"wp-block-paragraph\"><strong>Leia tamb\u00e9m: <\/strong><\/p>\n<p class=\"wp-block-paragraph\"><a href=\"https:\/\/www.acordacidade.com.br\/feira-de-santana\/prefeito-autoriza-reforma-da-praca-do-forum-com-investimento-de-r-800-mil\/\">Prefeito autoriza reforma da Pra\u00e7a do F\u00f3rum com investimento de R$ 900 mil<\/a><\/p>\n<p class=\"wp-block-paragraph\"><a href=\"https:\/\/www.acordacidade.com.br\/feira-de-santana\/prefeito-assina-ordem-de-servico-para-a-praca-froes-da-motta-obra-deve-ser-entregue-em-dezembro\/\">Prefeito assina ordem de servi\u00e7o para a Pra\u00e7a Fr\u00f3es da Motta; obra deve ser entregue em dezembro<\/a><\/p>\n<p class=\"wp-block-paragraph\"><a href=\"https:\/\/www.acordacidade.com.br\/feira-de-santana\/prefeitura-autoriza-construcao-de-praca-e-anuncia-pavimentacao-no-parque-sabia\/\">Prefeitura autoriza constru\u00e7\u00e3o de pra\u00e7a e anuncia pavimenta\u00e7\u00e3o no Parque Sabi\u00e1<\/a><\/p>\n<p class=\"wp-block-paragraph\"><a href=\"https:\/\/www.acordacidade.com.br\/feira-de-santana\/prefeitura-autoriza-reforma-da-praca-dois-de-julho-no-centro-de-feira-de-santana\/\">Prefeitura autoriza reforma da Pra\u00e7a Dois de Julho no centro de Feira de Santana<\/a><\/p>\n<p class=\"wp-block-paragraph\"><em>Siga o Acorda Cidade no\u00a0<\/em><a href=\"https:\/\/news.google.com\/search?q=acorda%20cidade&amp;hl=pt-BR&amp;gl=BR&amp;ceid=BR%3Apt-419\"><strong><em>Google Not\u00edcias<\/em><\/strong><\/a><em>\u00a0e receba os principais destaques do dia. Participe tamb\u00e9m dos nossos canais no\u00a0<\/em><a href=\"https:\/\/whatsapp.com\/channel\/0029Va6Rb4v3WHTNnsh8WI3N\"><strong><em>WhatsApp<\/em><\/strong><\/a><em>\u00a0e\u00a0<\/em><a href=\"https:\/\/www.youtube.com\/@acordacidadenoticias\/videos\"><strong>YouTube<\/strong><\/a><em>\u00a0e do grupo no\u00a0<\/em><a href=\"https:\/\/t.me\/+sSz0khrgARA0ZmRh\"><strong><em>Telegram<\/em><\/strong><\/a><em>.<\/em><\/p>\n<\/div>\n","protected":false},"excerpt":{"rendered":"<p>Foto: Ney Silva\/ Acorda Cidade Na manh\u00e3 desta quinta-feira (3), o prefeito Jos\u00e9 Ronaldo de<\/p>\n","protected":false},"author":1,"featured_media":148678,"comment_status":"closed","ping_status":"closed","sticky":false,"template":"","format":"gallery","meta":{"footnotes":""},"categories":[8,9,6,57,56,10],"tags":[],"class_list":["post-148677","post","type-post","status-publish","format-gallery","has-post-thumbnail","hentry","category-bahia","category-brasil","category-feira-de-santana","category-mundo","category-policia","category-politica","post_format-post-format-gallery"],"featured_image_urls":{"full":["https:\/\/noticiasbahia360.com.br\/wp-content\/uploads\/2026\/09\/Praca-do-Nordestino-Foto-Ney-Silva-Acorda-Cidade-.jpg",1200,900,false],"thumbnail":["https:\/\/noticiasbahia360.com.br\/wp-content\/uploads\/2026\/09\/Praca-do-Nordestino-Foto-Ney-Silva-Acorda-Cidade--150x150.jpg",150,150,true],"medium":["https:\/\/noticiasbahia360.com.br\/wp-content\/uploads\/2026\/09\/Praca-do-Nordestino-Foto-Ney-Silva-Acorda-Cidade--300x225.jpg",300,225,true],"medium_large":["https:\/\/noticiasbahia360.com.br\/wp-content\/uploads\/2026\/09\/Praca-do-Nordestino-Foto-Ney-Silva-Acorda-Cidade--768x576.jpg",640,480,true],"large":["https:\/\/noticiasbahia360.com.br\/wp-content\/uploads\/2026\/09\/Praca-do-Nordestino-Foto-Ney-Silva-Acorda-Cidade--1024x768.jpg",640,480,true],"1536x1536":["https:\/\/noticiasbahia360.com.br\/wp-content\/uploads\/2026\/09\/Praca-do-Nordestino-Foto-Ney-Silva-Acorda-Cidade-.jpg",1200,900,false],"2048x2048":["https:\/\/noticiasbahia360.com.br\/wp-content\/uploads\/2026\/09\/Praca-do-Nordestino-Foto-Ney-Silva-Acorda-Cidade-.jpg",1200,900,false],"chromenews-featured":["https:\/\/noticiasbahia360.com.br\/wp-content\/uploads\/2026\/09\/Praca-do-Nordestino-Foto-Ney-Silva-Acorda-Cidade--1024x768.jpg",1024,768,true],"chromenews-large":["https:\/\/noticiasbahia360.com.br\/wp-content\/uploads\/2026\/09\/Praca-do-Nordestino-Foto-Ney-Silva-Acorda-Cidade--825x575.jpg",825,575,true],"chromenews-medium":["https:\/\/noticiasbahia360.com.br\/wp-content\/uploads\/2026\/09\/Praca-do-Nordestino-Foto-Ney-Silva-Acorda-Cidade--590x410.jpg",590,410,true]},"author_info":{"display_name":"noticiasbahia360.com.br","author_link":"https:\/\/noticiasbahia360.com.br\/?author=1"},"category_info":"<a href=\"https:\/\/noticiasbahia360.com.br\/?cat=8\" rel=\"category\">Bahia<\/a> <a href=\"https:\/\/noticiasbahia360.com.br\/?cat=9\" rel=\"category\">Brasil<\/a> <a href=\"https:\/\/noticiasbahia360.com.br\/?cat=6\" rel=\"category\">Feira de Santana<\/a> <a href=\"https:\/\/noticiasbahia360.com.br\/?cat=57\" rel=\"category\">Mundo<\/a> <a href=\"https:\/\/noticiasbahia360.com.br\/?cat=56\" rel=\"category\">Pol\u00edcia<\/a> <a href=\"https:\/\/noticiasbahia360.com.br\/?cat=10\" rel=\"category\">Pol\u00edtica<\/a>","tag_info":"Pol\u00edtica","comment_count":"0","_links":{"self":[{"href":"https:\/\/noticiasbahia360.com.br\/index.php?rest_route=\/wp\/v2\/posts\/148677","targetHints":{"allow":["GET"]}}],"collection":[{"href":"https:\/\/noticiasbahia360.com.br\/index.php?rest_route=\/wp\/v2\/posts"}],"about":[{"href":"https:\/\/noticiasbahia360.com.br\/index.php?rest_route=\/wp\/v2\/types\/post"}],"author":[{"embeddable":true,"href":"https:\/\/noticiasbahia360.com.br\/index.php?rest_route=\/wp\/v2\/users\/1"}],"replies":[{"embeddable":true,"href":"https:\/\/noticiasbahia360.com.br\/index.php?rest_route=%2Fwp%2Fv2%2Fcomments&post=148677"}],"version-history":[{"count":0,"href":"https:\/\/noticiasbahia360.com.br\/index.php?rest_route=\/wp\/v2\/posts\/148677\/revisions"}],"wp:featuredmedia":[{"embeddable":true,"href":"https:\/\/noticiasbahia360.com.br\/index.php?rest_route=\/wp\/v2\/media\/148678"}],"wp:attachment":[{"href":"https:\/\/noticiasbahia360.com.br\/index.php?rest_route=%2Fwp%2Fv2%2Fmedia&parent=148677"}],"wp:term":[{"taxonomy":"category","embeddable":true,"href":"https:\/\/noticiasbahia360.com.br\/index.php?rest_route=%2Fwp%2Fv2%2Fcategories&post=148677"},{"taxonomy":"post_tag","embeddable":true,"href":"https:\/\/noticiasbahia360.com.br\/index.php?rest_route=%2Fwp%2Fv2%2Ftags&post=148677"}],"curies":[{"name":"wp","href":"https:\/\/api.w.org\/{rel}","templated":true}]}}