{"id":148691,"date":"2026-09-03T13:02:31","date_gmt":"2026-09-03T16:02:31","guid":{"rendered":"https:\/\/noticiasbahia360.com.br\/?p=148691"},"modified":"2026-09-03T13:02:31","modified_gmt":"2026-09-03T16:02:31","slug":"inverno-quando-chega-duo-mangalo-lanca-primeiro-videoclipe-em-feira-de-santana","status":"publish","type":"post","link":"https:\/\/noticiasbahia360.com.br\/?p=148691","title":{"rendered":"\u201cInverno Quando Chega\u201d: Duo Mangal\u00f4 lan\u00e7a primeiro videoclipe em Feira de Santana"},"content":{"rendered":"<div>\n<div>\n<figure><img decoding=\"async\" src=\"http:\/\/noticiasbahia360.com.br\/wp-content\/uploads\/2026\/09\/Duo-Mangalo-Daniel-da-Quixabeira-e-Ludmilla-Dourado.jpg\" alt=\"Duo Mangal\u00f4 (Daniel da Quixabeira e Ludmilla Dourado\"><figcaption>Foto: Benedito Pamponet<\/figcaption><\/figure>\n<\/div>\n<p class=\"wp-block-paragraph\">A can\u00e7\u00e3o \u201cInverno quando chega\u201d, do Duo Mangal\u00f4, j\u00e1 est\u00e1 dispon\u00edvel em todas as plataformas globais de m\u00fasica e ter\u00e1 videoclipe lan\u00e7ado nesta quinta-feira (3), a partir das 18h30, em Feira de Santana, no Complexo Carro de Boi do Centro de Cultura Am\u00e9lio Amorim, com acesso gratuito.<\/p>\n<p class=\"wp-block-paragraph\">\u201cVamos lan\u00e7ar o primeiro videoclipe produzido pelo Duo Mangal\u00f4 em uma noite multicultural que tamb\u00e9m celebra o fomento p\u00fablico para as artes do interior da Bahia\u201d, declara Ludmilla Dourado, produtora executiva e artista.<\/p>\n<figure class=\"wp-block-image size-full\"><img fetchpriority=\"high\" decoding=\"async\" width=\"1200\" height=\"900\" src=\"http:\/\/noticiasbahia360.com.br\/wp-content\/uploads\/2026\/09\/Equipe-do-videoclipe-_Inverno-quando-chega__Foto-de-Benedito-Pamponet.jpg\" alt=\"Equipe do videoclip\" class=\"wp-image-687617\" srcset=\"http:\/\/noticiasbahia360.com.br\/wp-content\/uploads\/2026\/09\/Equipe-do-videoclipe-_Inverno-quando-chega__Foto-de-Benedito-Pamponet.jpg 1200w, https:\/\/uploads.acordacidade.com.br\/2026\/09\/Equipe-do-videoclipe-_Inverno-quando-chega__Foto-de-Benedito-Pamponet-750x563.jpg 750w, https:\/\/uploads.acordacidade.com.br\/2026\/09\/Equipe-do-videoclipe-_Inverno-quando-chega__Foto-de-Benedito-Pamponet-1000x750.jpg 1000w, https:\/\/uploads.acordacidade.com.br\/2026\/09\/Equipe-do-videoclipe-_Inverno-quando-chega__Foto-de-Benedito-Pamponet-450x338.jpg 450w, https:\/\/uploads.acordacidade.com.br\/2026\/09\/Equipe-do-videoclipe-_Inverno-quando-chega__Foto-de-Benedito-Pamponet-150x113.jpg 150w\" sizes=\"(max-width: 1200px) 100vw, 1200px\"><figcaption class=\"wp-element-caption\">Foto: Benedito Pamponet<\/figcaption><\/figure>\n<p class=\"wp-block-paragraph\">O filme ser\u00e1 apresentado no evento que contar\u00e1 tamb\u00e9m com o pocket show de Daniel da Quixabeira e Ludmilla Dourado, com participa\u00e7\u00e3o da artista ind\u00edgena Ana Luiza Pankararu, que tamb\u00e9m integra a grava\u00e7\u00e3o da can\u00e7\u00e3o. A programa\u00e7\u00e3o segue com a participa\u00e7\u00e3o musical de \u201cOs Diegos\u201d, com performance de dan\u00e7a de Ananda Oliveira e Sandra Silva e, ao final, a exibi\u00e7\u00e3o do videoclipe que d\u00e1 forma audiovisual \u00e0 can\u00e7\u00e3o.<\/p>\n<p class=\"wp-block-paragraph\">Os takes dessa obra audiovisual foram capturados na Fazenda Recreios, localizada em Concei\u00e7\u00e3o da Feira, 127 km da capital baiana. Uma produ\u00e7\u00e3o que reuniu 23 profissionais das artes do interior da Bahia, sendo 11 artistas e 12 integrantes da equipe t\u00e9cnica, envolvidos no planejamento, capta\u00e7\u00e3o de recursos e na produ\u00e7\u00e3o das cenas que comp\u00f5em o filme.\u00a0<\/p>\n<figure class=\"wp-block-image size-full\"><img decoding=\"async\" width=\"1200\" height=\"900\" src=\"http:\/\/noticiasbahia360.com.br\/wp-content\/uploads\/2026\/09\/Videoclipe-de-_Inverno-quando-chega.jpg\" alt=\"Videoclipe de Inverno quando chega\" class=\"wp-image-687618\" srcset=\"http:\/\/noticiasbahia360.com.br\/wp-content\/uploads\/2026\/09\/Videoclipe-de-_Inverno-quando-chega.jpg 1200w, https:\/\/uploads.acordacidade.com.br\/2026\/09\/Videoclipe-de-_Inverno-quando-chega-750x563.jpg 750w, https:\/\/uploads.acordacidade.com.br\/2026\/09\/Videoclipe-de-_Inverno-quando-chega-1000x750.jpg 1000w, https:\/\/uploads.acordacidade.com.br\/2026\/09\/Videoclipe-de-_Inverno-quando-chega-450x338.jpg 450w, https:\/\/uploads.acordacidade.com.br\/2026\/09\/Videoclipe-de-_Inverno-quando-chega-150x113.jpg 150w\" sizes=\"(max-width: 1200px) 100vw, 1200px\"><figcaption class=\"wp-element-caption\">Foto: Benedito Pamponet<\/figcaption><\/figure>\n<p class=\"wp-block-paragraph\">A produ\u00e7\u00e3o audiovisual conta ainda com a voz da artista ind\u00edgena Ana Luiza Pankararu. Sua participa\u00e7\u00e3o amplia o di\u00e1logo da obra com saberes e cosmologias que compreendem a vida a partir da circularidade do tempo, dos v\u00ednculos comunit\u00e1rios e da rela\u00e7\u00e3o indissoci\u00e1vel entre as pessoas e a natureza. O encontro art\u00edstico entre o Duo Mangal\u00f4 e Ana Luiza Pankararu fortalece a dimens\u00e3o intercultural do projeto e reafirma a diversidade da produ\u00e7\u00e3o cultural baiana contempor\u00e2nea.<\/p>\n<p class=\"wp-block-paragraph\">A m\u00fasica foi composta por Daniel da Quixabeira em 2024, durante um per\u00edodo de recolhimento e viv\u00eancia espiritual no Il\u00ea Ax\u00e9 Omin Kaiod\u00ea, em Juazeiro (BA). \u201cEssa composi\u00e7\u00e3o vem de um sonho. Fui impactado por uma lembran\u00e7a da minha juventude em Capim Grosso, e isso me levou a pensar sobre como a gente se distancia da natureza e como muitas respostas para as nossas quest\u00f5es existenciais est\u00e3o nela\u201d, explica o artista.<\/p>\n<p class=\"wp-block-paragraph\">Na letra, o inverno aparece como met\u00e1fora dos per\u00edodos de tristeza, sil\u00eancio e introspec\u00e7\u00e3o que antecedem novos ciclos de alegria e transforma\u00e7\u00e3o. A can\u00e7\u00e3o parte da ideia de que os per\u00edodos dif\u00edceis tamb\u00e9m possuem potencial de mudan\u00e7a e podem favorecer o reencontro consigo, com a natureza e com as outras pessoas.<\/p>\n<h2 id=\"h-quem-realiza\" class=\"wp-block-heading\">Quem realiza?<\/h2>\n<p class=\"wp-block-paragraph\">Esse filme musical \u00e9 mais um trabalho do Coletivo Mangal\u00f4, realizado com o apoio do selo musical independente Casa das \u00c1guas 75, do Diniz Est\u00fadio, da Recreio Filmes e da Comunidade Culturasss no desenvolvimento do projeto cultural e mobiliza\u00e7\u00e3o de recursos.\u00a0<\/p>\n<p class=\"wp-block-paragraph\">A produ\u00e7\u00e3o musical \u00e9 assinada por Daniel da Quixabeira, Ludmilla Dourado e Kelvin Diniz; a produ\u00e7\u00e3o fonogr\u00e1fica por Lore Cerqueira; e a capta\u00e7\u00e3o, edi\u00e7\u00e3o e finaliza\u00e7\u00e3o do videoclipe, pela Recreio Filmes, produtora audiovisual feirense, conduzida por Bruno Bittencourt. A dire\u00e7\u00e3o coreogr\u00e1fica e corpo-dan\u00e7a \u00e9 de Ananda Oliveira; e a dire\u00e7\u00e3o art\u00edstica coletiva re\u00fane Denise Oliveira, Daniel da Quixabeira e Ludmilla Dourado.<\/p>\n<p class=\"wp-block-paragraph\">Sandra Silva, Ila Nunes, Nathalia Mata, Tom Barbosa, Oto Barbosa, Palha\u00e7o Lagatixa e dona Zenite Dourado (m\u00e3e de Ludmilla Dourado) tamb\u00e9m participam do videoclipe, coreografados por Antonia Lyara. A identidade visual da capa do single e da campanha de difus\u00e3o das obras foi desenvolvida pelo artista visual e designer gr\u00e1fico Ruz; os conte\u00fados das redes sociais foram produzidos pelo jornalista Jo\u00e3o Fran\u00e7a; os registros fotogr\u00e1ficos foram feitos por Benedito Pamponet; a assessoria de comunica\u00e7\u00e3o, por Lore Cerqueira; e a produ\u00e7\u00e3o cultural contou com o trabalho de Thenize Rasslan.<\/p>\n<p class=\"wp-block-paragraph\">A produ\u00e7\u00e3o do videoclipe \u201cInverno Quando Chega\u201d conta com o financiamento p\u00fablico da Secretaria de Cultura, Esporte e Lazer da Prefeitura Municipal de Feira de Santana, por meio da Pol\u00edtica Nacional Aldir Blanc de Fomento \u00e0 Cultura (Pnab), do Minist\u00e9rio da Cultura, Governo Federal, pol\u00edtica que tem possibilitado o fortalecimento de produ\u00e7\u00f5es art\u00edsticas autorais em diferentes territ\u00f3rios do pa\u00eds.<\/p>\n<h2 id=\"h-sobre-o-duo-mangalo\" class=\"wp-block-heading\">Sobre o Duo Mangal\u00f4<\/h2>\n<p class=\"wp-block-paragraph\">O dueto literomusical de Daniel da Quixabeira e Ludmilla Dourado se formou em 2021, na oportunidade do lan\u00e7amento do EP \u201cF\u00f4lego\u201d, com 6 can\u00e7\u00f5es de autoria pr\u00f3pria. O Duo Mangal\u00f4 produz m\u00fasicas que expressam delicadezas e convocam o sentir. S\u00e3o sonoridades e s\u00edmbolos influenciados por sertanias baianas, com seus bichos, sua gente e suas paisagens sonoras. Quando a singularidade da voz e a poesia de Ludmilla encontram a for\u00e7a do canto, o pandeiro e as cordas do viol\u00e3o de Daniel, o que se ouve \u00e9 uma po\u00e9tica marcada pela mem\u00f3ria e pela celebra\u00e7\u00e3o dos encontros.\u00a0<\/p>\n<p class=\"wp-block-paragraph\">\u201cInverno Quando Chega\u201d \u00e9 a primeira obra no formato videoclipe produzida pelos artistas. Por\u00e9m, em abril de 2026, o Duo Mangal\u00f4 foi homenageado pela artista feirense Antonia Lyara, que produziu vers\u00f5es em audiovisual das m\u00fasicas do EP \u201cF\u00f4lego\u201d, para o projeto \u201cCorpo Palavra \u2013 o filme\u201d, que est\u00e1 dispon\u00edvel gratuitamente no YouTube.<\/p>\n<p class=\"wp-block-paragraph\">O Duo \u00e9 mais uma iniciativa do Coletivo Mangal\u00f4, encontro de agentes culturais com experi\u00eancias em iniciativas de artes integradas pelo interior baiano, desde 2018. S\u00e3o respons\u00e1veis pela produ\u00e7\u00e3o do \u00e1lbum \u201cDoismilivinte\u201d, do EP \u201cQuixabeira\u201d e da obra audiovisual \u201cMandinga\u201d, que inclui os videoclipes \u201cP\u00eandulo\u201d e \u201cO Capoeira\u201d. Todos esses trabalhos foram do artista e compositor Daniel da Quixabeira.\u00a0<\/p>\n<p class=\"wp-block-paragraph\">O Coletivo tamb\u00e9m assina a produ\u00e7\u00e3o executiva do \u00e1lbum \u201cO Curador do Museu do Imagin\u00e1rio\u201d, do grupo Africania, liderado pelo percussionista Bel da Bonita (in memoriam). S\u00e3o agentes culturais atuantes na cena de Feira de Santana, acumulando experi\u00eancias com projetos aprovados em sele\u00e7\u00f5es via editais de chamamento p\u00fablico para o fomento \u00e0 cultura.<\/p>\n<h2 id=\"h-servico\" class=\"wp-block-heading\">Servi\u00e7o<\/h2>\n<p class=\"wp-block-paragraph\"><strong>O qu\u00ea?<\/strong> Lan\u00e7amento do videoclipe \u201cInverno quando chega\u201d, Duo Mangal\u00f4<\/p>\n<p class=\"wp-block-paragraph\"><strong>Quando?<\/strong> Quinta, 3 de setembro de 2026, \u00e0s 18h30<\/p>\n<p class=\"wp-block-paragraph\"><strong>Onde?<\/strong> Complexo Carro de Boi, Centro de Cultura Am\u00e9lio Amorim, Feira de Santana (BA).<\/p>\n<p class=\"wp-block-paragraph\"><em>Siga o Acorda Cidade no\u00a0<\/em><a href=\"https:\/\/news.google.com\/search?q=acorda%20cidade&amp;hl=pt-BR&amp;gl=BR&amp;ceid=BR%3Apt-419\"><strong><em>Google Not\u00edcias<\/em><\/strong><\/a><em>\u00a0e receba os principais destaques do dia. Participe tamb\u00e9m dos nossos canais no\u00a0<\/em><a href=\"https:\/\/whatsapp.com\/channel\/0029Va6Rb4v3WHTNnsh8WI3N\"><strong><em>WhatsApp<\/em><\/strong><\/a><em>\u00a0e\u00a0<\/em><a href=\"https:\/\/www.youtube.com\/@acordacidadenoticias\/videos\"><strong>YouTube<\/strong><\/a><em>\u00a0e do grupo no\u00a0<\/em><a href=\"https:\/\/t.me\/+sSz0khrgARA0ZmRh\"><strong><em>Telegram<\/em><\/strong><\/a><em>.<\/em><\/p>\n<\/div>\n","protected":false},"excerpt":{"rendered":"<p>Foto: Benedito Pamponet A can\u00e7\u00e3o \u201cInverno quando chega\u201d, do Duo Mangal\u00f4, j\u00e1 est\u00e1 dispon\u00edvel em<\/p>\n","protected":false},"author":1,"featured_media":148692,"comment_status":"closed","ping_status":"closed","sticky":false,"template":"","format":"gallery","meta":{"footnotes":""},"categories":[8,9,6,57,56,10],"tags":[],"class_list":["post-148691","post","type-post","status-publish","format-gallery","has-post-thumbnail","hentry","category-bahia","category-brasil","category-feira-de-santana","category-mundo","category-policia","category-politica","post_format-post-format-gallery"],"featured_image_urls":{"full":["https:\/\/noticiasbahia360.com.br\/wp-content\/uploads\/2026\/09\/Duo-Mangalo-Daniel-da-Quixabeira-e-Ludmilla-Dourado.jpg",1200,989,false],"thumbnail":["https:\/\/noticiasbahia360.com.br\/wp-content\/uploads\/2026\/09\/Duo-Mangalo-Daniel-da-Quixabeira-e-Ludmilla-Dourado-150x150.jpg",150,150,true],"medium":["https:\/\/noticiasbahia360.com.br\/wp-content\/uploads\/2026\/09\/Duo-Mangalo-Daniel-da-Quixabeira-e-Ludmilla-Dourado-300x247.jpg",300,247,true],"medium_large":["https:\/\/noticiasbahia360.com.br\/wp-content\/uploads\/2026\/09\/Duo-Mangalo-Daniel-da-Quixabeira-e-Ludmilla-Dourado-768x633.jpg",640,528,true],"large":["https:\/\/noticiasbahia360.com.br\/wp-content\/uploads\/2026\/09\/Duo-Mangalo-Daniel-da-Quixabeira-e-Ludmilla-Dourado-1024x844.jpg",640,528,true],"1536x1536":["https:\/\/noticiasbahia360.com.br\/wp-content\/uploads\/2026\/09\/Duo-Mangalo-Daniel-da-Quixabeira-e-Ludmilla-Dourado.jpg",1200,989,false],"2048x2048":["https:\/\/noticiasbahia360.com.br\/wp-content\/uploads\/2026\/09\/Duo-Mangalo-Daniel-da-Quixabeira-e-Ludmilla-Dourado.jpg",1200,989,false],"chromenews-featured":["https:\/\/noticiasbahia360.com.br\/wp-content\/uploads\/2026\/09\/Duo-Mangalo-Daniel-da-Quixabeira-e-Ludmilla-Dourado-1024x844.jpg",1024,844,true],"chromenews-large":["https:\/\/noticiasbahia360.com.br\/wp-content\/uploads\/2026\/09\/Duo-Mangalo-Daniel-da-Quixabeira-e-Ludmilla-Dourado-825x575.jpg",825,575,true],"chromenews-medium":["https:\/\/noticiasbahia360.com.br\/wp-content\/uploads\/2026\/09\/Duo-Mangalo-Daniel-da-Quixabeira-e-Ludmilla-Dourado-590x410.jpg",590,410,true]},"author_info":{"display_name":"noticiasbahia360.com.br","author_link":"https:\/\/noticiasbahia360.com.br\/?author=1"},"category_info":"<a href=\"https:\/\/noticiasbahia360.com.br\/?cat=8\" rel=\"category\">Bahia<\/a> <a href=\"https:\/\/noticiasbahia360.com.br\/?cat=9\" rel=\"category\">Brasil<\/a> <a href=\"https:\/\/noticiasbahia360.com.br\/?cat=6\" rel=\"category\">Feira de Santana<\/a> <a href=\"https:\/\/noticiasbahia360.com.br\/?cat=57\" rel=\"category\">Mundo<\/a> <a href=\"https:\/\/noticiasbahia360.com.br\/?cat=56\" rel=\"category\">Pol\u00edcia<\/a> <a href=\"https:\/\/noticiasbahia360.com.br\/?cat=10\" rel=\"category\">Pol\u00edtica<\/a>","tag_info":"Pol\u00edtica","comment_count":"0","_links":{"self":[{"href":"https:\/\/noticiasbahia360.com.br\/index.php?rest_route=\/wp\/v2\/posts\/148691","targetHints":{"allow":["GET"]}}],"collection":[{"href":"https:\/\/noticiasbahia360.com.br\/index.php?rest_route=\/wp\/v2\/posts"}],"about":[{"href":"https:\/\/noticiasbahia360.com.br\/index.php?rest_route=\/wp\/v2\/types\/post"}],"author":[{"embeddable":true,"href":"https:\/\/noticiasbahia360.com.br\/index.php?rest_route=\/wp\/v2\/users\/1"}],"replies":[{"embeddable":true,"href":"https:\/\/noticiasbahia360.com.br\/index.php?rest_route=%2Fwp%2Fv2%2Fcomments&post=148691"}],"version-history":[{"count":0,"href":"https:\/\/noticiasbahia360.com.br\/index.php?rest_route=\/wp\/v2\/posts\/148691\/revisions"}],"wp:featuredmedia":[{"embeddable":true,"href":"https:\/\/noticiasbahia360.com.br\/index.php?rest_route=\/wp\/v2\/media\/148692"}],"wp:attachment":[{"href":"https:\/\/noticiasbahia360.com.br\/index.php?rest_route=%2Fwp%2Fv2%2Fmedia&parent=148691"}],"wp:term":[{"taxonomy":"category","embeddable":true,"href":"https:\/\/noticiasbahia360.com.br\/index.php?rest_route=%2Fwp%2Fv2%2Fcategories&post=148691"},{"taxonomy":"post_tag","embeddable":true,"href":"https:\/\/noticiasbahia360.com.br\/index.php?rest_route=%2Fwp%2Fv2%2Ftags&post=148691"}],"curies":[{"name":"wp","href":"https:\/\/api.w.org\/{rel}","templated":true}]}}