{"id":148695,"date":"2026-09-03T13:02:33","date_gmt":"2026-09-03T16:02:33","guid":{"rendered":"https:\/\/noticiasbahia360.com.br\/?p=148695"},"modified":"2026-09-03T13:02:33","modified_gmt":"2026-09-03T16:02:33","slug":"rachel-reis-larissa-luz-telo-e-mais-festival-de-lencois-agita-chapada-diamantina-a-partir-desta-sexta-4","status":"publish","type":"post","link":"https:\/\/noticiasbahia360.com.br\/?p=148695","title":{"rendered":"Rachel Reis, Larissa Luz, Tel\u00f3 e mais: Festival de Len\u00e7\u00f3is agita Chapada Diamantina a partir desta sexta (4)"},"content":{"rendered":"<div>\n<div>\n<figure><img decoding=\"async\" src=\"http:\/\/noticiasbahia360.com.br\/wp-content\/uploads\/2026\/09\/Atracoes-Festival-de-Lencois.jpg\" alt=\"Atra\u00e7\u00f5es Festival de Len\u00e7\u00f3is\"><figcaption>Foto: Divulga\u00e7\u00e3o<\/figcaption><\/figure>\n<\/div>\n<p class=\"wp-block-paragraph\">Come\u00e7a nesta sexta-feira (4) e segue at\u00e9 domingo (6), o Festival de Len\u00e7\u00f3is 2026, que vai reunir grandes nomes da m\u00fasica brasileira, como Cidade Negra, Michel Tel\u00f3, Larissa Luz, Rachel Reis e Banjo Novo, no Palco Len\u00e7\u00f3is, na Pra\u00e7a Hor\u00e1cio de Matos. <\/p>\n<p class=\"wp-block-paragraph\">O palco principal recebe tamb\u00e9m as atra\u00e7\u00f5es locais, entre elas, Fam\u00edlia Gr\u00e3o de Luz e Gri\u00f4, Andr\u00e9 Fonseca e Jamile Santos, a Filarm\u00f4nica Lyra Popular de Len\u00e7\u00f3is e o cortejo Abrindo os Caminhos, com participa\u00e7\u00f5es do Samba de Roda das Baianas de Len\u00e7\u00f3is, Percuhitts e o Reisado da Viola.<\/p>\n<p class=\"wp-block-paragraph\">Sob o tema \u201cCante, Plante e Projeta\u201d, a 27\u00aa edi\u00e7\u00e3o do evento incorpora o Festival de Culturas Populares da Chapada Diamantina, ampliando sua programa\u00e7\u00e3o com um espa\u00e7o dedicado \u00e0s tradi\u00e7\u00f5es e express\u00f5es culturais, estabelecendo um di\u00e1logo entre m\u00fasica, cultura popular, sustentabilidade e identidade regional.<\/p>\n<figure class=\"wp-block-image size-large\"><img fetchpriority=\"high\" fetchpriority=\"high\" decoding=\"async\" width=\"1320\" height=\"743\" src=\"http:\/\/noticiasbahia360.com.br\/wp-content\/uploads\/2026\/09\/Festival-de-Lencois-4-Divulgacao-1320x743-1.jpg\" alt=\"Festival de Len\u00e7\u00f3is\" class=\"wp-image-687609\" srcset=\"http:\/\/noticiasbahia360.com.br\/wp-content\/uploads\/2026\/09\/Festival-de-Lencois-4-Divulgacao-1320x743-1.jpg 1320w, https:\/\/uploads.acordacidade.com.br\/2026\/09\/Festival-de-Lencois-4-Divulgacao-750x422.jpg 750w, https:\/\/uploads.acordacidade.com.br\/2026\/09\/Festival-de-Lencois-4-Divulgacao-1000x563.jpg 1000w, https:\/\/uploads.acordacidade.com.br\/2026\/09\/Festival-de-Lencois-4-Divulgacao-1536x864.jpg 1536w, https:\/\/uploads.acordacidade.com.br\/2026\/09\/Festival-de-Lencois-4-Divulgacao-2048x1152.jpg 2048w, https:\/\/uploads.acordacidade.com.br\/2026\/09\/Festival-de-Lencois-4-Divulgacao-450x253.jpg 450w, https:\/\/uploads.acordacidade.com.br\/2026\/09\/Festival-de-Lencois-4-Divulgacao-150x84.jpg 150w\" sizes=\"(max-width: 1320px) 100vw, 1320px\"><figcaption class=\"wp-element-caption\">Foto: Divulga\u00e7\u00e3o<\/figcaption><\/figure>\n<p class=\"wp-block-paragraph\">O Festival de Len\u00e7\u00f3is 2026 conta com patroc\u00ednio da Bahiag\u00e1s e do Banco do Nordeste \u2013 BNB, al\u00e9m do apoio da Prefeitura de Len\u00e7\u00f3is. Idealizado e produzido pela Pau Viola Cultura e Entretenimento, o evento deve receber cerca de 30 mil pessoas ao longo dos tr\u00eas dias, contribuindo para o fortalecimento da economia local. A expectativa, \u00e9 de que o festival movimente aproximadamente R$ 12 milh\u00f5es no munic\u00edpio.<\/p>\n<p class=\"wp-block-paragraph\">\u201cA proposta deste ano \u00e9 fazer do Festival de Len\u00e7\u00f3is uma experi\u00eancia que v\u00e1 al\u00e9m dos grandes shows. Queremos integrar m\u00fasica, cultura popular, conhecimento, ancestralidade, meio ambiente e qualidade de vida, envolvendo tanto quem visita a cidade quanto quem vive aqui\u201d, afirma Paula Resende, da Pau Viola Cultura e Entretenimento.<\/p>\n<p class=\"wp-block-paragraph\">Ao incorporar o Festival de Culturas Populares, a programa\u00e7\u00e3o do palco principal do Festival de Len\u00e7\u00f3is se estende para outros espa\u00e7os dedicados \u00e0 cultura popular, como o Mercado Cultural e o Coreto. Ao lado de grandes shows, as manifesta\u00e7\u00f5es que atravessam gera\u00e7\u00f5es em Len\u00e7\u00f3is ganham protagonismo declarado, como o samba de roda, reisado, marujada, capoeira, forr\u00f3 de raiz.<\/p>\n<h2 id=\"h-mesas-tematicas\" class=\"wp-block-heading\">Mesas Tem\u00e1ticas<\/h2>\n<p class=\"wp-block-paragraph\">O Festival tamb\u00e9m amplia nesta edi\u00e7\u00e3o o espa\u00e7o dedicado ao di\u00e1logo e \u00e0 reflex\u00e3o, com uma s\u00e9rie de mesas tem\u00e1ticas sobre quest\u00f5es relacionadas \u00e0 cultura, ancestralidade, meio ambiente e bem-estar, que acontecem no Mercado Cultural de Len\u00e7\u00f3is.<\/p>\n<p class=\"wp-block-paragraph\">No primeiro dia (4), acontece a mesa Meio Ambiente e Patrim\u00f4nio, na qual ser\u00e3o tratados os desafios da sustentabilidade a respeito dos temas. Participam o Mestre em Ci\u00eancias Ambientais, Delmar Ara\u00fajo; e o superintendente do IPHAN na Bahia, Hermano Queiroz; com media\u00e7\u00e3o do jornalista James Martins.<\/p>\n<p class=\"wp-block-paragraph\">Destaque na programa\u00e7\u00e3o, a mesa \u201cJar\u00ea Encantado, Ancestralidade e Patrim\u00f4nio Cultural\u201d, realizada no dia 5, traz o Jar\u00ea como manifesta\u00e7\u00e3o espiritual profundamente ligada \u00e0 forma\u00e7\u00e3o hist\u00f3rica da Chapada Diamantina. Participam Dona Maninha do Quilombo do Remanso, Sandoval Amorim e seu filho Pedro Rangel, integrantes do Terreiro de Jar\u00ea Pal\u00e1cio de Ogum e Todos os Orix\u00e1s, fundado em 1949, em Len\u00e7\u00f3is, e tombado pelo Instituto do Patrim\u00f4nio Hist\u00f3rico e Art\u00edstico Nacional (IPHAN). A media\u00e7\u00e3o ser\u00e1 da jornalista e pesquisadora Cleidiana Ramos.<\/p>\n<p class=\"wp-block-paragraph\">Fechando a programa\u00e7\u00e3o de debates, no dia 6, o psic\u00f3logo e escritor Alexandre Coimbra participa da mesa \u201cA import\u00e2ncia de desacelerar a vida e conviver com a natureza\u201d. O encontro prop\u00f5e uma reflex\u00e3o sobre tempo, afetos, sa\u00fade das rela\u00e7\u00f5es e a maneira como nos conectamos com a natureza e com o mundo ao nosso redor.<\/p>\n<p class=\"wp-block-paragraph\">Al\u00e9m dos shows musicais, a 27\u00aa edi\u00e7\u00e3o do evento chega com uma programa\u00e7\u00e3o que re\u00fane manifesta\u00e7\u00f5es da cultura popular, debates sobre meio ambiente, ancestralidade e qualidade de vida, al\u00e9m de a\u00e7\u00f5es que valorizam a identidade e o patrim\u00f4nio cultural da regi\u00e3o.<\/p>\n<h2 id=\"h-manifestacoes-culturais\" class=\"wp-block-heading\">Manifesta\u00e7\u00f5es culturais<\/h2>\n<p class=\"wp-block-paragraph\">A programa\u00e7\u00e3o com as manifesta\u00e7\u00f5es culturais ocupar\u00e1 diferentes espa\u00e7os do centro hist\u00f3rico da cidade. O Mercado Cultural receber\u00e1 as apresenta\u00e7\u00f5es do Grupo de Teatro Infantil Meteoritos, da Casa Luz da Manh\u00e3, a performance Auto do Boi Diamante, a Marujada Quilombola do Remanso, a Marujada Barcas em Rios e o grupo Capoeira Corda Bamba.<\/p>\n<figure class=\"wp-block-image size-full\"><img decoding=\"async\" width=\"1200\" height=\"800\" src=\"http:\/\/noticiasbahia360.com.br\/wp-content\/uploads\/2026\/09\/Boi-Diamante-02-1jpg-Divulgacao-1.jpg\" alt=\"Boi Diamante Festival de Len\u00e7\u00f3is\" class=\"wp-image-687620\" srcset=\"http:\/\/noticiasbahia360.com.br\/wp-content\/uploads\/2026\/09\/Boi-Diamante-02-1jpg-Divulgacao-1.jpg 1200w, https:\/\/uploads.acordacidade.com.br\/2026\/09\/Boi-Diamante-02-1.jpg-Divulgacao-1-750x500.jpg 750w, https:\/\/uploads.acordacidade.com.br\/2026\/09\/Boi-Diamante-02-1.jpg-Divulgacao-1-1000x667.jpg 1000w, https:\/\/uploads.acordacidade.com.br\/2026\/09\/Boi-Diamante-02-1.jpg-Divulgacao-1-450x300.jpg 450w, https:\/\/uploads.acordacidade.com.br\/2026\/09\/Boi-Diamante-02-1.jpg-Divulgacao-1-150x100.jpg 150w\" sizes=\"(max-width: 1200px) 100vw, 1200px\"><figcaption class=\"wp-element-caption\">Foto: Divulga\u00e7\u00e3o<\/figcaption><\/figure>\n<p class=\"wp-block-paragraph\">A Feira de Artesanato, tamb\u00e9m no Mercado Cultural, reunir\u00e1 artes\u00e3os de Len\u00e7\u00f3is e participantes do Programa Artesanato da Bahia. J\u00e1 no Coreto, na Pra\u00e7a Otaviano Alves, o p\u00fablico poder\u00e1 acompanhar o forr\u00f3 de raiz do Trio \u00c9lisson Moura, no s\u00e1bado e no domingo.<\/p>\n<h2 id=\"h-festival-de-lencois-2026\" class=\"wp-block-heading\">FESTIVAL DE LEN\u00c7\u00d3IS 2026<\/h2>\n<p class=\"wp-block-paragraph\">04 a 06 de setembro | Len\u00e7\u00f3is \u2013 Chapada Diamantina \u2013 Bahia (Entrada gratuita)<\/p>\n<h2 id=\"h-programacao\" class=\"wp-block-heading\"><strong>PROGRAMA\u00c7\u00c3O<\/strong><\/h2>\n<h3 id=\"h-palco-lencois\" class=\"wp-block-heading\"><strong>Palco Len\u00e7\u00f3is<\/strong><\/h3>\n<p class=\"wp-block-paragraph\"><strong>Dia 04\/09 (sexta-feira)<br \/><\/strong>19h: H\u00e9lio Bahia<br \/>19h30: Fam\u00edlia Gr\u00e3os de Luz e Gri\u00f4<br \/>21h: Abrindo os Caminhos com Samba de Roda das Baianas de Len\u00e7\u00f3is, Percuhitts, Reisado da Viola<br \/>22h30: Banjo Novo<\/p>\n<p class=\"wp-block-paragraph\"><strong>Dia 05\/09 (s\u00e1bado)<br \/><\/strong>19h30: Andr\u00e9 Fonseca e Jamile Santos<br \/>21h: Rachel Reis<br \/>23h: Michel Tel\u00f3<\/p>\n<p class=\"wp-block-paragraph\"><strong>Dia 06\/09 (domingo)<br \/><\/strong>19h30: Phylarm\u00f4nica Lyra Popular de Len\u00e7\u00f3is<br \/>20h30: Larissa Luz<br \/>22h: Cidade Negra<\/p>\n<h3 id=\"h-mercado-cultural\" class=\"wp-block-heading\">Mercado Cultural<\/h3>\n<p class=\"wp-block-paragraph\"><strong>Dia 04\/09 (sexta-feira)<br \/><\/strong>14h\/22h: Feira do Artesanato da Bahia<br \/>17h: Palestra \u2013 Meio Ambiente e Patrim\u00f4nio com o Mestre em ci\u00eancias ambientais Delmar Ara\u00fajo, o superintendente do IPHAN na Bahia, Hermano Queiroz e media\u00e7\u00e3o do jornalista James Martins<\/p>\n<p class=\"wp-block-paragraph\"><strong>Dia 05\/09 (s\u00e1bado)<br \/><\/strong>14h\/22h: Feira do Artesanato da Bahia<br \/>15h: Teatro infantil com o Grupo Meteoritos<br \/>16h: Performance Auto Boi Diamante<br \/>16h30: Marujada Quilombola do Remanso e Marujada Barcas em Rios<br \/>17h: Palestra \u2013 Jar\u00ea Encantado, ancestralidade e Patrim\u00f4nio Cultural<\/p>\n<p class=\"wp-block-paragraph\"><strong>Dia 06\/09 (domingo)<br \/><\/strong>14h\/22h: Feira do Artesanato da Bahia<br \/>16h: Capoeira Corda Bamba<br \/>17h: Palestra com Alexandre Coimbra. Tema: A import\u00e2ncia de desacelerar a vida e conviver com a Natureza<\/p>\n<p class=\"wp-block-paragraph\"><strong>Coreto<br \/><\/strong>Dia 05\/09 (s\u00e1bado) e 06\/07 (domingo)<br \/>18h: Trio de Forr\u00f3 com \u00c9lisson Moura<\/p>\n<p class=\"wp-block-paragraph\"><em>Siga o Acorda Cidade no\u00a0<\/em><a href=\"https:\/\/news.google.com\/search?q=acorda%20cidade&amp;hl=pt-BR&amp;gl=BR&amp;ceid=BR%3Apt-419\"><strong><em>Google Not\u00edcias<\/em><\/strong><\/a><em>\u00a0e receba os principais destaques do dia. Participe tamb\u00e9m dos nossos canais no\u00a0<\/em><a href=\"https:\/\/www.whatsapp.com\/channel\/0029Va6Rb4v3WHTNnsh8WI3N\"><strong><em>WhatsApp<\/em><\/strong><\/a><em>\u00a0e\u00a0<\/em><a href=\"https:\/\/www.youtube.com\/@acordacidadenoticias\/videos\"><strong>YouTube<\/strong><\/a><em>\u00a0e grupo de\u00a0<\/em><a href=\"https:\/\/t.me\/+sSz0khrgARA0ZmRh\"><strong><em>Telegram<\/em><\/strong><\/a><em>.<\/em><\/p>\n<\/div>\n","protected":false},"excerpt":{"rendered":"<p>Foto: Divulga\u00e7\u00e3o Come\u00e7a nesta sexta-feira (4) e segue at\u00e9 domingo (6), o Festival de Len\u00e7\u00f3is<\/p>\n","protected":false},"author":1,"featured_media":148696,"comment_status":"closed","ping_status":"closed","sticky":false,"template":"","format":"gallery","meta":{"footnotes":""},"categories":[8,9,6,57,56,10],"tags":[],"class_list":["post-148695","post","type-post","status-publish","format-gallery","has-post-thumbnail","hentry","category-bahia","category-brasil","category-feira-de-santana","category-mundo","category-policia","category-politica","post_format-post-format-gallery"],"featured_image_urls":{"full":["https:\/\/noticiasbahia360.com.br\/wp-content\/uploads\/2026\/09\/Atracoes-Festival-de-Lencois.jpg",1200,687,false],"thumbnail":["https:\/\/noticiasbahia360.com.br\/wp-content\/uploads\/2026\/09\/Atracoes-Festival-de-Lencois-150x150.jpg",150,150,true],"medium":["https:\/\/noticiasbahia360.com.br\/wp-content\/uploads\/2026\/09\/Atracoes-Festival-de-Lencois-300x172.jpg",300,172,true],"medium_large":["https:\/\/noticiasbahia360.com.br\/wp-content\/uploads\/2026\/09\/Atracoes-Festival-de-Lencois-768x440.jpg",640,367,true],"large":["https:\/\/noticiasbahia360.com.br\/wp-content\/uploads\/2026\/09\/Atracoes-Festival-de-Lencois-1024x586.jpg",640,366,true],"1536x1536":["https:\/\/noticiasbahia360.com.br\/wp-content\/uploads\/2026\/09\/Atracoes-Festival-de-Lencois.jpg",1200,687,false],"2048x2048":["https:\/\/noticiasbahia360.com.br\/wp-content\/uploads\/2026\/09\/Atracoes-Festival-de-Lencois.jpg",1200,687,false],"chromenews-featured":["https:\/\/noticiasbahia360.com.br\/wp-content\/uploads\/2026\/09\/Atracoes-Festival-de-Lencois-1024x586.jpg",1024,586,true],"chromenews-large":["https:\/\/noticiasbahia360.com.br\/wp-content\/uploads\/2026\/09\/Atracoes-Festival-de-Lencois-825x575.jpg",825,575,true],"chromenews-medium":["https:\/\/noticiasbahia360.com.br\/wp-content\/uploads\/2026\/09\/Atracoes-Festival-de-Lencois-590x410.jpg",590,410,true]},"author_info":{"display_name":"noticiasbahia360.com.br","author_link":"https:\/\/noticiasbahia360.com.br\/?author=1"},"category_info":"<a href=\"https:\/\/noticiasbahia360.com.br\/?cat=8\" rel=\"category\">Bahia<\/a> <a href=\"https:\/\/noticiasbahia360.com.br\/?cat=9\" rel=\"category\">Brasil<\/a> <a href=\"https:\/\/noticiasbahia360.com.br\/?cat=6\" rel=\"category\">Feira de Santana<\/a> <a href=\"https:\/\/noticiasbahia360.com.br\/?cat=57\" rel=\"category\">Mundo<\/a> <a href=\"https:\/\/noticiasbahia360.com.br\/?cat=56\" rel=\"category\">Pol\u00edcia<\/a> <a href=\"https:\/\/noticiasbahia360.com.br\/?cat=10\" rel=\"category\">Pol\u00edtica<\/a>","tag_info":"Pol\u00edtica","comment_count":"0","_links":{"self":[{"href":"https:\/\/noticiasbahia360.com.br\/index.php?rest_route=\/wp\/v2\/posts\/148695","targetHints":{"allow":["GET"]}}],"collection":[{"href":"https:\/\/noticiasbahia360.com.br\/index.php?rest_route=\/wp\/v2\/posts"}],"about":[{"href":"https:\/\/noticiasbahia360.com.br\/index.php?rest_route=\/wp\/v2\/types\/post"}],"author":[{"embeddable":true,"href":"https:\/\/noticiasbahia360.com.br\/index.php?rest_route=\/wp\/v2\/users\/1"}],"replies":[{"embeddable":true,"href":"https:\/\/noticiasbahia360.com.br\/index.php?rest_route=%2Fwp%2Fv2%2Fcomments&post=148695"}],"version-history":[{"count":0,"href":"https:\/\/noticiasbahia360.com.br\/index.php?rest_route=\/wp\/v2\/posts\/148695\/revisions"}],"wp:featuredmedia":[{"embeddable":true,"href":"https:\/\/noticiasbahia360.com.br\/index.php?rest_route=\/wp\/v2\/media\/148696"}],"wp:attachment":[{"href":"https:\/\/noticiasbahia360.com.br\/index.php?rest_route=%2Fwp%2Fv2%2Fmedia&parent=148695"}],"wp:term":[{"taxonomy":"category","embeddable":true,"href":"https:\/\/noticiasbahia360.com.br\/index.php?rest_route=%2Fwp%2Fv2%2Fcategories&post=148695"},{"taxonomy":"post_tag","embeddable":true,"href":"https:\/\/noticiasbahia360.com.br\/index.php?rest_route=%2Fwp%2Fv2%2Ftags&post=148695"}],"curies":[{"name":"wp","href":"https:\/\/api.w.org\/{rel}","templated":true}]}}