{"id":148699,"date":"2026-09-03T13:02:35","date_gmt":"2026-09-03T16:02:35","guid":{"rendered":"https:\/\/noticiasbahia360.com.br\/?p=148699"},"modified":"2026-09-03T13:02:35","modified_gmt":"2026-09-03T16:02:35","slug":"apos-11-dias-internado-no-hgca-cantor-que-perdeu-as-duas-pernas-recebe-alta-hospitalar","status":"publish","type":"post","link":"https:\/\/noticiasbahia360.com.br\/?p=148699","title":{"rendered":"Ap\u00f3s 11 dias internado no HGCA, cantor que perdeu as duas pernas recebe alta hospitalar"},"content":{"rendered":"<div>\n<div>\n<figure><img decoding=\"async\" src=\"http:\/\/noticiasbahia360.com.br\/wp-content\/uploads\/2026\/09\/Apos-11-dias-internado-no-HGCA-cantor-que-perdeu-as-duas-pernas-recebe-alta-hospitalar-Foto-Reproducao-TV-Subae-1.jpg\" alt=\"Ap\u00f3s 11 dias internado no HGCA, cantor que perdeu as duas pernas recebe alta hospitalar\"><figcaption>Foto: Reprodu\u00e7\u00e3o\/TV Suba\u00e9<\/figcaption><\/figure>\n<\/div>\n<p class=\"wp-block-paragraph\">O cantor Robert Astro, que perdeu as duas pernas ap\u00f3s ser prensado em dois ve\u00edculos, recebeu alta hospitalar na quarta-feira (2). Ele passou 11 dias internado no Hospital Geral Cl\u00e9riston Andrade (HGCA), em Feira de Santana. <\/p>\n<p class=\"wp-block-paragraph\">Segundo informa\u00e7\u00f5es do g1, familiares e amigos do cantor, que tamb\u00e9m \u00e9 conhecido como \u2018O Moreninho\u2019, realizaram uma recep\u00e7\u00e3o para o cantor na sa\u00edda do hospital, comemorando a recupera\u00e7\u00e3o do artista. Robert Astro deixou o HGCA em uma cadeira de rodas. <\/p>\n<p class=\"wp-block-paragraph\">O <a href=\"https:\/\/www.acordacidade.com.br\/bahia\/cantor-de-arrocha-que-teve-duas-pernas-amputadas-apos-acidente-tem-musica-como-unica-fonte-de-renda\/#goog_rewarded\">acidente aconteceu no dia 23 de agosto<\/a>, em Serrinha. Ele foi internado e ficou cinco dias na Unidade de Tratamento Intensivo (UTI). Em seguida, Robert Astro, de 25 anos, foi transferido para a enfermaria na \u00faltima sexta-feira (28). <\/p>\n<p class=\"wp-block-paragraph\">O motorista da caminhonete, de 39 anos, respons\u00e1vel pela colis\u00e3o, foi encaminhado \u00e0 delegacia com sinais de embriaguez. Ele foi preso em flagrante por les\u00e3o corporal culposa e condu\u00e7\u00e3o de ve\u00edculo com a capacidade psicomotora alterada.<\/p>\n<p class=\"wp-block-paragraph\"><strong>Leia tamb\u00e9m: <\/strong><a href=\"https:\/\/www.acordacidade.com.br\/bahia\/cantor-de-arrocha-que-teve-duas-pernas-amputadas-apos-acidente-tem-musica-como-unica-fonte-de-renda\/#goog_rewarded\">Cantor de arrocha que teve duas pernas amputadas ap\u00f3s acidente tem m\u00fasica como \u00fanica fonte de renda<\/a><\/p>\n<p class=\"wp-block-paragraph\"><em>Siga o Acorda Cidade no\u00a0<\/em><a href=\"https:\/\/news.google.com\/search?q=acorda%20cidade&amp;hl=pt-BR&amp;gl=BR&amp;ceid=BR%3Apt-419\"><strong><em>Google Not\u00edcias<\/em><\/strong><\/a><em>\u00a0e receba os principais destaques do dia. Participe tamb\u00e9m dos nossos canais no\u00a0<\/em><a href=\"https:\/\/www.whatsapp.com\/channel\/0029Va6Rb4v3WHTNnsh8WI3N\"><strong><em>WhatsApp<\/em><\/strong><\/a><em>\u00a0e\u00a0<\/em><a href=\"https:\/\/www.youtube.com\/@acordacidadenoticias\/videos\"><strong>YouTube<\/strong><\/a><em>\u00a0e do grupo no\u00a0<\/em><a href=\"https:\/\/t.me\/+sSz0khrgARA0ZmRh\"><strong><em>Telegram<\/em><\/strong><\/a><em>.<\/em><\/p>\n<\/div>\n","protected":false},"excerpt":{"rendered":"<p>Foto: Reprodu\u00e7\u00e3o\/TV Suba\u00e9 O cantor Robert Astro, que perdeu as duas pernas ap\u00f3s ser prensado<\/p>\n","protected":false},"author":1,"featured_media":148700,"comment_status":"closed","ping_status":"closed","sticky":false,"template":"","format":"gallery","meta":{"footnotes":""},"categories":[8,9,6,57,56,10],"tags":[],"class_list":["post-148699","post","type-post","status-publish","format-gallery","has-post-thumbnail","hentry","category-bahia","category-brasil","category-feira-de-santana","category-mundo","category-policia","category-politica","post_format-post-format-gallery"],"featured_image_urls":{"full":["https:\/\/noticiasbahia360.com.br\/wp-content\/uploads\/2026\/09\/Apos-11-dias-internado-no-HGCA-cantor-que-perdeu-as-duas-pernas-recebe-alta-hospitalar-Foto-Reproducao-TV-Subae-1.jpg",1071,547,false],"thumbnail":["https:\/\/noticiasbahia360.com.br\/wp-content\/uploads\/2026\/09\/Apos-11-dias-internado-no-HGCA-cantor-que-perdeu-as-duas-pernas-recebe-alta-hospitalar-Foto-Reproducao-TV-Subae-1-150x150.jpg",150,150,true],"medium":["https:\/\/noticiasbahia360.com.br\/wp-content\/uploads\/2026\/09\/Apos-11-dias-internado-no-HGCA-cantor-que-perdeu-as-duas-pernas-recebe-alta-hospitalar-Foto-Reproducao-TV-Subae-1-300x153.jpg",300,153,true],"medium_large":["https:\/\/noticiasbahia360.com.br\/wp-content\/uploads\/2026\/09\/Apos-11-dias-internado-no-HGCA-cantor-que-perdeu-as-duas-pernas-recebe-alta-hospitalar-Foto-Reproducao-TV-Subae-1-768x392.jpg",640,327,true],"large":["https:\/\/noticiasbahia360.com.br\/wp-content\/uploads\/2026\/09\/Apos-11-dias-internado-no-HGCA-cantor-que-perdeu-as-duas-pernas-recebe-alta-hospitalar-Foto-Reproducao-TV-Subae-1-1024x523.jpg",640,327,true],"1536x1536":["https:\/\/noticiasbahia360.com.br\/wp-content\/uploads\/2026\/09\/Apos-11-dias-internado-no-HGCA-cantor-que-perdeu-as-duas-pernas-recebe-alta-hospitalar-Foto-Reproducao-TV-Subae-1.jpg",1071,547,false],"2048x2048":["https:\/\/noticiasbahia360.com.br\/wp-content\/uploads\/2026\/09\/Apos-11-dias-internado-no-HGCA-cantor-que-perdeu-as-duas-pernas-recebe-alta-hospitalar-Foto-Reproducao-TV-Subae-1.jpg",1071,547,false],"chromenews-featured":["https:\/\/noticiasbahia360.com.br\/wp-content\/uploads\/2026\/09\/Apos-11-dias-internado-no-HGCA-cantor-que-perdeu-as-duas-pernas-recebe-alta-hospitalar-Foto-Reproducao-TV-Subae-1-1024x523.jpg",1024,523,true],"chromenews-large":["https:\/\/noticiasbahia360.com.br\/wp-content\/uploads\/2026\/09\/Apos-11-dias-internado-no-HGCA-cantor-que-perdeu-as-duas-pernas-recebe-alta-hospitalar-Foto-Reproducao-TV-Subae-1-825x547.jpg",825,547,true],"chromenews-medium":["https:\/\/noticiasbahia360.com.br\/wp-content\/uploads\/2026\/09\/Apos-11-dias-internado-no-HGCA-cantor-que-perdeu-as-duas-pernas-recebe-alta-hospitalar-Foto-Reproducao-TV-Subae-1-590x410.jpg",590,410,true]},"author_info":{"display_name":"noticiasbahia360.com.br","author_link":"https:\/\/noticiasbahia360.com.br\/?author=1"},"category_info":"<a href=\"https:\/\/noticiasbahia360.com.br\/?cat=8\" rel=\"category\">Bahia<\/a> <a href=\"https:\/\/noticiasbahia360.com.br\/?cat=9\" rel=\"category\">Brasil<\/a> <a href=\"https:\/\/noticiasbahia360.com.br\/?cat=6\" rel=\"category\">Feira de Santana<\/a> <a href=\"https:\/\/noticiasbahia360.com.br\/?cat=57\" rel=\"category\">Mundo<\/a> <a href=\"https:\/\/noticiasbahia360.com.br\/?cat=56\" rel=\"category\">Pol\u00edcia<\/a> <a href=\"https:\/\/noticiasbahia360.com.br\/?cat=10\" rel=\"category\">Pol\u00edtica<\/a>","tag_info":"Pol\u00edtica","comment_count":"0","_links":{"self":[{"href":"https:\/\/noticiasbahia360.com.br\/index.php?rest_route=\/wp\/v2\/posts\/148699","targetHints":{"allow":["GET"]}}],"collection":[{"href":"https:\/\/noticiasbahia360.com.br\/index.php?rest_route=\/wp\/v2\/posts"}],"about":[{"href":"https:\/\/noticiasbahia360.com.br\/index.php?rest_route=\/wp\/v2\/types\/post"}],"author":[{"embeddable":true,"href":"https:\/\/noticiasbahia360.com.br\/index.php?rest_route=\/wp\/v2\/users\/1"}],"replies":[{"embeddable":true,"href":"https:\/\/noticiasbahia360.com.br\/index.php?rest_route=%2Fwp%2Fv2%2Fcomments&post=148699"}],"version-history":[{"count":0,"href":"https:\/\/noticiasbahia360.com.br\/index.php?rest_route=\/wp\/v2\/posts\/148699\/revisions"}],"wp:featuredmedia":[{"embeddable":true,"href":"https:\/\/noticiasbahia360.com.br\/index.php?rest_route=\/wp\/v2\/media\/148700"}],"wp:attachment":[{"href":"https:\/\/noticiasbahia360.com.br\/index.php?rest_route=%2Fwp%2Fv2%2Fmedia&parent=148699"}],"wp:term":[{"taxonomy":"category","embeddable":true,"href":"https:\/\/noticiasbahia360.com.br\/index.php?rest_route=%2Fwp%2Fv2%2Fcategories&post=148699"},{"taxonomy":"post_tag","embeddable":true,"href":"https:\/\/noticiasbahia360.com.br\/index.php?rest_route=%2Fwp%2Fv2%2Ftags&post=148699"}],"curies":[{"name":"wp","href":"https:\/\/api.w.org\/{rel}","templated":true}]}}