{"id":148701,"date":"2026-09-03T13:02:36","date_gmt":"2026-09-03T16:02:36","guid":{"rendered":"https:\/\/noticiasbahia360.com.br\/?p=148701"},"modified":"2026-09-03T13:02:36","modified_gmt":"2026-09-03T16:02:36","slug":"em-depoimento-ao-stf-vorcaro-mira-nucleo-do-governo-e-omite-financiamento-do-filme-de-bolsonaro","status":"publish","type":"post","link":"https:\/\/noticiasbahia360.com.br\/?p=148701","title":{"rendered":"Em depoimento ao STF, Vorcaro mira \u201cn\u00facleo do governo\u201d e omite financiamento do filme de Bolsonaro"},"content":{"rendered":"<div>\n<div>\n<figure><img decoding=\"async\" src=\"http:\/\/noticiasbahia360.com.br\/wp-content\/uploads\/2026\/09\/Daniel-Vorcaro-banqueiro-preso-PF-foto-reproducao-.jpg\" alt=\"Daniel Vorcaro\"><figcaption>Daniel Vorcaro | Foto: Reprodu\u00e7\u00e3o <\/figcaption><\/figure>\n<\/div>\n<p class=\"wp-block-paragraph\">Em oitiva concedida a um juiz auxiliar no gabinete do ministro Andr\u00e9 Mendon\u00e7a, no Supremo Tribunal Federal (STF), o ex-banqueiro Daniel Vorcaro declarou que sua proposta de dela\u00e7\u00e3o premiada mirava unicamente integrantes do \u201cn\u00facleo do atual governo\u201d. De acordo com informa\u00e7\u00f5es divulgadas nesta quinta-feira (3) o empres\u00e1rio omitiu do relato men\u00e7\u00f5es a outras autoridades pol\u00edticas ou ao seu eventual envolvimento no custeio de \u201cDark Horse\u201d, filme sobre a trajet\u00f3ria do ex-presidente Jair Bolsonaro (PL).<\/p>\n<p class=\"wp-block-paragraph\">Como o Acorda Cidade j\u00e1 mostrou, em maio desde ano foi divulgado um \u00e1udio que revela o agradecimento do <a href=\"https:\/\/www.acordacidade.com.br\/dilton-e-feito\/audio-revela-agradecimento-de-mario-frias-a-vorcaro-por-apoio-a-filme-sobre-bolsonaro\/\" data-type=\"link\" data-id=\"https:\/\/www.acordacidade.com.br\/dilton-e-feito\/audio-revela-agradecimento-de-mario-frias-a-vorcaro-por-apoio-a-filme-sobre-bolsonaro\/\">deputado M\u00e1rio Frias (PL), ao ex-banqueiro pelo apoio ao filme \u201cDark Horse\u201d<\/a>. Na \u00e9poca, a mensagem foi revelada pelo Intercept.<\/p>\n<p class=\"wp-block-paragraph\">Preso em Bras\u00edlia sob a acusa\u00e7\u00e3o de liderar um esquema financeiro fraudulento, o antigo propriet\u00e1rio do Banco Master \u00e9 investigado pela Pol\u00edcia Federal por desvios expressivos. As estimativas da corpora\u00e7\u00e3o apontam preju\u00edzos de pelo menos R$ 12 bilh\u00f5es no BRB, mais de R$ 40 bilh\u00f5es no Fundo Garantidor de Cr\u00e9ditos (FGC), al\u00e9m de cifras milion\u00e1rias em regimes de previd\u00eancia estaduais e municipais.<\/p>\n<p class=\"wp-block-paragraph\">Durante o depoimento, divulgado pelo jornal O Estado de S. Paulo e pelo portal g1, Vorcaro justificou a busca por uma colabora\u00e7\u00e3o premiada como uma tentativa de defesa.<\/p>\n<p class=\"wp-block-paragraph\">\u201cToda a minha colabora\u00e7\u00e3o, ela, no que tange a pessoas, s\u00e3o pessoas do n\u00facleo do atual governo, que eu acabei fazendo rela\u00e7\u00e3o para me proteger dos ataques que eu estava sofrendo. E a\u00ed, nesses momentos, teve uns casos que foram cruzadas linhas de moralidade, linhas de ilicitude, que esses eu pretendia relatar.\u201d<\/p>\n<p class=\"wp-block-paragraph\">O gabinete do relator no STF informou que a audi\u00e7\u00e3o atendeu a uma solicita\u00e7\u00e3o urgente do pr\u00f3prio investigado. Segundo seus advogados, ele estaria sob fortes intimida\u00e7\u00f5es, o que motivou a realiza\u00e7\u00e3o do ato processual conduzi-lo por um magistrado auxiliar.<\/p>\n<p class=\"wp-block-paragraph\">Apesar das alega\u00e7\u00f5es, Vorcaro afirmou ter recuado da dela\u00e7\u00e3o por medo de retalia\u00e7\u00f5es vindas do que definiu como \u201cpessoas do poder\u201d, que atuariam para mant\u00ea-lo preso. O ex-banqueiro apresentou avalia\u00e7\u00f5es pessoais sobre os fatos e at\u00e9 mesmo sobre sua pris\u00e3o preventiva, sem correla\u00e7\u00e3o formal com o andamento legal da a\u00e7\u00e3o.<\/p>\n<p class=\"wp-block-paragraph\">Diante do conte\u00fado apresentado, a Procuradoria-Geral da Rep\u00fablica (PGR) manifestou-se na quarta-feira (2) pelo arquivamento das declara\u00e7\u00f5es. A institui\u00e7\u00e3o destacou a total aus\u00eancia de provas ou ind\u00edcios concretos nas acusa\u00e7\u00f5es do empres\u00e1rio:<\/p>\n<p class=\"wp-block-paragraph\">\u201c[\u2026] constata-se que o declarante n\u00e3o noticiou fato concreto ou juridicamente delimitado capaz de impulsionar provid\u00eancias investigativas pr\u00f3prias, tampouco conferiu o m\u00ednimo elemento de verossimilhan\u00e7a \u00e0s assertivas ali formuladas\u201d, informou a PGR.<\/p>\n<p class=\"wp-block-paragraph\"><strong>Leia tamb\u00e9m: <a href=\"https:\/\/www.acordacidade.com.br\/dilton-e-feito\/audio-revela-agradecimento-de-mario-frias-a-vorcaro-por-apoio-a-filme-sobre-bolsonaro\/\" data-type=\"link\" data-id=\"https:\/\/www.acordacidade.com.br\/dilton-e-feito\/audio-revela-agradecimento-de-mario-frias-a-vorcaro-por-apoio-a-filme-sobre-bolsonaro\/\">\u00c1udio revela agradecimento de M\u00e1rio Frias a Vorcaro por apoio a filme sobre Bolsonaro<\/a><\/strong><\/p>\n<p class=\"wp-block-paragraph\"><em>Siga o Acorda Cidade no\u00a0<\/em><a href=\"https:\/\/news.google.com\/search?q=acorda%20cidade&amp;hl=pt-BR&amp;gl=BR&amp;ceid=BR%3Apt-419\"><strong><em>Google Not\u00edcias<\/em><\/strong><\/a><em>\u00a0e receba os principais destaques do dia. Participe tamb\u00e9m dos nossos canais no\u00a0<\/em><a href=\"https:\/\/whatsapp.com\/channel\/0029Va6Rb4v3WHTNnsh8WI3N\"><strong><em>WhatsApp<\/em><\/strong><\/a><em>\u00a0e\u00a0<\/em><a href=\"https:\/\/www.youtube.com\/@acordacidadenoticias\/videos\"><strong>YouTube<\/strong><\/a><em>\u00a0e do grupo no\u00a0<\/em><a href=\"https:\/\/t.me\/+sSz0khrgARA0ZmRh\"><strong><em>Telegram<\/em><\/strong><\/a><em>.<\/em><\/p>\n<\/div>\n","protected":false},"excerpt":{"rendered":"<p>Daniel Vorcaro | Foto: Reprodu\u00e7\u00e3o Em oitiva concedida a um juiz auxiliar no gabinete do<\/p>\n","protected":false},"author":1,"featured_media":148702,"comment_status":"closed","ping_status":"closed","sticky":false,"template":"","format":"gallery","meta":{"footnotes":""},"categories":[8,9,6,57,56,10],"tags":[],"class_list":["post-148701","post","type-post","status-publish","format-gallery","has-post-thumbnail","hentry","category-bahia","category-brasil","category-feira-de-santana","category-mundo","category-policia","category-politica","post_format-post-format-gallery"],"featured_image_urls":{"full":["https:\/\/noticiasbahia360.com.br\/wp-content\/uploads\/2026\/09\/Daniel-Vorcaro-banqueiro-preso-PF-foto-reproducao-.jpg",1200,675,false],"thumbnail":["https:\/\/noticiasbahia360.com.br\/wp-content\/uploads\/2026\/09\/Daniel-Vorcaro-banqueiro-preso-PF-foto-reproducao--150x150.jpg",150,150,true],"medium":["https:\/\/noticiasbahia360.com.br\/wp-content\/uploads\/2026\/09\/Daniel-Vorcaro-banqueiro-preso-PF-foto-reproducao--300x169.jpg",300,169,true],"medium_large":["https:\/\/noticiasbahia360.com.br\/wp-content\/uploads\/2026\/09\/Daniel-Vorcaro-banqueiro-preso-PF-foto-reproducao--768x432.jpg",640,360,true],"large":["https:\/\/noticiasbahia360.com.br\/wp-content\/uploads\/2026\/09\/Daniel-Vorcaro-banqueiro-preso-PF-foto-reproducao--1024x576.jpg",640,360,true],"1536x1536":["https:\/\/noticiasbahia360.com.br\/wp-content\/uploads\/2026\/09\/Daniel-Vorcaro-banqueiro-preso-PF-foto-reproducao-.jpg",1200,675,false],"2048x2048":["https:\/\/noticiasbahia360.com.br\/wp-content\/uploads\/2026\/09\/Daniel-Vorcaro-banqueiro-preso-PF-foto-reproducao-.jpg",1200,675,false],"chromenews-featured":["https:\/\/noticiasbahia360.com.br\/wp-content\/uploads\/2026\/09\/Daniel-Vorcaro-banqueiro-preso-PF-foto-reproducao--1024x576.jpg",1024,576,true],"chromenews-large":["https:\/\/noticiasbahia360.com.br\/wp-content\/uploads\/2026\/09\/Daniel-Vorcaro-banqueiro-preso-PF-foto-reproducao--825x575.jpg",825,575,true],"chromenews-medium":["https:\/\/noticiasbahia360.com.br\/wp-content\/uploads\/2026\/09\/Daniel-Vorcaro-banqueiro-preso-PF-foto-reproducao--590x410.jpg",590,410,true]},"author_info":{"display_name":"noticiasbahia360.com.br","author_link":"https:\/\/noticiasbahia360.com.br\/?author=1"},"category_info":"<a href=\"https:\/\/noticiasbahia360.com.br\/?cat=8\" rel=\"category\">Bahia<\/a> <a href=\"https:\/\/noticiasbahia360.com.br\/?cat=9\" rel=\"category\">Brasil<\/a> <a href=\"https:\/\/noticiasbahia360.com.br\/?cat=6\" rel=\"category\">Feira de Santana<\/a> <a href=\"https:\/\/noticiasbahia360.com.br\/?cat=57\" rel=\"category\">Mundo<\/a> <a href=\"https:\/\/noticiasbahia360.com.br\/?cat=56\" rel=\"category\">Pol\u00edcia<\/a> <a href=\"https:\/\/noticiasbahia360.com.br\/?cat=10\" rel=\"category\">Pol\u00edtica<\/a>","tag_info":"Pol\u00edtica","comment_count":"0","_links":{"self":[{"href":"https:\/\/noticiasbahia360.com.br\/index.php?rest_route=\/wp\/v2\/posts\/148701","targetHints":{"allow":["GET"]}}],"collection":[{"href":"https:\/\/noticiasbahia360.com.br\/index.php?rest_route=\/wp\/v2\/posts"}],"about":[{"href":"https:\/\/noticiasbahia360.com.br\/index.php?rest_route=\/wp\/v2\/types\/post"}],"author":[{"embeddable":true,"href":"https:\/\/noticiasbahia360.com.br\/index.php?rest_route=\/wp\/v2\/users\/1"}],"replies":[{"embeddable":true,"href":"https:\/\/noticiasbahia360.com.br\/index.php?rest_route=%2Fwp%2Fv2%2Fcomments&post=148701"}],"version-history":[{"count":0,"href":"https:\/\/noticiasbahia360.com.br\/index.php?rest_route=\/wp\/v2\/posts\/148701\/revisions"}],"wp:featuredmedia":[{"embeddable":true,"href":"https:\/\/noticiasbahia360.com.br\/index.php?rest_route=\/wp\/v2\/media\/148702"}],"wp:attachment":[{"href":"https:\/\/noticiasbahia360.com.br\/index.php?rest_route=%2Fwp%2Fv2%2Fmedia&parent=148701"}],"wp:term":[{"taxonomy":"category","embeddable":true,"href":"https:\/\/noticiasbahia360.com.br\/index.php?rest_route=%2Fwp%2Fv2%2Fcategories&post=148701"},{"taxonomy":"post_tag","embeddable":true,"href":"https:\/\/noticiasbahia360.com.br\/index.php?rest_route=%2Fwp%2Fv2%2Ftags&post=148701"}],"curies":[{"name":"wp","href":"https:\/\/api.w.org\/{rel}","templated":true}]}}