{"id":148703,"date":"2026-09-03T13:02:37","date_gmt":"2026-09-03T16:02:37","guid":{"rendered":"https:\/\/noticiasbahia360.com.br\/?p=148703"},"modified":"2026-09-03T13:02:37","modified_gmt":"2026-09-03T16:02:37","slug":"tre-ba-suspende-propaganda-eleitoral-que-usou-tempo-de-deputado-para-promover-chapa-majoritaria","status":"publish","type":"post","link":"https:\/\/noticiasbahia360.com.br\/?p=148703","title":{"rendered":"TRE-BA suspende propaganda eleitoral que usou tempo de deputado para promover chapa majorit\u00e1ria"},"content":{"rendered":"<div>\n<div>\n<figure><img decoding=\"async\" src=\"http:\/\/noticiasbahia360.com.br\/wp-content\/uploads\/2026\/09\/ACM-Neto-em-campanha-Foto-Divulgacao.jpg\" alt=\"ACM Neto em campanha\"><figcaption>Foto: Divulga\u00e7\u00e3o<\/figcaption><\/figure>\n<\/div>\n<p class=\"wp-block-paragraph\">O Tribunal Regional Eleitoral da Bahia (TRE-BA) determinou a suspens\u00e3o imediata de propagandas eleitorais veiculadas no \u00faltimo domingo (30) que, conforme a decis\u00e3o liminar, utilizaram o hor\u00e1rio destinado a candidatos a deputado para promover nomes da disputa majorit\u00e1ria.<\/p>\n<p class=\"wp-block-paragraph\">A decis\u00e3o, assinada pelo juiz Mh\u00e9rcio Cerqueira Monteiro e divulgada pelo <a href=\"https:\/\/www.bahianoticias.com.br\/justica\/noticia\/75286-justica-eleitoral-suspende-propaganda-de-aliados-de-neto-por-uso-indevido-de-espaco-de-deputados\" target=\"_blank\" rel=\"noreferrer noopener\">Bahia Not\u00edcias<\/a>, parceiro do Acorda Cidade, foi motivada por uma den\u00fancia da coliga\u00e7\u00e3o \u201cMais Bahia, mais Brasil\u201d contra o grupo \u201cUnidos para Mudar a Bahia\u201d, acusando a chapa advers\u00e1ria de usar o hor\u00e1rio de candidatos a deputado para fazer propaganda majorit\u00e1ria.<\/p>\n<p class=\"wp-block-paragraph\">O processo contesta tr\u00eas inser\u00e7\u00f5es: uma \u00e9 voltada para a disputa de deputado federal, enquanto as outras duas s\u00e3o destinadas a deputado estadual. <\/p>\n<p class=\"wp-block-paragraph\">Segundo o levantamento t\u00e9cnico que foi apresentado a Justi\u00e7a, a imagem do candidato a governador ocupava at\u00e9 100% da \u00e1rea de refer\u00eancia da tela. As candidaturas ao Senado tamb\u00e9m apareciam com grande destaque.<\/p>\n<p class=\"wp-block-paragraph\">Al\u00e9m disso, a representa\u00e7\u00e3o apontou uma diferen\u00e7a no tamanho das fontes e a reprodu\u00e7\u00e3o de elementos visuais associados \u00e0 campanha majorit\u00e1ria, como vinheta, transi\u00e7\u00f5es e cores. Ainda de acordo com os autos, as imagens terminavam com a express\u00e3o \u201cVOTE TIME NETO\u201d.<\/p>\n<p class=\"wp-block-paragraph\">O relator considerou, na avalia\u00e7\u00e3o preliminar, que a propaganda eleitoral ultrapassou a possibilidade legal de apenas mencionar candidatos majorit\u00e1rios ou exibir suas imagens ao fundo. <\/p>\n<p class=\"wp-block-paragraph\">Para o juiz, houve utiliza\u00e7\u00e3o do tempo proporcional em benef\u00edcio das candidaturas ao governo e ao Senado.<\/p>\n<p class=\"wp-block-paragraph\">Por fim, a decis\u00e3o julgou que a exposi\u00e7\u00e3o poderia ser repetida em novas inser\u00e7\u00f5es e, com isso, afetando a igualdade de oportunidades entre os concorrentes durante o processo eleitoral.<\/p>\n<p class=\"wp-block-paragraph\">Ap\u00f3s a liminar, as propagandas foram retiradas do ar. As emissoras de TV que geram o hor\u00e1rio eleitoral gratuito na Bahia foram notificadas para evitar novas exibi\u00e7\u00f5es, sob pena de multa di\u00e1ria de R$ 2 mil em caso de descumprimento.<\/p>\n<p class=\"wp-block-paragraph\">Os representados ter\u00e3o dois dias para apresentar a defesa. O procurador regional eleitoral tamb\u00e9m foi intimado a se manifestar sobre o caso.<\/p>\n<p class=\"wp-block-paragraph\"><em>Siga o Acorda Cidade no\u00a0<\/em><a href=\"https:\/\/news.google.com\/search?q=acorda%20cidade&amp;hl=pt-BR&amp;gl=BR&amp;ceid=BR%3Apt-419\"><strong><em>Google Not\u00edcias<\/em><\/strong><\/a><em>\u00a0e receba os principais destaques do dia. Participe tamb\u00e9m dos nossos canais no\u00a0<\/em><a href=\"https:\/\/www.whatsapp.com\/channel\/0029Va6Rb4v3WHTNnsh8WI3N\"><strong><em>WhatsApp<\/em><\/strong><\/a><em>\u00a0e\u00a0<\/em><a href=\"https:\/\/www.youtube.com\/@acordacidadenoticias\/videos\"><strong>YouTube<\/strong><\/a><em>\u00a0e do grupo no\u00a0<\/em><a href=\"https:\/\/t.me\/+sSz0khrgARA0ZmRh\"><strong><em>Telegram<\/em><\/strong><\/a><em>.<\/em><\/p>\n<\/div>\n","protected":false},"excerpt":{"rendered":"<p>Foto: Divulga\u00e7\u00e3o O Tribunal Regional Eleitoral da Bahia (TRE-BA) determinou a suspens\u00e3o imediata de propagandas<\/p>\n","protected":false},"author":1,"featured_media":148704,"comment_status":"closed","ping_status":"closed","sticky":false,"template":"","format":"gallery","meta":{"footnotes":""},"categories":[8,9,6,57,56,10],"tags":[],"class_list":["post-148703","post","type-post","status-publish","format-gallery","has-post-thumbnail","hentry","category-bahia","category-brasil","category-feira-de-santana","category-mundo","category-policia","category-politica","post_format-post-format-gallery"],"featured_image_urls":{"full":["https:\/\/noticiasbahia360.com.br\/wp-content\/uploads\/2026\/09\/ACM-Neto-em-campanha-Foto-Divulgacao.jpg",1200,630,false],"thumbnail":["https:\/\/noticiasbahia360.com.br\/wp-content\/uploads\/2026\/09\/ACM-Neto-em-campanha-Foto-Divulgacao-150x150.jpg",150,150,true],"medium":["https:\/\/noticiasbahia360.com.br\/wp-content\/uploads\/2026\/09\/ACM-Neto-em-campanha-Foto-Divulgacao-300x158.jpg",300,158,true],"medium_large":["https:\/\/noticiasbahia360.com.br\/wp-content\/uploads\/2026\/09\/ACM-Neto-em-campanha-Foto-Divulgacao-768x403.jpg",640,336,true],"large":["https:\/\/noticiasbahia360.com.br\/wp-content\/uploads\/2026\/09\/ACM-Neto-em-campanha-Foto-Divulgacao-1024x538.jpg",640,336,true],"1536x1536":["https:\/\/noticiasbahia360.com.br\/wp-content\/uploads\/2026\/09\/ACM-Neto-em-campanha-Foto-Divulgacao.jpg",1200,630,false],"2048x2048":["https:\/\/noticiasbahia360.com.br\/wp-content\/uploads\/2026\/09\/ACM-Neto-em-campanha-Foto-Divulgacao.jpg",1200,630,false],"chromenews-featured":["https:\/\/noticiasbahia360.com.br\/wp-content\/uploads\/2026\/09\/ACM-Neto-em-campanha-Foto-Divulgacao-1024x538.jpg",1024,538,true],"chromenews-large":["https:\/\/noticiasbahia360.com.br\/wp-content\/uploads\/2026\/09\/ACM-Neto-em-campanha-Foto-Divulgacao-825x575.jpg",825,575,true],"chromenews-medium":["https:\/\/noticiasbahia360.com.br\/wp-content\/uploads\/2026\/09\/ACM-Neto-em-campanha-Foto-Divulgacao-590x410.jpg",590,410,true]},"author_info":{"display_name":"noticiasbahia360.com.br","author_link":"https:\/\/noticiasbahia360.com.br\/?author=1"},"category_info":"<a href=\"https:\/\/noticiasbahia360.com.br\/?cat=8\" rel=\"category\">Bahia<\/a> <a href=\"https:\/\/noticiasbahia360.com.br\/?cat=9\" rel=\"category\">Brasil<\/a> <a href=\"https:\/\/noticiasbahia360.com.br\/?cat=6\" rel=\"category\">Feira de Santana<\/a> <a href=\"https:\/\/noticiasbahia360.com.br\/?cat=57\" rel=\"category\">Mundo<\/a> <a href=\"https:\/\/noticiasbahia360.com.br\/?cat=56\" rel=\"category\">Pol\u00edcia<\/a> <a href=\"https:\/\/noticiasbahia360.com.br\/?cat=10\" rel=\"category\">Pol\u00edtica<\/a>","tag_info":"Pol\u00edtica","comment_count":"0","_links":{"self":[{"href":"https:\/\/noticiasbahia360.com.br\/index.php?rest_route=\/wp\/v2\/posts\/148703","targetHints":{"allow":["GET"]}}],"collection":[{"href":"https:\/\/noticiasbahia360.com.br\/index.php?rest_route=\/wp\/v2\/posts"}],"about":[{"href":"https:\/\/noticiasbahia360.com.br\/index.php?rest_route=\/wp\/v2\/types\/post"}],"author":[{"embeddable":true,"href":"https:\/\/noticiasbahia360.com.br\/index.php?rest_route=\/wp\/v2\/users\/1"}],"replies":[{"embeddable":true,"href":"https:\/\/noticiasbahia360.com.br\/index.php?rest_route=%2Fwp%2Fv2%2Fcomments&post=148703"}],"version-history":[{"count":0,"href":"https:\/\/noticiasbahia360.com.br\/index.php?rest_route=\/wp\/v2\/posts\/148703\/revisions"}],"wp:featuredmedia":[{"embeddable":true,"href":"https:\/\/noticiasbahia360.com.br\/index.php?rest_route=\/wp\/v2\/media\/148704"}],"wp:attachment":[{"href":"https:\/\/noticiasbahia360.com.br\/index.php?rest_route=%2Fwp%2Fv2%2Fmedia&parent=148703"}],"wp:term":[{"taxonomy":"category","embeddable":true,"href":"https:\/\/noticiasbahia360.com.br\/index.php?rest_route=%2Fwp%2Fv2%2Fcategories&post=148703"},{"taxonomy":"post_tag","embeddable":true,"href":"https:\/\/noticiasbahia360.com.br\/index.php?rest_route=%2Fwp%2Fv2%2Ftags&post=148703"}],"curies":[{"name":"wp","href":"https:\/\/api.w.org\/{rel}","templated":true}]}}